{"id":591878,"date":"2025-12-11T02:30:14","date_gmt":"2025-12-11T02:30:14","guid":{"rendered":"https:\/\/www.europesays.com\/fr\/591878\/"},"modified":"2025-12-11T02:30:14","modified_gmt":"2025-12-11T02:30:14","slug":"augustin-trapenard-malade-il-sonne-lalerte-et-cest-inquietant","status":"publish","type":"post","link":"https:\/\/www.europesays.com\/fr\/591878\/","title":{"rendered":"Augustin Trapenard : \u00ab\u00a0Malade&#8230;\u00a0\u00bb, il sonne l&rsquo;alerte et c&rsquo;est inqui\u00e9tant"},"content":{"rendered":"<p>Figure respect\u00e9e de la <strong>radio<\/strong> et de la<br \/>\n<strong>t\u00e9l\u00e9vision<\/strong>, <a href=\"https:\/\/www.closermag.fr\/people\/augustin-trapenard-est-il-en-couple-3583602\" target=\"_blank\" rel=\"noopener\"><br \/>\nAugustin Trapenard, qui s\u2019est r\u00e9cemment confi\u00e9 sur sa vie<br \/>\namoureuse,<\/a> n\u2019a jamais cach\u00e9 son attachement profond \u00e0<br \/>\n<strong>l\u2019\u00e9ducation<\/strong> et \u00e0 la <strong>transmission<\/strong>.<br \/>\n<strong>Normalien, agr\u00e9g\u00e9 d\u2019anglais et ancien professeur<\/strong>,<br \/>\nl\u2019animateur de RTL et de France 5 porte un regard tr\u00e8s<br \/>\n<strong>lucide<\/strong> et souvent <strong>inquiet<\/strong> sur<br \/>\n<strong>l\u2019\u00e9volution du syst\u00e8me \u00e9ducatif fran\u00e7ais<\/strong>. Dans un<br \/>\nentretien accord\u00e9 \u00e0 La Tribune du Dimanche le 19 octobre<br \/>\n2025, il confie un regret tenace : celui de voir<br \/>\n<strong>l\u2019enseignement perdre,<\/strong> selon lui,<br \/>\n<strong>l\u2019exigence<\/strong> qui en faisait autrefois un pilier de<br \/>\nla soci\u00e9t\u00e9.<\/p>\n<p>N\u00e9 \u00e0 Paris mais \u00e9lev\u00e9 entre Wimbledon et La Celle-Saint-Cloud,<br \/>\nAugustin Trapenard a grandi dans un environnement o\u00f9 <strong>la<br \/>\nculture et l\u2019exigence intellectuelle occupaient une place<br \/>\ncentrale<\/strong>. Fils d\u2019un p\u00e8re devenu \u00e9leveur de chevaux apr\u00e8s<br \/>\nune carri\u00e8re bancaire et d\u2019une m\u00e8re enseignante, il suit un<br \/>\n<strong>parcours acad\u00e9mique brillant<\/strong> : lyc\u00e9e Lakanal, ENS<br \/>\nLyon (promotion 2000), agr\u00e9gation d\u2019anglais. Avant de rejoindre les<br \/>\n<strong>m\u00e9dias<\/strong>, il enseigne de 2006 \u00e0 2009 la<br \/>\n<strong>litt\u00e9rature anglaise et am\u00e9ricaine<\/strong> \u00e0 l\u2019ENS Lyon.<br \/>\nUne exp\u00e9rience fondatrice qui nourrit aujourd\u2019hui ses<br \/>\n<strong>prises de position.<\/strong><\/p>\n<p>Un homme de lettres attach\u00e9 \u00e0 la transmission<\/p>\n<p>Si le public l\u2019a d\u00e9couvert gr\u00e2ce \u00e0 Radio Nova, France<br \/>\nCulture, Le Grand Journal sur Canal+ ou encore La Grande<br \/>\nLibrairie, <a href=\"https:\/\/www.closermag.fr\/people\/augustin-trapenard-des-experiences-extremes-cette-periode-quil-evoque-sans-honte-3591708\" target=\"_blank\" rel=\"noopener\"><br \/>\nAugustin Trapenard, qui se confie sans honte<\/a>, n\u2019a<br \/>\n<strong>jamais reni\u00e9 ses racines acad\u00e9miques<\/strong>. Son<br \/>\n<strong>amour pour les textes<\/strong>, ses <strong>heures de<br \/>\nlecture<\/strong> quotidienne et sa mani\u00e8re de \u201c<strong>lib\u00e9rer<br \/>\nla parole<\/strong>\u201d, selon sa propre expression, prolongent en<br \/>\nr\u00e9alit\u00e9 ce qu\u2019il appelle son \u201c<strong>premier<br \/>\nm\u00e9tier<\/strong>\u201d. Celui qu\u2019il aurait d\u00fb exercer pleinement.<br \/>\n\u201cC\u2019\u00e9tait <strong>le m\u00e9tier que je voulais faire<\/strong>.\u201d<br \/>\nconfie-t-il dans La Tribune du Dimanche.<\/p>\n<p>Normalien et agr\u00e9g\u00e9, il revendique une <strong>fid\u00e9lit\u00e9 \u00e0 ce<br \/>\nr\u00f4le de passeur<\/strong>. \u201c<strong>J\u2019enseigne<br \/>\nautrement<\/strong> mais <strong>je garde en t\u00eate<br \/>\ncet \u00e9chec.<\/strong>\u201d explique-t-il. Il \u00e9voque avec pudeur son<br \/>\n<strong>sentiment de \u201ctrahison envers [lui]-m\u00eame\u201d<\/strong><br \/>\npour ne pas avoir poursuivi dans cette voie. Ses prises de parole<br \/>\nsur <strong>l\u2019\u00e9ducation<\/strong> sont donc loin de simples<br \/>\nopinions. Elles reposent sur un <strong>v\u00e9cu<\/strong>, une<br \/>\n<strong>formation<\/strong> et un engagement<br \/>\n<strong>intellectuel<\/strong> qui structurent encore son<br \/>\n<strong>identit\u00e9<\/strong>.<\/p>\n<p>\u201cUne soci\u00e9t\u00e9 malade\u201d :<br \/>\nl\u2019alerte s\u00e9v\u00e8re d\u2019Augustin Trapenard<\/p>\n<p>Dans son entretien du 19 octobre, <a href=\"https:\/\/www.closermag.fr\/people\/augustin-trapenard-inenvisageable-il-tape-du-poing-et-ca-en-dit-long-sur-lui-3594242\" target=\"_blank\" rel=\"noopener\"><br \/>\nAugustin Trapenard n\u2019a pas m\u00e2ch\u00e9 ses mots.<\/a> Inquiet de voir le<br \/>\nm\u00e9tier <strong>d\u2019enseignant perdre en attractivit\u00e9<\/strong>, il<br \/>\nd\u00e9plore des pratiques de<br \/>\n<strong>recrutement<\/strong>\u00a0<strong>indignes<\/strong> de<br \/>\nl\u2019institution. \u201cJe suis <strong>effray\u00e9<\/strong> de voir<br \/>\naujourd\u2019hui des <strong>enseignants recrut\u00e9s sans dipl\u00f4me,<\/strong><br \/>\nou dans <strong>l\u2019impossibilit\u00e9 de se loger \u00e0 Paris<\/strong>.\u201d<br \/>\nd\u00e9clare-t-il, faisant imm\u00e9diatement r\u00e9agir. Pour lui, cette<br \/>\nsituation illustre \u201c<strong>le signe d\u2019une soci\u00e9t\u00e9<br \/>\nmalade<\/strong>\u201d. Un syst\u00e8me qui se d\u00e9fait de ses<br \/>\n<strong>fondations essentielles.<\/strong><\/p>\n<p>\u00c0 46 ans, le pr\u00e9sentateur de La Grande Librairie refuse<br \/>\nde se r\u00e9soudre \u00e0 cette <strong>d\u00e9gradation<\/strong>. \u201cJe tiens<br \/>\n<strong>l\u2019enseignement<\/strong> pour un m\u00e9tier<br \/>\n<strong>fondamental<\/strong>, sans doute le plus<br \/>\n<strong>beau<\/strong>\u201d. M\u00eame s\u2019il a <strong>quitt\u00e9<\/strong><br \/>\nles salles de classe, l\u2019animateur assure porter encore les<br \/>\n<strong>valeurs de transmission<\/strong> qui l\u2019ont fa\u00e7onn\u00e9. Face \u00e0<br \/>\nce constat <strong>alarmant<\/strong>, il esp\u00e8re d\u00e9sormais que<br \/>\n<strong>son cri d\u2019alarme<\/strong> sera entendu. Il \u00e9voque que<br \/>\nderri\u00e8re le prestige <strong>m\u00e9diatique<\/strong> demeure toujours<br \/>\n<strong>l\u2019ancien professeur, inquiet<\/strong> pour l\u2019avenir d\u2019un<br \/>\nm\u00e9tier qu\u2019il continue d\u2019aimer passionn\u00e9ment.<\/p>\n","protected":false},"excerpt":{"rendered":"Figure respect\u00e9e de la radio et de la t\u00e9l\u00e9vision, Augustin Trapenard, qui s\u2019est r\u00e9cemment confi\u00e9 sur sa vie&hellip;\n","protected":false},"author":2,"featured_media":545965,"comment_status":"","ping_status":"","sticky":false,"template":"","format":"standard","meta":{"footnotes":""},"categories":[1359],"tags":[21303,58,59,1011,27,70202,973],"class_list":{"0":"post-591878","1":"post","2":"type-post","3":"status-publish","4":"format-standard","5":"has-post-thumbnail","7":"category-people","8":"tag-buzz_nonli","9":"tag-divertissement","10":"tag-entertainment","11":"tag-fr","12":"tag-france","13":"tag-marfeel_connexes","14":"tag-people"},"share_on_mastodon":{"url":"https:\/\/pubeurope.com\/@fr\/115698586428144160","error":""},"_links":{"self":[{"href":"https:\/\/www.europesays.com\/fr\/wp-json\/wp\/v2\/posts\/591878","targetHints":{"allow":["GET"]}}],"collection":[{"href":"https:\/\/www.europesays.com\/fr\/wp-json\/wp\/v2\/posts"}],"about":[{"href":"https:\/\/www.europesays.com\/fr\/wp-json\/wp\/v2\/types\/post"}],"author":[{"embeddable":true,"href":"https:\/\/www.europesays.com\/fr\/wp-json\/wp\/v2\/users\/2"}],"replies":[{"embeddable":true,"href":"https:\/\/www.europesays.com\/fr\/wp-json\/wp\/v2\/comments?post=591878"}],"version-history":[{"count":0,"href":"https:\/\/www.europesays.com\/fr\/wp-json\/wp\/v2\/posts\/591878\/revisions"}],"wp:featuredmedia":[{"embeddable":true,"href":"https:\/\/www.europesays.com\/fr\/wp-json\/wp\/v2\/media\/545965"}],"wp:attachment":[{"href":"https:\/\/www.europesays.com\/fr\/wp-json\/wp\/v2\/media?parent=591878"}],"wp:term":[{"taxonomy":"category","embeddable":true,"href":"https:\/\/www.europesays.com\/fr\/wp-json\/wp\/v2\/categories?post=591878"},{"taxonomy":"post_tag","embeddable":true,"href":"https:\/\/www.europesays.com\/fr\/wp-json\/wp\/v2\/tags?post=591878"}],"curies":[{"name":"wp","href":"https:\/\/api.w.org\/{rel}","templated":true}]}}