{"id":591880,"date":"2025-12-11T02:33:18","date_gmt":"2025-12-11T02:33:18","guid":{"rendered":"https:\/\/www.europesays.com\/fr\/591880\/"},"modified":"2025-12-11T02:33:18","modified_gmt":"2025-12-11T02:33:18","slug":"camille-combal-evoque-ce-changement-physique-qui-peut-poser-probleme-pour-presenter-danse-avec-les-stars","status":"publish","type":"post","link":"https:\/\/www.europesays.com\/fr\/591880\/","title":{"rendered":"Camille Combal \u00e9voque ce changement physique qui peut poser probl\u00e8me pour pr\u00e9senter Danse avec les stars"},"content":{"rendered":"<p>Camille Combal cumule les projets et pourrait prochainement op\u00e9rer un changement physique radical pour les besoins de son nouveau r\u00f4le au th\u00e9\u00e2tre, comme il l&rsquo;a annonc\u00e9 dans l&rsquo;\u00e9mission Quotidien ce mercredi 10 d\u00e9cembre.<\/p>\n<p>C&rsquo;est un terrain qu&rsquo;il n&rsquo;avait jamais encore test\u00e9. Chroniqueur et animateur t\u00e9l\u00e9 ou radio, Camille Combal est devenu une figure du divertissement en incarnant plusieurs programmes phares du genre \u00e0 l&rsquo;antenne comme <a href=\"https:\/\/www.programme-tv.net\/news\/tv\/256145-camille-combal-son-bisou-a-sa-professeure-de-francais-pour-la-derniere-de-qui-veut-gagner-des-millions-a-la-maison\/\" data-api-deeplink=\"teleloisirs:\/\/news\/256145\" target=\"_blank\" rel=\"noopener\">Qui veut gagner des millions ?<\/a>, <a href=\"https:\/\/www.programme-tv.net\/news\/tv\/367262-exclu-voici-le-nom-de-l-animateur-qui-va-remplacer-camille-combal-dans-une-famille-en-or-pour-un-numero-special\/\" data-api-deeplink=\"teleloisirs:\/\/news\/367262\" target=\"_blank\" rel=\"noopener\">Une famille en or <\/a>ou encore <a href=\"https:\/\/www.programme-tv.net\/news\/tv\/393765-danse-avec-les-stars-2026-un-acteur-culte-de-beverly-hills-rejoint-le-casting-de-la-saison-15\/\" data-api-deeplink=\"teleloisirs:\/\/news\/393765\" target=\"_blank\" rel=\"noopener\">Danse avec les stars<\/a>. Si l&rsquo;on se r\u00e9f\u00e8re seulement \u00e0 son arriv\u00e9e sur TF1, survenue en 2018, le cumulard du PAF a anim\u00e9 une quinzaine de primes dont plusieurs concepts in\u00e9dits (<a href=\"https:\/\/www.programme-tv.net\/news\/tv\/312263-je-pleurais-jennifer-maries-au-premier-regard-6-devoile-les-coulisses-de-son-tournage-avec-camille-combal-dans-la-grande-incruste-2-video\/\" data-api-deeplink=\"teleloisirs:\/\/news\/312263\" target=\"_blank\" rel=\"noopener\">La grande incruste<\/a>, <a href=\"https:\/\/www.programme-tv.net\/news\/tv\/234463-plan-c-concept-invites-quallez-vous-voir-dans-la-nouvelle-emission-de-camille-combal-sur-tf1\/\" data-api-deeplink=\"teleloisirs:\/\/news\/234463\" target=\"_blank\" rel=\"noopener\">Plan C<\/a>, <a href=\"https:\/\/www.programme-tv.net\/news\/tv\/301776-camille-combal-stereo-club-est-lemission-la-plus-folle-de-ma-carriere\/\" data-api-deeplink=\"teleloisirs:\/\/news\/301776\" target=\"_blank\" rel=\"noopener\">St\u00e9r\u00e9o Club<\/a>,<a href=\"https:\/\/www.programme-tv.net\/news\/tv\/346399-tf1-deprogramme-son-emission-camille-images-le-22-fevrier-la-chaine-evoque-un-probleme-de-production\/\" data-api-deeplink=\"teleloisirs:\/\/news\/346399\" target=\"_blank\" rel=\"noopener\"> Camille &amp; Images<\/a>, <a href=\"https:\/\/www.programme-tv.net\/news\/tv\/296568-welcome-back-tf1-quelle-somme-dargent-ont-remporte-certains-membres-du-public\/\" data-api-deeplink=\"teleloisirs:\/\/news\/296568\" target=\"_blank\" rel=\"noopener\">Welcome Back<\/a>, <a href=\"https:\/\/www.programme-tv.net\/news\/tv\/281173-marble-mania-xxx-lavis-partage-de-la-redaction\/\" data-api-deeplink=\"teleloisirs:\/\/news\/281173\" target=\"_blank\" rel=\"noopener\">Marble Mania<\/a>&#8230;). Mais \u00e0 l&rsquo;automne prochain, <a href=\"https:\/\/www.programme-tv.net\/news\/people\/383743-je-suis-tolere-dans-la-maison-camille-combal-fait-de-rares-confidences-sur-sa-relation-avec-son-fils-plus-proche-de-marie-treille-stefani\/\" data-api-deeplink=\"teleloisirs:\/\/news\/383743\" target=\"_blank\" rel=\"noopener\">ce p\u00e8re de famille<\/a> va se lancer un d\u00e9fi in\u00e9dit : il sera sur sc\u00e8ne aux c\u00f4t\u00e9s de l&rsquo;un de ses meilleurs amis, <a href=\"https:\/\/www.programme-tv.net\/biographie\/355473-gasteuil-maxime\/\" data-link-people=\"494e3aa9-eab9-48eb-8105-f5bbe97d72f1\" target=\"_blank\" rel=\"noopener\">Maxime Gasteuil<\/a>. Le duo \u00e9tait invit\u00e9 dans le talk-show Quotidien sur TMC ce mercredi 10 d\u00e9cembre pour en parler.<\/p>\n<p>Ce nouveau projet en question est une pi\u00e8ce de th\u00e9\u00e2tre intitul\u00e9e La Lettre. Elle est centr\u00e9e sur \u00ab\u00a05 amis d\u2019enfance, 1 disparu, 1 lettre laiss\u00e9e et 20 ans de secrets\u00a0\u00bb, comme le r\u00e9sume si bien Camille Combal sur son compte Instagram. Sur la sc\u00e8ne du Casino de Paris pour la premi\u00e8re fois en d\u00e9cembre 2026, <a href=\"https:\/\/www.programme-tv.net\/news\/people\/368844-il-a-interdiction-de-la-regarder-sans-moi-camille-combal-et-sa-compagne-marie-treille-stefani-reglent-leurs-comptes-apres-un-petit-mensonge-de-l-animateur\/\" data-api-deeplink=\"teleloisirs:\/\/news\/368844\" target=\"_blank\" rel=\"noopener\">le compagnon de Marie Treille-Stefani<\/a> a une justification toute trouv\u00e9e pour attirer le plus de monde possible \u00e0 ce spectacle. \u00ab\u00a0<b>La premi\u00e8re raison pour laquelle il va falloir venir voir la pi\u00e8ce c&rsquo;est que physiquement, il va changer<\/b>\u00ab\u00a0, a d\u00e9voil\u00e9 Maxime Gasteuil dans l&rsquo;\u00e9mission anim\u00e9e par <a href=\"https:\/\/www.programme-tv.net\/biographie\/93334-barthes-yann\/\" data-link-people=\"7c4bedca-4fdc-448d-b51e-276a2ccddc8b\" target=\"_blank\" rel=\"noopener\">Yann Barth\u00e8s<\/a>. Le com\u00e9dien a teas\u00e9 : \u00ab\u00a0En fait, il veut faire une <a href=\"https:\/\/www.programme-tv.net\/news\/musique\/327832-au-bout-de-20-ans-il-faut-arreter-largument-matt-pokora-pousse-un-coup-de-gueule-sur-les-critiques-quil-a-recues-depuis-le-debut-de-sa-carriere\/\" data-api-deeplink=\"teleloisirs:\/\/news\/327832\" target=\"_blank\" rel=\"noopener\">Matt Pokora 2005<\/a>. <a href=\"https:\/\/www.programme-tv.net\/news\/musique\/327832-au-bout-de-20-ans-il-faut-arreter-largument-matt-pokora-pousse-un-coup-de-gueule-sur-les-critiques-quil-a-recues-depuis-le-debut-de-sa-carriere\/\" data-api-deeplink=\"teleloisirs:\/\/news\/327832\" target=\"_blank\" rel=\"noopener\">Vous vous souvenez de Matt Pokora peroxyd\u00e9 ?<\/a> <b>Il r\u00eave de faire \u00e7a et il voulait un argument pour dire &lsquo;Je suis en tournage ou une pi\u00e8ce&rsquo;. Donc, rien que pour \u00e7a, venez voir la pi\u00e8ce<\/b>\u00ab\u00a0. Camille Combal a, effectivement, confi\u00e9 ce soir-l\u00e0 avoir toujours voulu devenir blond ! \u00ab\u00a0Je ne sais pas pourquoi, tous les \u00e9t\u00e9s, je me dis : &lsquo;Les gars, c&rsquo;est pour cet \u00e9t\u00e9'\u00a0\u00bb, a-t-il avou\u00e9. Et son coll\u00e8gue de l&rsquo;encenser : \u00ab\u00a0Camille, c&rsquo;est vraiment le quadrag\u00e9naire qui ne veut pas grandir et s&rsquo;habille comme un jeun&rsquo;s, qui a le langage des jeunes donc <b>\u00e7a va lui aller tr\u00e8s bien de se mettre dans un look comme \u00e7a<\/b>\u00ab\u00a0. Pas s\u00fbr, toutefois, que son employeur principal appr\u00e9ciera ce changement qui trouble un peu la conformit\u00e9 \u00e0 certaines normes professionnelles.<\/p>\n<p>            Camille Combal en pleine r\u00e9flexion sur son nouveau look<\/p>\n<p>\u00ab\u00a0<b>Et \u00e7a, le patron de TF1 est en train de l&rsquo;apprendre maintenant !<\/b>\u00ab\u00a0, a d\u00e9clar\u00e9 Camille Combal avant d&rsquo;imaginer ce que doit penser <a href=\"https:\/\/www.programme-tv.net\/biographie\/145962-belmer-rodolphe\/\" data-link-people=\"d8ef2399-8bde-460e-85b3-c080f3e05b3f\" target=\"_blank\" rel=\"noopener\">Rodolphe Belmer<\/a>. \u00ab\u00a0Mais comment il va lancer des rumbas avec cette t\u00eate ?\u00a0\u00bb, a lanc\u00e9 le trublion. Ce dernier a encore un an pour r\u00e9fl\u00e9chir \u00e0 sa d\u00e9cision.<\/p>\n","protected":false},"excerpt":{"rendered":"Camille Combal cumule les projets et pourrait prochainement op\u00e9rer un changement physique radical pour les besoins de son&hellip;\n","protected":false},"author":2,"featured_media":591881,"comment_status":"","ping_status":"","sticky":false,"template":"","format":"standard","meta":{"footnotes":""},"categories":[1356],"tags":[193,244,194,58,59,1011,27,1404,252,8648,1364],"class_list":{"0":"post-591880","1":"post","2":"type-post","3":"status-publish","4":"format-standard","5":"has-post-thumbnail","7":"category-television","8":"tag-camille-combal","9":"tag-commentaire","10":"tag-danse-avec-les-stars","11":"tag-divertissement","12":"tag-entertainment","13":"tag-fr","14":"tag-france","15":"tag-quotidien","16":"tag-television","17":"tag-tmc","18":"tag-tv"},"share_on_mastodon":{"url":"https:\/\/pubeurope.com\/@fr\/115698598227337724","error":""},"_links":{"self":[{"href":"https:\/\/www.europesays.com\/fr\/wp-json\/wp\/v2\/posts\/591880","targetHints":{"allow":["GET"]}}],"collection":[{"href":"https:\/\/www.europesays.com\/fr\/wp-json\/wp\/v2\/posts"}],"about":[{"href":"https:\/\/www.europesays.com\/fr\/wp-json\/wp\/v2\/types\/post"}],"author":[{"embeddable":true,"href":"https:\/\/www.europesays.com\/fr\/wp-json\/wp\/v2\/users\/2"}],"replies":[{"embeddable":true,"href":"https:\/\/www.europesays.com\/fr\/wp-json\/wp\/v2\/comments?post=591880"}],"version-history":[{"count":0,"href":"https:\/\/www.europesays.com\/fr\/wp-json\/wp\/v2\/posts\/591880\/revisions"}],"wp:featuredmedia":[{"embeddable":true,"href":"https:\/\/www.europesays.com\/fr\/wp-json\/wp\/v2\/media\/591881"}],"wp:attachment":[{"href":"https:\/\/www.europesays.com\/fr\/wp-json\/wp\/v2\/media?parent=591880"}],"wp:term":[{"taxonomy":"category","embeddable":true,"href":"https:\/\/www.europesays.com\/fr\/wp-json\/wp\/v2\/categories?post=591880"},{"taxonomy":"post_tag","embeddable":true,"href":"https:\/\/www.europesays.com\/fr\/wp-json\/wp\/v2\/tags?post=591880"}],"curies":[{"name":"wp","href":"https:\/\/api.w.org\/{rel}","templated":true}]}}