{"id":591884,"date":"2025-12-11T02:35:26","date_gmt":"2025-12-11T02:35:26","guid":{"rendered":"https:\/\/www.europesays.com\/fr\/591884\/"},"modified":"2025-12-11T02:35:26","modified_gmt":"2025-12-11T02:35:26","slug":"le-projet-de-suite-de-star-wars-imagine-par-adam-driver-soutenu-par-daisy-ridley-et-les-fans-de-la-franchise","status":"publish","type":"post","link":"https:\/\/www.europesays.com\/fr\/591884\/","title":{"rendered":"Le projet de suite de \u00ab\u00a0Star Wars\u00a0\u00bb imagin\u00e9 par Adam Driver soutenu par Daisy Ridley et les fans de la franchise"},"content":{"rendered":"<p>Daisy Ridley est enchant\u00e9e par la communaut\u00e9 Star Wars. L\u2019actrice britannique, <a href=\"https:\/\/www.20minutes.fr\/arts-stars\/people\/4081356-20240316-daisy-ridley-revient-traversee-desert-apres-star-wars\" target=\"_blank\" class=\"c-link c-link--is-underlined\" rel=\"noopener\">qui a incarn\u00e9 Rey dans les trois films<\/a> Disney de la saga de George Lucas entre\u00a02015 et\u00a02019, a comment\u00e9 la d\u00e9termination de certains fans pour faire rena\u00eetre un projet de suite avort\u00e9 sur le personnage d\u2019<a href=\"https:\/\/www.20minutes.fr\/arts-stars\/people\/4062102-20231113-adam-driver-repond-cash-spectateur-critiquait-ferrari\" target=\"_blank\" class=\"c-link c-link--is-underlined\" rel=\"noopener\">Adam Driver<\/a>, Ben Solo (aka Kylo Ren).<\/p>\n<p>L\u2019acteur, qui travaillait sur une s\u00e9quelle intitul\u00e9e The Hunt for Ben Solo avec le r\u00e9alisateur Steven Soderbergh, avait re\u00e7u l\u2019aval de Lucasfilm, soci\u00e9t\u00e9 m\u00e8re de Star Wars. Mais le projet n\u2019a pas convaincu les cadres de la compagnie Disney, qui ne voyaient pas \u00ab\u00a0comment Ben Solo pouvait \u00eatre en vie\u00a0\u00bb, <a href=\"https:\/\/www.20minutes.fr\/arts-stars\/people\/4180750-20251021-pourquoi-disney-rejete-sequelle-star-wars-centree-ben-solo-adam-driver\" target=\"_blank\" class=\"c-link c-link--is-underlined\" rel=\"noopener\">comme l\u2019a expliqu\u00e9 Adam Driver<\/a> en octobre \u00e0 l\u2019Associated Press.<\/p>\n<p>Un bel \u00ab\u00a0\u00e9lan collectif\u00a0\u00bb<\/p>\n<p>L\u2019annonce a suffi \u00e0 agiter certains fans de la saga. Certains ont lanc\u00e9 une p\u00e9tition en ligne pour exhorter Disney \u00e0 revenir sur sa d\u00e9cision, tandis que d\u2019autres ont lou\u00e9 un avion pour le faire survoler les studios du groupe en Californie avec l\u2019inscription\u00a0: \u00ab\u00a0Save (sauver) The Hunt for Ben Solo\u00a0\u00bb. Leur d\u00e9termination a enchant\u00e9 Daisy Ridley, qui avait entendu \u00ab\u00a0des bribes\u00a0\u00bb du projet \u00e0 l\u2019\u00e9poque de son \u00e9laboration.<\/p>\n<p><a href=\"https:\/\/www.20minutes.fr\/cinema\/star_wars\/\" target=\"_blank\" class=\"c-link c-btn c-btn--primary\" rel=\"noopener\">Notre dossier \u00abStar Wars\u00bb<\/a><\/p>\n<p>\u00ab\u00a0J\u2019ai beaucoup d\u2019amis dans les \u00e9quipes, alors ces choses-l\u00e0 vont toujours vite comme \u00e7a. Mais, wow\u00a0! Quand la nouvelle est sortie, je me suis dit\u00a0: \u00ab\u00a0Oh, mon Dieu\u00a0!\u00a0\u00bb. Et c\u2019est (Adam Driver) qui l\u2019a dit, n\u2019est-ce pas\u00a0?\u00a0\u00bb, a-t-elle relev\u00e9 lors d\u2019un <a href=\"https:\/\/deadline.com\/2025\/12\/daisy-ridley-canceled-star-wars-kylo-ren-spinoff-movie-1236644036\/\" rel=\"nofollow noopener\" target=\"_blank\" class=\"c-link c-link--is-underlined\">entretien avec IGN<\/a>, qualifiant l\u2019information de \u00ab\u00a0surprise de l\u2019ann\u00e9e\u00a0\u00bb.<\/p>\n<p>\u00ab\u00a0J\u2019adore quand il y a un \u00e9lan collectif de positivit\u00e9\u00a0\u00bb, s\u2019est ensuite r\u00e9jouie <a href=\"https:\/\/www.20minutes.fr\/arts-stars\/cinema\/4109571-20240912-daisy-ridley-rassure-apres-star-wars\" target=\"_blank\" class=\"c-link c-link--is-underlined\" rel=\"noopener\">la com\u00e9dienne<\/a>. \u00ab\u00a0La fa\u00e7on dont Internet semble s\u2019\u00eatre mobilis\u00e9 pour essayer d\u2019y parvenir. Je pense que c\u2019est fantastique pour nous tous.\u00a0\u00bb<\/p>\n<p>Si elle est peu surprise par l\u2019int\u00e9r\u00eat du public pour le personnage de son coll\u00e8gue, Daisy Ridley a \u00e9t\u00e9 impressionn\u00e9e par les efforts de la fandom autour de cette \u00ab\u00a0cause vraiment positive\u00a0\u00bb\u00a0: \u00ab\u00a0J\u2019aime quand les gens unissent leurs forces &#8211; excusez le jeu de mots &#8211; partout dans le monde, toutes sortes de personnes diff\u00e9rentes\u00a0\u00bb. Reste \u00e0 savoir si ces efforts porteront leurs fruits, tandis que Daisy Ridley devrait elle aussi retrouver l\u2019univers Star Wars dans un autre volet impliquant son personnage.<\/p>\n","protected":false},"excerpt":{"rendered":"Daisy Ridley est enchant\u00e9e par la communaut\u00e9 Star Wars. L\u2019actrice britannique, qui a incarn\u00e9 Rey dans les trois&hellip;\n","protected":false},"author":2,"featured_media":591885,"comment_status":"","ping_status":"","sticky":false,"template":"","format":"standard","meta":{"footnotes":""},"categories":[1354],"tags":[650,520,58,59,1346,1011,27,12550,1530,1360,973,1480,133],"class_list":{"0":"post-591884","1":"post","2":"type-post","3":"status-publish","4":"format-standard","5":"has-post-thumbnail","7":"category-films","8":"tag-cinema","9":"tag-disney","10":"tag-divertissement","11":"tag-entertainment","12":"tag-films","13":"tag-fr","14":"tag-france","15":"tag-george-lucas","16":"tag-lucasfilm","17":"tag-movies","18":"tag-people","19":"tag-star-wars","20":"tag-video"},"share_on_mastodon":{"url":"https:\/\/pubeurope.com\/@fr\/115698606019672529","error":""},"_links":{"self":[{"href":"https:\/\/www.europesays.com\/fr\/wp-json\/wp\/v2\/posts\/591884","targetHints":{"allow":["GET"]}}],"collection":[{"href":"https:\/\/www.europesays.com\/fr\/wp-json\/wp\/v2\/posts"}],"about":[{"href":"https:\/\/www.europesays.com\/fr\/wp-json\/wp\/v2\/types\/post"}],"author":[{"embeddable":true,"href":"https:\/\/www.europesays.com\/fr\/wp-json\/wp\/v2\/users\/2"}],"replies":[{"embeddable":true,"href":"https:\/\/www.europesays.com\/fr\/wp-json\/wp\/v2\/comments?post=591884"}],"version-history":[{"count":0,"href":"https:\/\/www.europesays.com\/fr\/wp-json\/wp\/v2\/posts\/591884\/revisions"}],"wp:featuredmedia":[{"embeddable":true,"href":"https:\/\/www.europesays.com\/fr\/wp-json\/wp\/v2\/media\/591885"}],"wp:attachment":[{"href":"https:\/\/www.europesays.com\/fr\/wp-json\/wp\/v2\/media?parent=591884"}],"wp:term":[{"taxonomy":"category","embeddable":true,"href":"https:\/\/www.europesays.com\/fr\/wp-json\/wp\/v2\/categories?post=591884"},{"taxonomy":"post_tag","embeddable":true,"href":"https:\/\/www.europesays.com\/fr\/wp-json\/wp\/v2\/tags?post=591884"}],"curies":[{"name":"wp","href":"https:\/\/api.w.org\/{rel}","templated":true}]}}