{"id":591891,"date":"2025-12-11T02:39:19","date_gmt":"2025-12-11T02:39:19","guid":{"rendered":"https:\/\/www.europesays.com\/fr\/591891\/"},"modified":"2025-12-11T02:39:19","modified_gmt":"2025-12-11T02:39:19","slug":"silence-radio-sur-mars-la-nasa-a-perdu-sa-sonde-et-ne-sait-meme-pas-expliquer-pourquoi","status":"publish","type":"post","link":"https:\/\/www.europesays.com\/fr\/591891\/","title":{"rendered":"Silence radio sur Mars : la Nasa a perdu sa sonde et ne sait m\u00eame pas expliquer pourquoi"},"content":{"rendered":"<p>Une sonde en orbite autour de Mars ne donne plus de nouvelles. La Nasa n\u2019arrive plus \u00e0 renouer le contact avec la mission spatiale MAVEN, sans comprendre pourquoi.<\/p>\n<p>O\u00f9 est pass\u00e9e MAVEN ? C\u2019est la question que se pose la Nasa. L\u2019agence spatiale a perdu le contact avec cette sonde, dont le nom complet est \u00ab Mars Atmosphere and Volatile EvolutioN \u00bb. Comme son nom l\u2019indique bien, cette mission positionn\u00e9e en orbite martienne doit aider \u00e0 \u00e9tudier <a href=\"https:\/\/www.numerama.com\/sciences\/742887-mars-tout-savoir-sur-la-planete-rouge.html\" data-popover-target=\"definition\" data-tag=\"Mars\u00a0: tout savoir sur la plan\u00e8te rouge en 22 questions\" data-chapo=\"La plan\u00e8te rouge est la plus explor\u00e9e du syst\u00e8me solaire. Mars est \u00e0 la fois un monde froid, d\u00e9sertique et dynamique. Taille, couleur, distance, particularit\u00e9s... : voici tout de ce qu&#039;il faut savoir au sujet de notre voisine.\" data-image=\"https:\/\/c0.lestechnophiles.com\/www.numerama.com\/wp-content\/uploads\/2022\/03\/planete-mars-1024x576.jpg?key=8cb421fd\" target=\"_blank\" rel=\"noopener\">l\u2019atmosph\u00e8re de la plan\u00e8te rouge, qui a quasiment disparu<\/a>. Du moins, cela est valable tant que MAVEN fonctionne correctement.<\/p>\n<p>\u00ab Le vaisseau spatial MAVEN de la Nasa en orbite autour de Mars a subi une perte de signal avec les stations au sol sur Terre le 6 d\u00e9cembre \u00bb, explique <a href=\"https:\/\/science.nasa.gov\/blogs\/maven\/2025\/12\/09\/nasa-teams-work-maven-spacecraft-signal-loss\/\" target=\"_blank\" rel=\"noreferrer noopener\">un communiqu\u00e9 de la Nasa<\/a> publi\u00e9 le 9 d\u00e9cembre 2025. Le plus \u00e9tonnant est que tout semblait parfaitement fonctionner, juste avant que la sonde ne repasse derri\u00e8re Mars.<\/p>\n<p>La Nasa a l\u2019habitude des coupures avec MAVEN, mais cette fois, c\u2019est inqui\u00e9tant<\/p>\n<p>Puisque la mission est en orbite, il est normal qu\u2019il y ait r\u00e9guli\u00e8rement des p\u00e9riodes de \u00ab coupures \u00bb dans la liaison avec MAVEN. Il suffit d\u2019attendre que l\u2019orbiteur reparaisse de l\u2019autre c\u00f4t\u00e9 de Mars pour reprendre contact avec lui. Cela est r\u00e9alis\u00e9 \u00e0 l\u2019aide des stations du Deep Space Network, dont les antennes servent \u00e0 communiquer avec les diff\u00e9rentes missions spatiales de la Nasa.<\/p>\n<p><a href=\"https:\/\/www.numerama.com\/wp-content\/uploads\/2025\/12\/maven-nasa-3.jpg\" target=\"_blank\" rel=\"noopener\"><img decoding=\"async\" width=\"1024\" height=\"576\" loading=\"lazy\" alt=\"Vue d'artiste de MAVEN. \/\/ Source : Nasa\/GFSC (image recadr\u00e9e)\" title=\"Vue d'artiste de MAVEN. \/\/ Source : Nasa\/GFSC (image recadr\u00e9e)\" class=\"wp-image-2139087 placeholder-default wp-image\" src=\"https:\/\/www.europesays.com\/fr\/wp-content\/uploads\/2025\/12\/maven-nasa-3-1024x576.jpg\" \/><\/a>Vue d\u2019artiste de MAVEN, qui peut communiquer avec la Terre dans cette configuration. \/\/ Source : <a href=\"https:\/\/lasp.colorado.edu\/maven\/multimedia\/spacecraft\/\" target=\"_blank\" rel=\"noopener\">Nasa\/GFSC (image recadr\u00e9e)<\/a><\/p>\n<p>La derni\u00e8re fois que MAVEN \u00e9tait devant Mars, \u00ab tous les sous-syst\u00e8mes fonctionnaient normalement \u00bb, indique la Nasa. Pourtant, au moment o\u00f9 l\u2019on s\u2019attendait \u00e0 recevoir de nouveau des donn\u00e9es de la mission, plus aucun signal.<\/p>\n<p>Les causes possibles de cette perte de communication ne sont pas encore \u00e9voqu\u00e9es par l\u2019agence spatiale, qui pr\u00e9cise simplement que les \u00e9quipes concern\u00e9es \u00ab enqu\u00eatent sur cette anomalie afin de rem\u00e9dier \u00e0 la situation \u00bb. Voil\u00e0 qui n\u2019est pas tr\u00e8s rassurant.<\/p>\n<p>D\u2019autant plus que ce n\u2019est pas la premi\u00e8re fois que <a href=\"https:\/\/www.numerama.com\/sciences\/986271-on-a-bien-failli-perdre-maven-une-des-sondes-martiennes.html\" target=\"_blank\" rel=\"noopener\">l\u2019on manque de perdre MAVEN autour de Mars<\/a>. Cette mission n\u2019est plus toute jeune : son lancement avait eu lieu en 2013, avec une insertion en orbite martienne en 2014. Outre sa propre mission scientifique (obtenir des donn\u00e9es sur la perte de l\u2019atmosph\u00e8re martienne), MAVEN a un autre r\u00f4le important : elle sert de relais aux rovers martiens de la Nasa pour communiquer \u2014 <a href=\"https:\/\/www.numerama.com\/sciences\/689237-perseverance-si-vous-navez-rien-suivi-a-la-mission-mars-2020.html\" target=\"_blank\" rel=\"noopener\">comme Perseverance<\/a>. Voil\u00e0 plus de 10 ans qu\u2019elle tourne autour de la <a href=\"https:\/\/www.numerama.com\/sciences\/748008-quest-ce-quune-planete.html\" data-popover-target=\"definition\" data-tag=\"Qu\u2019est-ce qu\u2019une plan\u00e8te\u00a0?\" data-chapo=\"On les compte sur les doigts des deux mains : Mercure, V\u00e9nus, la Terre, Mars, Jupiter, Saturne, Uranus et Neptune sont les plan\u00e8tes du Syst\u00e8me solaire. Mais qu&#039;est-ce qu&#039;une plan\u00e8te exactement ?\" data-image=\"https:\/\/c0.lestechnophiles.com\/www.numerama.com\/wp-content\/uploads\/2021\/09\/systeme-solaire-1024x576.jpg?key=c7ba0cf0\" target=\"_blank\" rel=\"noopener\">plan\u00e8te<\/a> rouge. L\u2019heure de la retraite a-t-elle sonn\u00e9 ?<\/p>\n<\/p>\n<p>            Ce contenu est bloqu\u00e9 car vous n\u2019avez pas accept\u00e9 les cookies et autres traceurs. Ce contenu est fourni par YouTube.<br \/>Pour pouvoir le visualiser, vous devez accepter l\u2019usage \u00e9tant op\u00e9r\u00e9 par YouTube avec vos donn\u00e9es qui pourront \u00eatre utilis\u00e9es pour les finalit\u00e9s suivantes : vous permettre de visualiser et de partager des contenus avec des m\u00e9dias sociaux, favoriser le d\u00e9veloppement et l\u2019am\u00e9lioration des produits d\u2019Humanoid et de ses partenaires, vous afficher des publicit\u00e9s personnalis\u00e9es par rapport \u00e0 votre profil et activit\u00e9, vous d\u00e9finir un profil publicitaire personnalis\u00e9, mesurer la performance des publicit\u00e9s et du contenu de ce site et mesurer l\u2019audience de ce site <a href=\"#\" class=\"js-privacy\" target=\"_blank\">(en savoir plus)<\/a>        <\/p>\n<p>            En cliquant sur \u00ab J\u2019accepte tout \u00bb, vous consentez aux finalit\u00e9s susmentionn\u00e9es pour l\u2019ensemble des cookies et autres traceurs d\u00e9pos\u00e9s par Humanoid et <a class=\"embed-consent-overlay-vendors-link\" href=\"#preferences-vendeurs\">ses partenaires<\/a>.        <\/p>\n<p>            Vous gardez la possibilit\u00e9 de retirer votre consentement \u00e0 tout moment. Pour plus d\u2019informations, nous vous invitons \u00e0 prendre connaissance de notre <a href=\"https:\/\/www.numerama.com\/politique-cookies\" target=\"_blank\" rel=\"noopener\">Politique cookies<\/a>.        <\/p>\n<p>        J\u2019accepte tout    <\/p>\n<p class=\"embed-consent-overlay-manage-choices\">        <a href=\"#preferences-publicitaires\">G\u00e9rer mes choix<\/a>    <\/p>\n<p>            <img decoding=\"async\" src=\"https:\/\/www.europesays.com\/fr\/wp-content\/uploads\/2025\/04\/iPhone-16-pro.png\" alt=\"Toute l'actu tech en un clien d'oeil\"\/><\/p>\n<p class=\"card-install-pwa__title\">Toute l&rsquo;actu tech en un clin d&rsquo;\u0153il<\/p>\n<p class=\"card-install-pwa__description\">Ajoutez Numerama \u00e0 votre \u00e9cran d&rsquo;accueil et restez connect\u00e9s au futur !<\/p>\n<p>            <img decoding=\"async\" src=\"https:\/\/www.numerama.com\/wp-content\/themes\/numerama-next\/assets\/images\/premium\/logo-card-pwa-coupe.svg\" alt=\"Logo PWA\"\/><\/p>\n<p>       Installer Numerama<\/p>\n<p class=\"title\">\n            Retrouvez toutes nos actualit\u00e9s qui concernent une             <a href=\"https:\/\/www.numerama.com\/sciences\/748008-quest-ce-quune-planete.html\" target=\"_blank\" rel=\"noopener\"><br \/>\n                Plan\u00e8te            <\/a>\n        <\/p>\n","protected":false},"excerpt":{"rendered":"Une sonde en orbite autour de Mars ne donne plus de nouvelles. La Nasa n\u2019arrive plus \u00e0 renouer&hellip;\n","protected":false},"author":2,"featured_media":591892,"comment_status":"","ping_status":"","sticky":false,"template":"","format":"standard","meta":{"footnotes":""},"categories":[7],"tags":[1011,27,333,10899,334,52,43,40,41,39,42,44],"class_list":{"0":"post-591891","1":"post","2":"type-post","3":"status-publish","4":"format-standard","5":"has-post-thumbnail","7":"category-sciences-et-technologies","8":"tag-fr","9":"tag-france","10":"tag-nasa","11":"tag-panne","12":"tag-perseverance","13":"tag-planete","14":"tag-science","15":"tag-science-and-technology","16":"tag-sciences","17":"tag-sciences-et-technologies","18":"tag-technologies","19":"tag-technology"},"share_on_mastodon":{"url":"https:\/\/pubeurope.com\/@fr\/115698621967836758","error":""},"_links":{"self":[{"href":"https:\/\/www.europesays.com\/fr\/wp-json\/wp\/v2\/posts\/591891","targetHints":{"allow":["GET"]}}],"collection":[{"href":"https:\/\/www.europesays.com\/fr\/wp-json\/wp\/v2\/posts"}],"about":[{"href":"https:\/\/www.europesays.com\/fr\/wp-json\/wp\/v2\/types\/post"}],"author":[{"embeddable":true,"href":"https:\/\/www.europesays.com\/fr\/wp-json\/wp\/v2\/users\/2"}],"replies":[{"embeddable":true,"href":"https:\/\/www.europesays.com\/fr\/wp-json\/wp\/v2\/comments?post=591891"}],"version-history":[{"count":0,"href":"https:\/\/www.europesays.com\/fr\/wp-json\/wp\/v2\/posts\/591891\/revisions"}],"wp:featuredmedia":[{"embeddable":true,"href":"https:\/\/www.europesays.com\/fr\/wp-json\/wp\/v2\/media\/591892"}],"wp:attachment":[{"href":"https:\/\/www.europesays.com\/fr\/wp-json\/wp\/v2\/media?parent=591891"}],"wp:term":[{"taxonomy":"category","embeddable":true,"href":"https:\/\/www.europesays.com\/fr\/wp-json\/wp\/v2\/categories?post=591891"},{"taxonomy":"post_tag","embeddable":true,"href":"https:\/\/www.europesays.com\/fr\/wp-json\/wp\/v2\/tags?post=591891"}],"curies":[{"name":"wp","href":"https:\/\/api.w.org\/{rel}","templated":true}]}}