{"id":591893,"date":"2025-12-11T02:40:18","date_gmt":"2025-12-11T02:40:18","guid":{"rendered":"https:\/\/www.europesays.com\/fr\/591893\/"},"modified":"2025-12-11T02:40:18","modified_gmt":"2025-12-11T02:40:18","slug":"taux-dinteret-americains-la-fed-lache-du-lest-contre-lavis-de-plusieurs-responsables-11-12-2025-a-0051","status":"publish","type":"post","link":"https:\/\/www.europesays.com\/fr\/591893\/","title":{"rendered":"Taux d&rsquo;int\u00e9r\u00eat am\u00e9ricains: la Fed l\u00e2che du lest contre l&rsquo;avis de plusieurs responsables &#8211; 11\/12\/2025 \u00e0 00:51"},"content":{"rendered":"<p>        <img decoding=\"async\" src=\"https:\/\/www.europesays.com\/fr\/wp-content\/uploads\/2025\/12\/662a442f6490d8ecabf02472e636fd39-760x507.jpg\" alt=\"Jerome Powell lors d'une conf\u00e9rence de presse \u00e0 Washington, le 29 octobre 2025 ( AFP \/ Jim WATSON )\" loading=\"eager\" fetchpriority=\"high\" width=\"760\" height=\"507\" style=\"max-width: 100%!important; height: auto;\"\/><\/p>\n<p class=\"c-image-news__legend\">Jerome Powell lors d&rsquo;une conf\u00e9rence de presse \u00e0 Washington, le 29 octobre 2025 ( AFP \/ Jim WATSON )<\/p>\n<p>\n La banque centrale des Etats-Unis (Fed) a conclu mercredi sa derni\u00e8re r\u00e9union de l&rsquo;ann\u00e9e par une baisse des taux d&rsquo;int\u00e9r\u00eat sans faire l&rsquo;unanimit\u00e9 en son sein ni donner d&rsquo;orientation claire pour la suite.\n<\/p>\n<p>\n Pour la troisi\u00e8me fois en trois r\u00e9unions cons\u00e9cutives, la R\u00e9serve f\u00e9d\u00e9rale a diminu\u00e9 d&rsquo;un quart de point de pourcentage ses taux directeurs, qui guident les co\u00fbts d&#8217;emprunt.\n<\/p>\n<p>\n Ils sont d\u00e9sormais dans une fourchette comprise entre 3,50% et 3,75%.\n<\/p>\n<p>\n Trois des douze votants ont manifest\u00e9 leur opposition: deux ne voulaient pas de baisse du tout et un voulait une r\u00e9duction plus forte, d&rsquo;un demi-point.\n<\/p>\n<p>\n Le pr\u00e9sident de la Fed de Kansas City, Jeffrey Schmid, s&rsquo;\u00e9tait d\u00e9j\u00e0 prononc\u00e9 contre la pr\u00e9c\u00e9dente baisse, fin octobre. Il a \u00e9t\u00e9 rejoint par le pr\u00e9sident de la Fed de Chicago, Austan Goolsbee.\n<\/p>\n<p>\n Les deux hommes ont dit publiquement qu&rsquo;ils s&rsquo;inqui\u00e9taient pour l&rsquo;heure davantage du niveau de l&rsquo;inflation que de la sant\u00e9 du march\u00e9 du travail am\u00e9ricain.\n<\/p>\n<p>\n Quant au responsable en faveur d&rsquo;une baisse d&rsquo;un demi-point, il s&rsquo;agit sans surprise du gouverneur Stephen Miran, r\u00e9cemment nomm\u00e9 par le pr\u00e9sident Donald Trump.\n<\/p>\n<p> &#8211; D\u00e9bats \u00ab\u00a0serr\u00e9s\u00a0\u00bb &#8211;<\/p>\n<p>\n En conf\u00e9rence de presse, le patron de la Fed Jerome Powell a affirm\u00e9 que la d\u00e9cision de mercredi ne relevait pas de l&rsquo;\u00e9vidence.\n<\/p>\n<p>\n Les Etats-Unis connaissent \u00e0 la fois une inflation en acc\u00e9l\u00e9ration (\u00e0 2,8%) et un ch\u00f4mage en augmentation (\u00e0 4,4%), sc\u00e9narios qui impliquent en th\u00e9orie des actions oppos\u00e9es de la part de la banque centrale.\n<\/p>\n<p>\n \u00ab\u00a0La discussion \u00e9tait serr\u00e9e mais nous devons prendre une d\u00e9cision. On esp\u00e8re toujours que les donn\u00e9es vont nous permettre d&rsquo;y voir plus clair\u00a0\u00bb, a d\u00e9clar\u00e9 M. Powell.\n<\/p>\n<p>\n La banque centrale a \u00e9t\u00e9 priv\u00e9e de certains indicateurs \u00e9conomiques majeurs en raison de la r\u00e9cente paralysie budg\u00e9taire (\u00ab\u00a0shutdown\u00a0\u00bb) qui a mis au ch\u00f4mage technique les services statistiques des Etats-Unis pendant 43 jours.\n<\/p>\n<p>\n \u00ab\u00a0La p\u00e9riode est frustrante pour la classe moyenne et confuse pour la Fed\u00a0\u00bb, consid\u00e8re Heather Long, \u00e9conomiste de la banque Navy Federal Credit Union.\n<\/p>\n<p>\n Interrog\u00e9 sur la question du co\u00fbt de la vie, revenue en t\u00eate du d\u00e9bat public, Jerome Powell a estim\u00e9 que les salaires devront augmenter pendant \u00ab\u00a0plusieurs ann\u00e9es\u00a0\u00bb plus vite que l&rsquo;inflation \u00ab\u00a0pour que les gens commencent \u00e0 se sentir bien en termes de pouvoir d&rsquo;achat\u00a0\u00bb.\n<\/p>\n<p>\n Donald Trump, de son c\u00f4t\u00e9, a encore assur\u00e9 mardi que les prix baissaient \u00ab\u00a0\u00e9norm\u00e9ment\u00a0\u00bb.\n<\/p>\n<p> &#8211; Nouvelles t\u00eates &#8211;<\/p>\n<p>\n Jerome Powell a donn\u00e9 peu d&rsquo;indication pour la suite, sans fermer la porte \u00e0 une baisse suppl\u00e9mentaire fin janvier.\n<\/p>\n<p>\n Cela a gonfl\u00e9 le moral de la Bourse de New York, qui a termin\u00e9 en hausse.\n<\/p>\n<p>\n \u00ab\u00a0Cela ne me surprend pas qu&rsquo;il y ait de l&rsquo;optimisme sur les march\u00e9s \u00e0 court terme, dans la mesure o\u00f9 la Fed continue de baisser les taux alors que l&rsquo;\u00e9conomie est en croissance\u00a0\u00bb, rel\u00e8ve Chris Zaccarelli, charg\u00e9 d&rsquo;investissements chez Northlight Asset Management.\n<\/p>\n<p>\n Il pr\u00e9vient toutefois que les investisseurs risquent la d\u00e9convenue, car d&rsquo;autres d\u00e9tentes pourraient mettre du temps \u00e0 arriver, \u00ab\u00a0voire ne pas arriver\u00a0\u00bb.\n<\/p>\n<p>\n Les responsables de la Fed imaginent globalement qu&rsquo;une autre baisse des taux sera n\u00e9cessaire en 2026, selon leurs projections actualis\u00e9es.\n<\/p>\n<p>\n Mais une partie d&rsquo;entre eux ne sera alors plus en mesure de voter.\n<\/p>\n<p>\n En effet, parmi les douze personnes fixant les taux am\u00e9ricains, quatre changent tous les ans selon un syst\u00e8me de rotation impliquant les banques centrales r\u00e9gionales.\n<\/p>\n<p>\n Les nouveaux entrants sont r\u00e9put\u00e9s encore plus soucieux du niveau de l&rsquo;inflation que leurs pr\u00e9d\u00e9cesseurs.\n<\/p>\n<p>\n A l&rsquo;inverse, Donald Trump veut que la personne qui prendra la place de Jerome Powell au printemps s&rsquo;attache \u00e0 faire baisser les taux.\n<\/p>\n<p>\n Il a pr\u00e9sent\u00e9 son conseiller \u00e9conomique Kevin Hassett comme favori mais laisse encore planer un certain suspense sur son choix final.\n<\/p>\n<p>\n Le chef de l&rsquo;Etat entend par ailleurs toujours destituer une gouverneure de l&rsquo;institution, Lisa Cook. La Cour supr\u00eame se penchera sur l&rsquo;affaire en janvier.<\/p>\n","protected":false},"excerpt":{"rendered":"Jerome Powell lors d&rsquo;une conf\u00e9rence de presse \u00e0 Washington, le 29 octobre 2025 ( AFP \/ Jim WATSON&hellip;\n","protected":false},"author":2,"featured_media":591894,"comment_status":"","ping_status":"","sticky":false,"template":"","format":"standard","meta":{"footnotes":""},"categories":[6],"tags":[400,398,408,35,405,33,34,1011,27,403,402,399,404,401,406,407],"class_list":{"0":"post-591893","1":"post","2":"type-post","3":"status-publish","4":"format-standard","5":"has-post-thumbnail","7":"category-economie","8":"tag-action-cac-40","9":"tag-bourse-de-paris","10":"tag-boursorama","11":"tag-business","12":"tag-cotations","13":"tag-economie","14":"tag-economy","15":"tag-fr","16":"tag-france","17":"tag-indices-devises","18":"tag-investir","19":"tag-investissement","20":"tag-marche-boursier","21":"tag-sicav","22":"tag-trackers","23":"tag-warrants"},"share_on_mastodon":{"url":"https:\/\/pubeurope.com\/@fr\/115698625797593682","error":""},"_links":{"self":[{"href":"https:\/\/www.europesays.com\/fr\/wp-json\/wp\/v2\/posts\/591893","targetHints":{"allow":["GET"]}}],"collection":[{"href":"https:\/\/www.europesays.com\/fr\/wp-json\/wp\/v2\/posts"}],"about":[{"href":"https:\/\/www.europesays.com\/fr\/wp-json\/wp\/v2\/types\/post"}],"author":[{"embeddable":true,"href":"https:\/\/www.europesays.com\/fr\/wp-json\/wp\/v2\/users\/2"}],"replies":[{"embeddable":true,"href":"https:\/\/www.europesays.com\/fr\/wp-json\/wp\/v2\/comments?post=591893"}],"version-history":[{"count":0,"href":"https:\/\/www.europesays.com\/fr\/wp-json\/wp\/v2\/posts\/591893\/revisions"}],"wp:featuredmedia":[{"embeddable":true,"href":"https:\/\/www.europesays.com\/fr\/wp-json\/wp\/v2\/media\/591894"}],"wp:attachment":[{"href":"https:\/\/www.europesays.com\/fr\/wp-json\/wp\/v2\/media?parent=591893"}],"wp:term":[{"taxonomy":"category","embeddable":true,"href":"https:\/\/www.europesays.com\/fr\/wp-json\/wp\/v2\/categories?post=591893"},{"taxonomy":"post_tag","embeddable":true,"href":"https:\/\/www.europesays.com\/fr\/wp-json\/wp\/v2\/tags?post=591893"}],"curies":[{"name":"wp","href":"https:\/\/api.w.org\/{rel}","templated":true}]}}