{"id":591895,"date":"2025-12-11T02:41:15","date_gmt":"2025-12-11T02:41:15","guid":{"rendered":"https:\/\/www.europesays.com\/fr\/591895\/"},"modified":"2025-12-11T02:41:15","modified_gmt":"2025-12-11T02:41:15","slug":"donald-trump-annonce-la-saisie-dun-tres-grand-petrolier-au-large-du-venezuela-une-escalade-majeure","status":"publish","type":"post","link":"https:\/\/www.europesays.com\/fr\/591895\/","title":{"rendered":"Donald Trump annonce la saisie d\u2019un \u00ab\u00a0tr\u00e8s grand p\u00e9trolier\u00a0\u00bb au large du Venezuela, une escalade majeure"},"content":{"rendered":"<p>        <img decoding=\"async\" loading=\"lazy\" src=\"https:\/\/www.europesays.com\/fr\/wp-content\/uploads\/2025\/12\/9f49abb_upload-1-2hykshh7ycwh-afp-20251208-87gr6py-v1-highres-uspoliticstrump.jpg\"  width=\"728\" height=\"409\" alt=\"Le pr\u00e9sident am\u00e9ricain Donald Trump s\u2019exprime dans la salle du Cabinet de la Maison Blanche \u00e0 Washington, DC, le 8\u00a0d\u00e9cembre 2025.\"\/>  <\/p>\n<p>ANDREW CABALLERO-REYNOLDS \/ AFP<\/p>\n<p>Le pr\u00e9sident am\u00e9ricain Donald Trump s\u2019exprime dans la salle du Cabinet de la Maison Blanche \u00e0 Washington, DC, le 8\u00a0d\u00e9cembre 2025.<\/p>\n<p class=\"asset asset-text\">La tension monte encore d\u2019un cran avec Caracas. Les forces am\u00e9ricaines ont saisi ce mercredi 10\u00a0d\u00e9cembre un p\u00e9trolier au large des c\u00f4tes du Venezuela, marquant une escalade majeure dans le conflit qui oppose <a href=\"https:\/\/www.huffingtonpost.fr\/international\/article\/etats-unis-venezuela-on-vous-resume-les-4-mois-de-tensions-croissantes-entre-les-deux-pays_257644.html\" target=\"_blank\" rel=\"noopener\">depuis quatre mois<\/a> les \u00c9tats-Unis de Donald Trump et le pays dirig\u00e9 de mani\u00e8re autoritaire par<a href=\"https:\/\/www.huffingtonpost.fr\/international\/article\/cette-replique-du-venezuela-montre-que-maduro-n-a-pas-digere-le-prix-nobel-a-son-opposante_255951.html\" target=\"_blank\" rel=\"noopener\"> Nicol\u00e1s Maduro<\/a>.<\/p>\n<p class=\"asset asset-text\">\u00ab\u00a0Nous venons tout juste de saisir un p\u00e9trolier au large du Venezuela, un grand p\u00e9trolier, tr\u00e8s grand, le plus grand jamais saisi\u00a0\u00bb, a affirm\u00e9 le pr\u00e9sident am\u00e9ricain devant la presse. Il n\u2019a pas donn\u00e9 de d\u00e9tails sur le navire, son propri\u00e9taire ou sa destination. \u00ab\u00a0Il a \u00e9t\u00e9 saisi pour de tr\u00e8s bonnes raisons\u00a0\u00bb, a-t-il seulement ajout\u00e9, en ajoutant que les \u00c9tats-Unis comptaient garder la cargaison.<\/p>\n<p class=\"asset asset-text\">En r\u00e9ponse, le pr\u00e9sident v\u00e9n\u00e9zu\u00e9lien Nicol\u00e1s Maduro a \u00ab\u00a0exig\u00e9\u00a0\u00bb dans la foul\u00e9e \u00ab\u00a0la fin de l\u2019ing\u00e9rence ill\u00e9gale et brutale\u00a0\u00bb des \u00c9tats-Unis \u00ab\u00a0au Venezuela et en Am\u00e9rique latine\u00a0\u00bb. Un peu plus tard, Caracas a d\u00e9nonc\u00e9 \u00ab avec force ce qui constitue un vol \u00e9hont\u00e9 et un acte de piraterie internationale.\u00a0\u00bb<\/p>\n<p>    Crainte pour les exportations    <\/p>\n<p class=\"asset asset-text\">Cette saisie intervient alors que le gouvernement am\u00e9ricain multiplie les mesures, \u00e9conomiques et militaires, pour tenter d\u2019\u00e9vincer le dirigeant v\u00e9n\u00e9zu\u00e9lien Nicol\u00e1s Maduro. Donald Trump a estim\u00e9 que les jours de ce dernier \u00e9taient \u00ab\u00a0compt\u00e9s\u00a0\u00bb dans un r\u00e9cent entretien avec le site Politico.<\/p>\n<p class=\"asset asset-text\">Depuis ao\u00fbt, Washington maintient dans les Cara\u00efbes une importante pr\u00e9sence militaire, officiellement pour lutter contre le trafic de drogue \u00e0 destination des \u00c9tats-Unis.<\/p>\n<p class=\"asset asset-text\">La principale ressource du Venezuela est le p\u00e9trole brut, qui est soumis \u00e0 un embargo. Cela oblige le pays \u00e0 \u00e9couler sa production sur le march\u00e9 noir \u00e0 des prix nettement plus bas, \u00e0 destination en particulier de la Chine. La saisie d\u2019un p\u00e9trolier pourrait peser sur ces exportations, en dissuadant les acheteurs potentiels. Le Venezuela fournit, par exemple, 1,1\u00a0million de barils par jour de p\u00e9trole brut, principalement \u00e0 la Chine, selon des analystes.<\/p>\n<p class=\"asset asset-text\">Sur ce point, Caracas a d\u2019ailleurs estim\u00e9 qu\u2019avec cet \u00ab\u00a0acte criminel\u00a0\u00bb, Donald Trump montre que \u00ab\u00a0son objectif a toujours \u00e9t\u00e9 de s\u2019emparer du p\u00e9trole v\u00e9n\u00e9zu\u00e9lien sans verser la moindre contrepartie, laissant clairement entendre que la politique d\u2019agression contre notre pays r\u00e9pond \u00e0 un plan d\u00e9lib\u00e9r\u00e9 de spoliation de nos richesses \u00e9nerg\u00e9tiques\u00a0\u00bb.<\/p>\n","protected":false},"excerpt":{"rendered":"ANDREW CABALLERO-REYNOLDS \/ AFP Le pr\u00e9sident am\u00e9ricain Donald Trump s\u2019exprime dans la salle du Cabinet de la Maison&hellip;\n","protected":false},"author":2,"featured_media":591896,"comment_status":"","ping_status":"","sticky":false,"template":"","format":"standard","meta":{"footnotes":""},"categories":[5],"tags":[11,75,73,1011,27,14,12,338,337,28],"class_list":{"0":"post-591895","1":"post","2":"type-post","3":"status-publish","4":"format-standard","5":"has-post-thumbnail","7":"category-international","8":"tag-actualites","9":"tag-donald-trump","10":"tag-etats-unis","11":"tag-fr","12":"tag-france","13":"tag-international","14":"tag-news","15":"tag-nicolas-maduro","16":"tag-venezuela","17":"tag-world"},"share_on_mastodon":{"url":"https:\/\/pubeurope.com\/@fr\/115698629818423866","error":""},"_links":{"self":[{"href":"https:\/\/www.europesays.com\/fr\/wp-json\/wp\/v2\/posts\/591895","targetHints":{"allow":["GET"]}}],"collection":[{"href":"https:\/\/www.europesays.com\/fr\/wp-json\/wp\/v2\/posts"}],"about":[{"href":"https:\/\/www.europesays.com\/fr\/wp-json\/wp\/v2\/types\/post"}],"author":[{"embeddable":true,"href":"https:\/\/www.europesays.com\/fr\/wp-json\/wp\/v2\/users\/2"}],"replies":[{"embeddable":true,"href":"https:\/\/www.europesays.com\/fr\/wp-json\/wp\/v2\/comments?post=591895"}],"version-history":[{"count":0,"href":"https:\/\/www.europesays.com\/fr\/wp-json\/wp\/v2\/posts\/591895\/revisions"}],"wp:featuredmedia":[{"embeddable":true,"href":"https:\/\/www.europesays.com\/fr\/wp-json\/wp\/v2\/media\/591896"}],"wp:attachment":[{"href":"https:\/\/www.europesays.com\/fr\/wp-json\/wp\/v2\/media?parent=591895"}],"wp:term":[{"taxonomy":"category","embeddable":true,"href":"https:\/\/www.europesays.com\/fr\/wp-json\/wp\/v2\/categories?post=591895"},{"taxonomy":"post_tag","embeddable":true,"href":"https:\/\/www.europesays.com\/fr\/wp-json\/wp\/v2\/tags?post=591895"}],"curies":[{"name":"wp","href":"https:\/\/api.w.org\/{rel}","templated":true}]}}