{"id":591897,"date":"2025-12-11T02:42:13","date_gmt":"2025-12-11T02:42:13","guid":{"rendered":"https:\/\/www.europesays.com\/fr\/591897\/"},"modified":"2025-12-11T02:42:13","modified_gmt":"2025-12-11T02:42:13","slug":"bruno-retailleau-au-figaro-le-chantage-au-chaos-et-a-linstabilite-ca-suffit","status":"publish","type":"post","link":"https:\/\/www.europesays.com\/fr\/591897\/","title":{"rendered":"Bruno Retailleau au Figaro\u00a0:\u00a0\u00ab\u00a0Le chantage au chaos et \u00e0 l\u2019instabilit\u00e9, \u00e7a suffit\u00a0\u00bb"},"content":{"rendered":"<p>\n    <strong>ENTRETIEN EXCLUSIF &#8211;<\/strong> Alors que dix-huit d\u00e9put\u00e9s du groupe Droite r\u00e9publicaine, pr\u00e9sid\u00e9 par Laurent Wauquiez, ont vot\u00e9 le budget de la S\u00e9cu, le pr\u00e9sident LR estime que ce texte \u00ab\u00a0ne peut pas \u00eatre le deuxi\u00e8me tour de l\u2019\u00e9lection au parti\u00a0\u00bb.<\/p>\n<p class=\"fig-paragraph\"><strong>LE FIGARO. &#8211; Le budget de la S\u00e9cu est pass\u00e9 \u00e0 13\u00a0voix pr\u00e8s \u00e0 l\u2019Assembl\u00e9e. Il a donc \u00e9t\u00e9 adopt\u00e9 gr\u00e2ce aux 18\u00a0d\u00e9put\u00e9s LR qui ont d\u00e9cid\u00e9 de voter \u00ab\u00a0pour\u00a0\u00bb malgr\u00e9 votre consigne\u2026<\/strong><\/p>\n<p class=\"fig-paragraph\"><strong>BRUNO RETAILLEAU. &#8211; <\/strong>Le vote de ce budget est un triomphe pour\u00a0<a href=\"http:\/\/www.lefigaro.fr\/politique\/olivier-faure-le-pari-a-haut-risque-du-compromis-avec-sebastien-lecornu-20251206\" data-fig-type=\"Article\" data-gtm-custom-categorie=\"navigation\" data-gtm-custom-action=\"crossclick\" data-gtm-custom-label=\"Contextuel\" data-gtm-event=\"customEventSPE\" data-fig-domain=\"LEFIGARO\" target=\"_blank\" rel=\"noopener\">Olivier Faure<\/a>\u00a0et une d\u00e9faite pour la France. Si\u00a0<a href=\"http:\/\/www.lefigaro.fr\/conjoncture\/budget-de-la-secu-je-fais-le-choix-de-ne-pas-voter-en-faveur-de-ce-projet-de-loi-annonce-michel-barnier-20251205\" data-fig-type=\"NewsFlash\" data-gtm-custom-categorie=\"navigation\" data-gtm-custom-action=\"crossclick\" data-gtm-custom-label=\"Contextuel\" data-gtm-event=\"customEventSPE\" data-fig-domain=\"LEFIGARO\" target=\"_blank\" rel=\"noopener\">Michel Barnier\u00a0<\/a>et\u00a0<a href=\"http:\/\/www.lefigaro.fr\/politique\/budget-2026-en-retrait-francois-bayrou-laisse-ses-deputes-cibler-les-hauts-patrimoines-20251105\" data-fig-type=\"Article\" data-gtm-custom-categorie=\"navigation\" data-gtm-custom-action=\"crossclick\" data-gtm-custom-label=\"Contextuel\" data-gtm-event=\"customEventSPE\" data-fig-domain=\"LEFIGARO\" target=\"_blank\" rel=\"noopener\">Fran\u00e7ois Bayrou<\/a>\u00a0avaient autant l\u00e2ch\u00e9 \u00e0 la gauche, ils n\u2019auraient pas \u00e9t\u00e9 censur\u00e9s\u00a0! Je signe et je persiste\u00a0: ce budget n\u2019\u00e9tait pas votable. Il sacrifie l\u2019avenir au pr\u00e9sent\u00a0: c\u2019es<a href=\"http:\/\/www.lefigaro.fr\/politique\/budget-de-la-secu-les-deputes-votent-a-nouveau-la-suspension-de-la-reforme-des-retraites-20251205\" data-fig-type=\"NewsFlash\" data-gtm-custom-categorie=\"navigation\" data-gtm-custom-action=\"crossclick\" data-gtm-custom-label=\"Contextuel\" data-gtm-event=\"customEventSPE\" data-fig-domain=\"LEFIGARO\" target=\"_blank\" rel=\"noopener\">t l\u2019abandon de la r\u00e9forme des retraites<\/a>, et c\u2019est plus d\u2019imp\u00f4ts et d\u2019endettement. Nous serons \u00e0 24\u00a0milliards de d\u00e9ficit, soit quasiment le double du d\u00e9ficit de la<a href=\"http:\/\/www.lefigaro.fr\/social\/budget-de-la-securite-sociale-ce-qui-va-changer-pour-votre-sante-en-2026-20251210\" data-fig-type=\"NewsFlash\" data-gtm-custom-categorie=\"navigation\" data-gtm-custom-action=\"crossclick\" data-gtm-custom-label=\"Contextuel\" data-gtm-event=\"customEventSPE\" data-fig-domain=\"LEFIGARO\" target=\"_blank\" rel=\"noopener\">\u00a0S\u00e9curit\u00e9 sociale<\/a>\u00a0en 2023\u00a0! C\u2019est l\u2019une des pires lois de financement de la S\u00e9curit\u00e9 sociale que j\u2019ai vues depuis des ann\u00e9es.<\/p>\n<p class=\"fig-paragraph\"><strong>Que dites-vous \u00e0 ces d\u00e9put\u00e9s\u00a0?<\/strong><\/p>\n<p class=\"fig-paragraph\">Que je regrette leur vote. Que certes il n\u2019y a pas de mandat imp\u00e9ratif et que les d\u00e9put\u00e9s sont libres. Et que j\u2019ai conscience que la situation est extraordinairement complexe\u2026<\/p>\n<p class=\"fig-premium-paywall__infos\">\n        Cet article est r\u00e9serv\u00e9 aux abonn\u00e9s.        Il vous reste 89% \u00e0 d\u00e9couvrir.\n    <\/p>\n<p>                <img  data- alt=\"Le Figaro\" class=\"fig-img--complete fig-img\"\/><\/p>\n<p class=\"fig-premium-paywall__title\">Vente Flash<\/p>\n<p class=\"fig-premium-paywall__subtitle\">-50% sur l&rsquo;abonnement num\u00e9rique<\/p>\n<p class=\"fig-premium-paywall__connect\">\n                D\u00e9j\u00e0 abonn\u00e9\u00a0?                <a class=\"fig-premium-paywall__connect-link\" href=\"https:\/\/connect.lefigaro.fr\/login?client=horizon_web&amp;type=main&amp;redirect_uri=https%3A%2F%2Fwww.lefigaro.fr%2Fpolitique%2Fbruno-retailleau-au-figaro-le-chantage-au-chaos-et-a-l-instabilite-ca-suffit-20251210\" data-js-gtm=\"{&quot;customCategorie&quot;: &quot;conversion&quot;, &quot;customAction&quot;: &quot;before_Landing_Connexion_paywall_auto&quot;, &quot;customLabel&quot;: &quot;bGVmaWdhcm8uZnJfXzFmMGQ1ZTUxLTJhMjgtNmVmYS05ZTY3LTlkZmZmYzdjMGE1MF9fQXJ0aWNsZQ==_Bruno Retailleau au &lt;i&gt;Figaro\u00a0&lt;\/i&gt;:\u00a0\u00ab\u00a0Le chantage au chaos et \u00e0 l\u2019instabilit\u00e9, \u00e7a suffit\u00a0\u00bb_172&quot;, &quot;customIDSPE&quot;: &quot;bGVmaWdhcm8uZnJfXzFmMGQ1ZTUxLTJhMjgtNmVmYS05ZTY3LTlkZmZmYzdjMGE1MF9fQXJ0aWNsZQ==&quot;, &quot;event&quot;: &quot;customEventSPE&quot;}\" target=\"_blank\" rel=\"noopener\"><br \/>\n                    Connectez-vous<br \/>\n                <\/a>\n            <\/p>\n","protected":false},"excerpt":{"rendered":"ENTRETIEN EXCLUSIF &#8211; Alors que dix-huit d\u00e9put\u00e9s du groupe Droite r\u00e9publicaine, pr\u00e9sid\u00e9 par Laurent Wauquiez, ont vot\u00e9 le&hellip;\n","protected":false},"author":2,"featured_media":591898,"comment_status":"","ping_status":"","sticky":false,"template":"","format":"standard","meta":{"footnotes":""},"categories":[4],"tags":[11,1013,1011,27,5639,6319,12,25,11067],"class_list":{"0":"post-591897","1":"post","2":"type-post","3":"status-publish","4":"format-standard","5":"has-post-thumbnail","7":"category-france","8":"tag-actualites","9":"tag-bruno-retailleau","10":"tag-fr","11":"tag-france","12":"tag-laurent-wauquiez","13":"tag-les-republicains","14":"tag-news","15":"tag-republique-francaise","16":"tag-sebastien-lecornu"},"share_on_mastodon":{"url":"https:\/\/pubeurope.com\/@fr\/115698633586539999","error":""},"_links":{"self":[{"href":"https:\/\/www.europesays.com\/fr\/wp-json\/wp\/v2\/posts\/591897","targetHints":{"allow":["GET"]}}],"collection":[{"href":"https:\/\/www.europesays.com\/fr\/wp-json\/wp\/v2\/posts"}],"about":[{"href":"https:\/\/www.europesays.com\/fr\/wp-json\/wp\/v2\/types\/post"}],"author":[{"embeddable":true,"href":"https:\/\/www.europesays.com\/fr\/wp-json\/wp\/v2\/users\/2"}],"replies":[{"embeddable":true,"href":"https:\/\/www.europesays.com\/fr\/wp-json\/wp\/v2\/comments?post=591897"}],"version-history":[{"count":0,"href":"https:\/\/www.europesays.com\/fr\/wp-json\/wp\/v2\/posts\/591897\/revisions"}],"wp:featuredmedia":[{"embeddable":true,"href":"https:\/\/www.europesays.com\/fr\/wp-json\/wp\/v2\/media\/591898"}],"wp:attachment":[{"href":"https:\/\/www.europesays.com\/fr\/wp-json\/wp\/v2\/media?parent=591897"}],"wp:term":[{"taxonomy":"category","embeddable":true,"href":"https:\/\/www.europesays.com\/fr\/wp-json\/wp\/v2\/categories?post=591897"},{"taxonomy":"post_tag","embeddable":true,"href":"https:\/\/www.europesays.com\/fr\/wp-json\/wp\/v2\/tags?post=591897"}],"curies":[{"name":"wp","href":"https:\/\/api.w.org\/{rel}","templated":true}]}}