{"id":591901,"date":"2025-12-11T02:44:18","date_gmt":"2025-12-11T02:44:18","guid":{"rendered":"https:\/\/www.europesays.com\/fr\/591901\/"},"modified":"2025-12-11T02:44:18","modified_gmt":"2025-12-11T02:44:18","slug":"renouvellement-des-adjoints-a-saint-etienne-les-hommes-pourraient-manquer-a-lappel","status":"publish","type":"post","link":"https:\/\/www.europesays.com\/fr\/591901\/","title":{"rendered":"Renouvellement des adjoints \u00e0 Saint-Etienne\u00a0: les hommes pourraient manquer \u00e0 l\u2019appel"},"content":{"rendered":"<p class=\"is-style-chapo\">D\u00e9cid\u00e9ment, Saint-Etienne sait innover\u2026 Pour assurer la parit\u00e9 l\u00e9gale de la gouvernance publique de la Ville, ce sont bien des \u00e9lus sans \u00ab\u00a0e\u00a0\u00bb qui pourraient lui manquer. Du moins, si le prochain maire est issu de la majorit\u00e9 en place \u2013 ce qui \u00e0 moins d\u2019un coup de th\u00e9\u00e2tre, fait peu de doutes \u2013 et souhaite, \u00e0 la suite de son \u00e9lection par le conseil municipal extraordinaire de jeudi, soumettre \u00e0 un second vote de l\u2019assembl\u00e9e communale une liste de 20 adjoints comme actuellement. Explications.   <\/p>\n<p><img fetchpriority=\"high\" decoding=\"async\" width=\"1024\" height=\"576\" src=\"https:\/\/www.if-saint-etienne.fr\/wp-content\/uploads\/2024\/04\/Conseil-municipal-1024x576.webp\" alt=\"\" class=\"wp-image-70502\"  \/>\u00a9JT\/ If Saint-Etienne<\/p>\n<p>Pour cela, le maire est libre\u00a0: libre de d\u00e9signer le nombre d\u2019adjoints qu\u2019il souhaite et les d\u00e9l\u00e9gations de pouvoir allant avec dans la mesure o\u00f9 il ne doit pas d\u00e9passer une certaine proportion (ce que dit le <a href=\"https:\/\/www.collectivites-locales.gouv.fr\/connaitre-les-acteurs-et-les-institutions\/elus-locaux\/les-adjoints-au-maire\" target=\"_blank\" rel=\"noreferrer noopener\">CGCT<\/a>) par rapport au total d\u2019\u00e9lus du conseil municipal. Soit 59 si\u00e8ges \u00e0 Saint-Etienne, opposants compris\u00a0; 56 les occupant apr\u00e8s la derni\u00e8re <a href=\"https:\/\/www.if-saint-etienne.fr\/breves\/sans-attendre-la-reception-du-jugement-gael-perdriau-demissionne\" target=\"_blank\" rel=\"noreferrer noopener\">d\u00e9mission<\/a> en date, celle de Ga\u00ebl Perdriau dont la <a href=\"https:\/\/www.archives-resultats-elections.interieur.gouv.fr\/resultats\/municipales-2020\/042\/C2042218L008.php\" target=\"_blank\" rel=\"noreferrer noopener\">liste<\/a> \u00e9lectorale de 2020 est \u00e9puis\u00e9e depuis juin 2024, d\u2019o\u00f9 d\u00e9sormais trois si\u00e8ges inoccup\u00e9s. Pour ce qui est de la municipalit\u00e9 st\u00e9phanoise, un maximum de 22 adjoints \u00e9tait possible dont cinq li\u00e9s \u00e0 un attachement de mission \u00e0 des quartiers de la ville en particulier, conform\u00e9ment aux r\u00e8gles du <a href=\"https:\/\/www.legifrance.gouv.fr\/codes\/article_lc\/LEGIARTI000041410777\" target=\"_blank\" rel=\"noreferrer noopener\">Code<\/a> des collectivit\u00e9s territoriales.<\/p>\n<p>C\u2019est au moment de la d\u00e9signation par le maire de la liste des adjoints propos\u00e9s \u2013 c\u2019est cette liste globale qui sera soumise, comme le nom du maire, \u00e0 un vote ce <a href=\"https:\/\/www.if-saint-etienne.fr\/politique-societe\/succession-de-gael-perdriau-ce-sera-finalement-un-ticket-berger-chassaubene\" target=\"_blank\" rel=\"noreferrer noopener\">jeudi<\/a>, faisant donc l\u2019objet de deux d\u00e9lib\u00e9rations distinctes \u2013 que la parit\u00e9 doit \u00eatre respect\u00e9e \u00e0 un \u00e9lu \/ \u00e9lue pr\u00e8s, le maire lui-m\u00eame ne comptant pas. Dans le contexte que Saint-Etienne conna\u00eet, le processus est \u00e0 refaire, comme si les \u00e9lections au suffrage universel venaient d\u2019avoir lieu. Parmi les 20 adjoints <a href=\"https:\/\/www.saint-etienne.fr\/annuaire-des-elu-e-s\" target=\"_blank\" rel=\"noreferrer noopener\">actuellement<\/a> en place, 9 sont des hommes (les remplacements en cours de route expliquent un d\u00e9s\u00e9quilibre des deux alors qu\u2019il n\u2019est normalement tol\u00e9r\u00e9 qu\u2019au-del\u00e0 d\u2019une personne) mais il faut donc retirer Jean-Pierre Berger, probable futur maire. Il y a aussi le 3e adjoint qui se nomme toujours et encore\u2026 Gilles Artigues. <\/p>\n<p>Ce serait surr\u00e9aliste de voir la majorit\u00e9 spin off<a href=\"https:\/\/fr.wikipedia.org\/wiki\/Spin-off\" target=\"_blank\" rel=\"noopener\"> de Ga\u00ebl Perdriau le pr\u00e9senter \u00e0 nouveau comme adjoint pour ces 3 derniers mois. S\u2019il en \u00e9met d\u2019ailleurs la volont\u00e9. Ce dont on peut tr\u00e8s logiquement douter\u00a0: \u00e0 d\u00e9faut d\u2019une r\u00e9ponse directe, Lionel Boucher tr\u00e8s proche de lui, contact\u00e9 par If lundi, ne voyait pas les choses autrement. Il faut toutefois garder \u00e0 l\u2019esprit qu\u2019en mati\u00e8re surr\u00e9alisme, la vie politique de Saint-Etienne nage en plein dedans depuis plus de 3 ans et n\u2019a peut-\u00eatre pas encore atteint le bord (ou le fond) de la piscine\u2026<\/p>\n<p>18 adjoints \u00e0 Saint-Etienne grand maximum ?<\/p>\n<p>Restent donc parmi les adjoints hommes, d\u00e9j\u00e0 l\u00e0, Marc Chassaub\u00e9n\u00e9 qui sera donc bien le 1er adjoint propos\u00e9 et six autres\u00a0: Fr\u00e9d\u00e9ric Durand, Charles Dallara, Thierry Nictheu, Lionel Jouffre, Abdelouahb Bakli et Jean-Pierre Kotchian. Or, les trois premiers cit\u00e9s \u00e9taient signataires du communiqu\u00e9 des 12 men\u00e9s par Siham Labich refusant la <a href=\"https:\/\/www.if-saint-etienne.fr\/politique-societe\/succession-de-gael-perdriau-la-majorite-municipale-en-voie-de-faire-boum\" target=\"_blank\" rel=\"noreferrer noopener\">pr\u00e9sence<\/a> de Marc Chassaub\u00e9n\u00e9. Seront-ils tous d\u2019accord pour \u00eatre de l\u2019\u00e9quipe d\u2019adjoints et adjointes du <a href=\"https:\/\/www.if-saint-etienne.fr\/politique-societe\/succession-de-gael-perdriau-ce-sera-finalement-un-ticket-berger-chassaubene\" target=\"_blank\" rel=\"noreferrer noopener\">ticket<\/a> Jean-Pierre Berger \/ Marc Chassaub\u00e9n\u00e9\u00a0ou r\u00e9servent ils des surprises ? S\u2019ils sont d\u2019accord pour repartir, le plus peu probable, cela devrait donc donner au moins 7 adjoints hommes. Hors adjoints, parmi les 13 \u00ab\u00a0simples\u00a0\u00bb conseillers municipaux restants, seulement deux hommes\u00a0: Gabriel De Almeida, lui aussi signataire aux c\u00f4t\u00e9s de Siham Labich et, enfin, Jacques Plaine, 93 ans, au bout du bout de la liste Pr\u00e9f\u00e9rons le d\u00e9fi 2020 venu faire \u00ab\u00a0le nombre\u00a0\u00bb \u00e0 la suite de la derni\u00e8re vague de d\u00e9missions. Celui-ci n\u2019aurait aucune envie, selon nos informations, d\u2019assurer un poste d\u2019adjoint durant ces 3 mois restant\u2026<\/p>\n<p>Conclusion\u00a0: sans Gilles Artigues et avec Jean-Pierre Berger devenu maire, le nombre d\u2019adjoints \u2013 avec cette obligation d\u2019avoir un homme \/ une femme \/ un homme \/ une femme etc. \u2013 ne peut \u00eatre que de 18 grand maximum si les 9 hommes \u00e9lus restant de la majorit\u00e9 acceptent tous de l\u2019\u00eatre. Mais il est envisageable qu\u2019ils ne soient, du coup, que 6, 7 ou 8 \u00e0 dire \u00ab\u00a0oui\u00a0\u00bb et qu\u2019il n\u2019y ait donc que 12, 14 ou 16 adjoints au lieu de 20 pour finir ce mandat. Pourtant, la d\u00e9lib\u00e9ration n\u00b02 pr\u00e9sent\u00e9e \u2013 \u00e0 ce stade \u2013 dans l\u2019ordre du jour envoy\u00e9 pour la convocation du conseil de jeudi et qui porte pr\u00e9cis\u00e9ment sur le nombre d\u2019adjoints annonce qu\u2019\u00ab\u00a0il est propos\u00e9 au Conseil municipal de maintenir le nombre d\u2019adjoints au Maire \u00e0 20\u00a0\u00bb. Puis qu\u2019\u00ab\u00a0il est demand\u00e9 \u00e0 l\u2019Assembl\u00e9e d\u00e9lib\u00e9rante de bien vouloir : arr\u00eater le nombre d\u2019adjoints \u00e0 20\u00a0\u00bb.<\/p>\n<p>Interrog\u00e9 sur cet aspect pr\u00e9cis mardi, en milieu de journ\u00e9e, Marc Chassaub\u00e9n\u00e9 nous indique que la formulation de la d\u00e9lib\u00e9ration est \u00e0 \u00ab\u00a0prendre \u00e0 pur titre indicatif \u00bb. Sans en dire plus\u00a0: intenses discussions en cours obligent\u2026 tr\u00e8s probablement.<\/p>\n","protected":false},"excerpt":{"rendered":"D\u00e9cid\u00e9ment, Saint-Etienne sait innover\u2026 Pour assurer la parit\u00e9 l\u00e9gale de la gouvernance publique de la Ville, ce sont&hellip;\n","protected":false},"author":2,"featured_media":403107,"comment_status":"","ping_status":"","sticky":false,"template":"","format":"standard","meta":{"footnotes":""},"categories":[9653],"tags":[1111,11,2430,36219,15916,70487,15917,1777,674,1011,27,16352,12,63542,25,4001],"class_list":{"0":"post-591901","1":"post","2":"type-post","3":"status-publish","4":"format-standard","5":"has-post-thumbnail","7":"category-saint-etienne","8":"tag-actu","9":"tag-actualites","10":"tag-auvergne-rhone-alpes","11":"tag-conseil-municipal-de-saint-etienne","12":"tag-electif","13":"tag-election-des-adjoints","14":"tag-elections-municipales-saint-etienne","15":"tag-eu","16":"tag-europe","17":"tag-fr","18":"tag-france","19":"tag-jean-pierre-berger","20":"tag-news","21":"tag-parite","22":"tag-republique-francaise","23":"tag-saint-etienne"},"share_on_mastodon":{"url":"https:\/\/pubeurope.com\/@fr\/115698643007320557","error":""},"_links":{"self":[{"href":"https:\/\/www.europesays.com\/fr\/wp-json\/wp\/v2\/posts\/591901","targetHints":{"allow":["GET"]}}],"collection":[{"href":"https:\/\/www.europesays.com\/fr\/wp-json\/wp\/v2\/posts"}],"about":[{"href":"https:\/\/www.europesays.com\/fr\/wp-json\/wp\/v2\/types\/post"}],"author":[{"embeddable":true,"href":"https:\/\/www.europesays.com\/fr\/wp-json\/wp\/v2\/users\/2"}],"replies":[{"embeddable":true,"href":"https:\/\/www.europesays.com\/fr\/wp-json\/wp\/v2\/comments?post=591901"}],"version-history":[{"count":0,"href":"https:\/\/www.europesays.com\/fr\/wp-json\/wp\/v2\/posts\/591901\/revisions"}],"wp:featuredmedia":[{"embeddable":true,"href":"https:\/\/www.europesays.com\/fr\/wp-json\/wp\/v2\/media\/403107"}],"wp:attachment":[{"href":"https:\/\/www.europesays.com\/fr\/wp-json\/wp\/v2\/media?parent=591901"}],"wp:term":[{"taxonomy":"category","embeddable":true,"href":"https:\/\/www.europesays.com\/fr\/wp-json\/wp\/v2\/categories?post=591901"},{"taxonomy":"post_tag","embeddable":true,"href":"https:\/\/www.europesays.com\/fr\/wp-json\/wp\/v2\/tags?post=591901"}],"curies":[{"name":"wp","href":"https:\/\/api.w.org\/{rel}","templated":true}]}}