{"id":591903,"date":"2025-12-11T02:47:20","date_gmt":"2025-12-11T02:47:20","guid":{"rendered":"https:\/\/www.europesays.com\/fr\/591903\/"},"modified":"2025-12-11T02:47:20","modified_gmt":"2025-12-11T02:47:20","slug":"champigneulles-les-amis-du-blues-sur-la-scene-de-champhivernal","status":"publish","type":"post","link":"https:\/\/www.europesays.com\/fr\/591903\/","title":{"rendered":"Champigneulles. Les Amis du blues sur la sc\u00e8ne de Champ\u2019hivernal"},"content":{"rendered":"<p>L\u2019association musicale locale Les Amis du blues a anim\u00e9 la huiti\u00e8me soir\u00e9e de Champ\u2019hivernal en offrant au public un moment chaleureux et festif. Port\u00e9 par l\u2019\u00e9nergie d\u2019Herv\u00e9, le groupe a interpr\u00e9t\u00e9 des airs connus et entra\u00eenants tels qu\u2019 \u00c9toile des Neiges , C\u2019est si bon ou encore Santiano. Les spectateurs conquis n\u2019ont pas h\u00e9sit\u00e9 \u00e0 chanter chaque refrain.<\/p>\n","protected":false},"excerpt":{"rendered":"L\u2019association musicale locale Les Amis du blues a anim\u00e9 la huiti\u00e8me soir\u00e9e de Champ\u2019hivernal en offrant au public&hellip;\n","protected":false},"author":2,"featured_media":591904,"comment_status":"","ping_status":"","sticky":false,"template":"","format":"standard","meta":{"footnotes":""},"categories":[9635],"tags":[1111,11,13561,13560,1687,1704,1777,674,1011,27,775,1702,12,25,3140],"class_list":{"0":"post-591903","1":"post","2":"type-post","3":"status-publish","4":"format-standard","5":"has-post-thumbnail","7":"category-nancy","8":"tag-actu","9":"tag-actualites","10":"tag-cc-du-bassin-de-pompey-54b2","11":"tag-champigneulles","12":"tag-culture-loisirs","13":"tag-edition-nancy-et-agglomeration","14":"tag-eu","15":"tag-europe","16":"tag-fr","17":"tag-france","18":"tag-grand-est","19":"tag-nancy","20":"tag-news","21":"tag-republique-francaise","22":"tag-spectacle"},"share_on_mastodon":{"url":"https:\/\/pubeurope.com\/@fr\/115698653214627069","error":""},"_links":{"self":[{"href":"https:\/\/www.europesays.com\/fr\/wp-json\/wp\/v2\/posts\/591903","targetHints":{"allow":["GET"]}}],"collection":[{"href":"https:\/\/www.europesays.com\/fr\/wp-json\/wp\/v2\/posts"}],"about":[{"href":"https:\/\/www.europesays.com\/fr\/wp-json\/wp\/v2\/types\/post"}],"author":[{"embeddable":true,"href":"https:\/\/www.europesays.com\/fr\/wp-json\/wp\/v2\/users\/2"}],"replies":[{"embeddable":true,"href":"https:\/\/www.europesays.com\/fr\/wp-json\/wp\/v2\/comments?post=591903"}],"version-history":[{"count":0,"href":"https:\/\/www.europesays.com\/fr\/wp-json\/wp\/v2\/posts\/591903\/revisions"}],"wp:featuredmedia":[{"embeddable":true,"href":"https:\/\/www.europesays.com\/fr\/wp-json\/wp\/v2\/media\/591904"}],"wp:attachment":[{"href":"https:\/\/www.europesays.com\/fr\/wp-json\/wp\/v2\/media?parent=591903"}],"wp:term":[{"taxonomy":"category","embeddable":true,"href":"https:\/\/www.europesays.com\/fr\/wp-json\/wp\/v2\/categories?post=591903"},{"taxonomy":"post_tag","embeddable":true,"href":"https:\/\/www.europesays.com\/fr\/wp-json\/wp\/v2\/tags?post=591903"}],"curies":[{"name":"wp","href":"https:\/\/api.w.org\/{rel}","templated":true}]}}