{"id":591913,"date":"2025-12-11T02:57:22","date_gmt":"2025-12-11T02:57:22","guid":{"rendered":"https:\/\/www.europesays.com\/fr\/591913\/"},"modified":"2025-12-11T02:57:22","modified_gmt":"2025-12-11T02:57:22","slug":"sebastien-groult-reprend-la-concession-triumph-du-village-moto-de-rouen","status":"publish","type":"post","link":"https:\/\/www.europesays.com\/fr\/591913\/","title":{"rendered":"S\u00e9bastien Groult reprend la concession Triumph du village moto de Rouen"},"content":{"rendered":"<p>\nLe <strong>village moto<\/strong> implant\u00e9 \u00e0 Saint-Jean-du-Cardonnay, en banlieue de <strong>Rouen<\/strong>, poursuit son regroupement autour de <strong>S\u00e9bastien Groult<\/strong>. Apr\u00e8s plusieurs acquisitions et ouvertures au cours des derniers mois, S\u00e9bastien Groult vient d\u2019acqu\u00e9rir la concession <strong>Triumph <\/strong>implant\u00e9e au sein du village. Un \u00e9tablissement qui appartenait jusqu\u2019\u00e0 pr\u00e9sent \u00e0 <strong>Julien Baray<\/strong>. Le site rejoint donc les entit\u00e9s AZ Moto, PBS Moto, EVI Motors, RMS Motors, Dafy et Daf\u2019Okaz qui constituent la quasi-totalit\u00e9 du village moto. Seule la concession <strong>BMW Motorrad Normandy Moto<\/strong> appartient depuis peu au <strong>groupe BMS<\/strong>, pr\u00e9sent dans l\u2019automobile et la moto avec BMW, Mini et BYD.<\/p>\n<p>Constituer un ensemble structur\u00e9<\/p>\n<p>\nL\u2019acquisition du point de vente Triumph s\u2019inscrit dans une strat\u00e9gie de <strong>croissance multimarque<\/strong> et de <strong>renforcement <\/strong>face \u00e0 d&rsquo;ambitieux groupes de distribution issus de l\u2019automobile. Pour m\u00e9moire, la holding <strong>Village Moto Normandie<\/strong>\u00a0m\u00e8ne le d\u00e9veloppement du site par diverses initiatives. Le village rassemble donc actuellement Honda, CFMoto, Zontes, Benelli, MV Agusta, Kymco, Hyosung, QJ Motor, Royal-Enfield, Moto Morini, Mash, Aprilia, Piaggio, Moto Guzzi, Vespa, Peugeot Motocycles, BSA et Triumph. Le magasin Dafy dispose \u00e9galement d\u2019un <strong>Daf\u2019Okaz<\/strong> pour l\u2019activit\u00e9 occasions. Enfin, la concession Normandy Moto du groupe BMS compl\u00e8te l\u2019offre sur place avec la marque BMW Motorrad.<\/p>\n","protected":false},"excerpt":{"rendered":"Le village moto implant\u00e9 \u00e0 Saint-Jean-du-Cardonnay, en banlieue de Rouen, poursuit son regroupement autour de S\u00e9bastien Groult. Apr\u00e8s&hellip;\n","protected":false},"author":2,"featured_media":591914,"comment_status":"","ping_status":"","sticky":false,"template":"","format":"standard","meta":{"footnotes":""},"categories":[9587],"tags":[314,1111,11,70488,10568,10569,30610,9582,10565,10574,1777,674,1011,27,10575,10577,1457,12,5161,10570,25,10571,10572,10576,9590,6291,10578],"class_list":{"0":"post-591913","1":"post","2":"type-post","3":"status-publish","4":"format-standard","5":"has-post-thumbnail","7":"category-rouen","8":"tag-acquisition","9":"tag-actu","10":"tag-actualites","11":"tag-bmw-motorrad","12":"tag-concession","13":"tag-concessionnaire","14":"tag-deux-et-trois-roues","15":"tag-deux-roues","16":"tag-deux-roues-motorises","17":"tag-distributeurs","18":"tag-eu","19":"tag-europe","20":"tag-fr","21":"tag-france","22":"tag-groupe-de-distribution","23":"tag-honda-motos","24":"tag-moto","25":"tag-news","26":"tag-normandie","27":"tag-rachat-de-concessions","28":"tag-republique-francaise","29":"tag-reseau-de-concessionnaires","30":"tag-reseaux-de-concessionnaires","31":"tag-reseaux-de-distribution","32":"tag-rouen","33":"tag-scooter","34":"tag-triumph"},"share_on_mastodon":{"url":"https:\/\/pubeurope.com\/@fr\/115698692534688694","error":""},"_links":{"self":[{"href":"https:\/\/www.europesays.com\/fr\/wp-json\/wp\/v2\/posts\/591913","targetHints":{"allow":["GET"]}}],"collection":[{"href":"https:\/\/www.europesays.com\/fr\/wp-json\/wp\/v2\/posts"}],"about":[{"href":"https:\/\/www.europesays.com\/fr\/wp-json\/wp\/v2\/types\/post"}],"author":[{"embeddable":true,"href":"https:\/\/www.europesays.com\/fr\/wp-json\/wp\/v2\/users\/2"}],"replies":[{"embeddable":true,"href":"https:\/\/www.europesays.com\/fr\/wp-json\/wp\/v2\/comments?post=591913"}],"version-history":[{"count":0,"href":"https:\/\/www.europesays.com\/fr\/wp-json\/wp\/v2\/posts\/591913\/revisions"}],"wp:featuredmedia":[{"embeddable":true,"href":"https:\/\/www.europesays.com\/fr\/wp-json\/wp\/v2\/media\/591914"}],"wp:attachment":[{"href":"https:\/\/www.europesays.com\/fr\/wp-json\/wp\/v2\/media?parent=591913"}],"wp:term":[{"taxonomy":"category","embeddable":true,"href":"https:\/\/www.europesays.com\/fr\/wp-json\/wp\/v2\/categories?post=591913"},{"taxonomy":"post_tag","embeddable":true,"href":"https:\/\/www.europesays.com\/fr\/wp-json\/wp\/v2\/tags?post=591913"}],"curies":[{"name":"wp","href":"https:\/\/api.w.org\/{rel}","templated":true}]}}