{"id":591915,"date":"2025-12-11T02:58:20","date_gmt":"2025-12-11T02:58:20","guid":{"rendered":"https:\/\/www.europesays.com\/fr\/591915\/"},"modified":"2025-12-11T02:58:20","modified_gmt":"2025-12-11T02:58:20","slug":"jeunesse-police-justice-une-rencontre-pour-renouer-le-dialogue-a-grenoble","status":"publish","type":"post","link":"https:\/\/www.europesays.com\/fr\/591915\/","title":{"rendered":"Jeunesse &#8211; Police &#8211; Justice : une rencontre pour renouer le dialogue \u00e0 Grenoble"},"content":{"rendered":"<p>10\/12\/2025 &#8211; 09:55<\/p>\n<p>\t\t\t\t\t\t\t\t&#13;<br \/>\n&#13;<br \/>\n&#13;<br \/>\n&#13;<br \/>\n&#13;<\/p>\n<p>Mardi 9 d\u00e9cembre 2025, la Salle Olivier Messiaen de Grenoble a accueilli la seconde s\u00e9quence de la journ\u00e9e \u00ab Jeunesse \u2013 Police \u2013 Justice \u00bb, organis\u00e9e par la MJC Allobroges et ses partenaires. Pr\u00e8s de 180 lyc\u00e9ens des \u00e9tablissements Emmanuel Mounier, Pablo Neruda et Stendhal ont particip\u00e9 \u00e0 cet \u00e9v\u00e9nement destin\u00e9 \u00e0 ouvrir un espace de dialogue entre jeunes, magistrats, police, acteurs associatifs et culturels.<\/p>\n<p><strong>Une apr\u00e8s-midi d\u2019\u00e9changes pour d\u00e9passer les repr\u00e9sentations<\/strong><\/p>\n<p>Anim\u00e9e par Me Le\u00efla Bensaloudj, avocate au barreau de Grenoble, la table-ronde r\u00e9unissait Youssef Badr, magistrat et pr\u00e9sident de l\u2019association La Courte \u00c9chelle, Hanane Bakioui, commissaire de police, Farid Benlagha, producteur de la com\u00e9die musicale La Haine, ainsi que Hadjira Fellague, pr\u00e9sidente de l\u2019association RedOne.<\/p>\n<p><strong>Une pr\u00e9paration longue et impliquante<\/strong><\/p>\n<p>Les lyc\u00e9ens ont largement contribu\u00e9 \u00e0 nourrir la discussion. Depuis plusieurs semaines, ils avaient travaill\u00e9 sur Une justice pour les mille visages, l\u2019ouvrage de Youssef Badr. \u00ab \u00c7a fait un mois qu\u2019on pr\u00e9pare cette journ\u00e9e. On a d\u00fb lire le livre, regarder des interviews, chercher des questions et choisir les plus pertinentes \u00bb, explique Nolwenn, \u00e9l\u00e8ve du lyc\u00e9e Mounier.<br \/>Shekina\u00a0confirme cette implication : \u00ab Mon livre \u00e9tait rempli de post-it \u00e0 la fin. \u00c7a m\u2019a permis d\u2019avoir un avis concret et pas mal de questions. \u00bb<\/p>\n<p>Pour beaucoup, cette pr\u00e9paration a aussi \u00e9t\u00e9 l\u2019occasion de d\u00e9couvrir des th\u00e9matiques nouvelles, comme le raconte\u00a0Shekina : \u00ab Je ne connaissais pas du tout La Haine, j\u2019ai d\u00e9couvert le film et j\u2019ai trouv\u00e9 \u00e7a vraiment int\u00e9ressant. \u00bb<\/p>\n<p><strong>Justice et police : ouvrir les portes des institutions<\/strong><\/p>\n<p>L\u2019un des objectifs affich\u00e9s de la rencontre \u00e9tait de d\u00e9mystifier les institutions judiciaires et polici\u00e8res.<br \/>Pour Youssef Badr, cette d\u00e9marche est essentielle :<br \/>\u00ab C\u2019est hyper important de venir dire aux jeunes que la justice n\u2019est pas un milieu ferm\u00e9. Elle leur est ouverte, quelle que soit leur origine sociale ou leur parcours. \u00bb Le magistrat explique aussi l\u2019int\u00e9r\u00eat constant du public jeune pour ces sujets :<br \/>\u00ab La justice fascine. On a tous des id\u00e9es pr\u00e9con\u00e7ues, fa\u00e7onn\u00e9es par les s\u00e9ries ou les critiques dans les m\u00e9dias. Les jeunes ont toujours des milliers de questions. \u00bb<\/p>\n<p>La pr\u00e9sence de la commissaire Hanane Bakioui a particuli\u00e8rement marqu\u00e9 les \u00e9l\u00e8ves.<br \/>\u00ab C\u2019est super rare d\u2019avoir une commissaire de police dans une conf\u00e9rence. \u00c7a donne un autre point de vue, surtout \u00e0 une \u00e9poque o\u00f9 la police est beaucoup remise en question \u00bb, observe Nolwenn. Certains lyc\u00e9ens ont m\u00eame regrett\u00e9 de ne pas avoir pu poser toutes leurs questions, comme Lionel :<br \/>\u00ab Je voulais lui demander si, selon elle, on pouvait changer la mani\u00e8re de parler des violences polici\u00e8res, l\u00e9gitimes ou pas l\u00e9gitimes. Mais je n\u2019ai pas eu le temps. \u00bb<\/p>\n<p><strong>Des messages d\u2019espoir et de possibilit\u00e9s<\/strong><\/p>\n<p>Au-del\u00e0 des \u00e9changes institutionnels, la rencontre a port\u00e9 un message d\u2019encouragement port\u00e9 par les intervenants comme par les organisateurs. Pour Saliha Boudjadi, coordinatrice du projet :<br \/>\u00ab Il y a un rejet mutuel entre une partie de la jeunesse et la police. Mais on voulait montrer qu\u2019il existe des possibilit\u00e9s, qu\u2019il faut aller vers l\u2019autre et chercher sa victoire. Aujourd\u2019hui, j\u2019ai vu beaucoup de sourires et de l\u2019espoir. \u00bb<\/p>\n<p>Cette id\u00e9e d\u2019accessibilit\u00e9 et d\u2019ascension sociale r\u00e9sonne avec les propos de Youssef Badr, qui insiste sur la solidarit\u00e9 :<br \/>\u00ab Vous pouvez avoir un avenir exigeant mais riche dans les m\u00e9tiers de la justice. Ne laissez personne vous dire que ce n\u2019est pas pour vous. \u00bb<\/p>\n<p><strong>Une dynamique collective en construction<\/strong><\/p>\n<p>Pour la MJC Allobroges, cette journ\u00e9e s\u2019inscrit dans un cycle de r\u00e9flexion engag\u00e9 depuis plus d\u2019un an.<br \/>\u00ab On travaille sur les probl\u00e9matiques des jeunes avec diff\u00e9rents partenaires. Apr\u00e8s les ph\u00e9nom\u00e8nes de gang puis les fake news, aujourd\u2019hui, on aborde police-justice. L\u2019objectif est de permettre aux jeunes de r\u00e9fl\u00e9chir autour d\u2019eux-m\u00eames \u00bb, explique Waleb Kismoune, pr\u00e9sident de la MJC.<\/p>\n<p>Il se f\u00e9licite \u00e9galement de l\u2019ampleur de l\u2019\u00e9v\u00e9nement :<br \/>\u00ab On a r\u00e9uni 150 jeunes le matin et 180 l\u2019apr\u00e8s-midi. Les enseignants ont fait un travail extraordinaire. \u00bb<br \/>Pour beaucoup d\u2019\u00e9l\u00e8ves, cette journ\u00e9e est venue contredire les discours pessimistes souvent port\u00e9s sur la jeunesse.<br \/>Comme le r\u00e9sume Djibril, lyc\u00e9en \u00e0 Mounier :<br \/>\u00ab Les adultes pensent que les jeunes sont en perdition. Mais on montre qu\u2019on peut avoir un avenir professionnel et qu\u2019il y a de l\u2019espoir. \u00bb<\/p>\n<p>\u00a0<\/p>\n","protected":false},"excerpt":{"rendered":"10\/12\/2025 &#8211; 09:55 &#13; &#13; &#13; &#13; &#13; Mardi 9 d\u00e9cembre 2025, la Salle Olivier Messiaen de Grenoble&hellip;\n","protected":false},"author":2,"featured_media":591916,"comment_status":"","ping_status":"","sticky":false,"template":"","format":"standard","meta":{"footnotes":""},"categories":[9566],"tags":[1111,11,2430,1777,674,1011,27,2731,12,25],"class_list":{"0":"post-591915","1":"post","2":"type-post","3":"status-publish","4":"format-standard","5":"has-post-thumbnail","7":"category-grenoble","8":"tag-actu","9":"tag-actualites","10":"tag-auvergne-rhone-alpes","11":"tag-eu","12":"tag-europe","13":"tag-fr","14":"tag-france","15":"tag-grenoble","16":"tag-news","17":"tag-republique-francaise"},"share_on_mastodon":{"url":"https:\/\/pubeurope.com\/@fr\/115698696534724275","error":""},"_links":{"self":[{"href":"https:\/\/www.europesays.com\/fr\/wp-json\/wp\/v2\/posts\/591915","targetHints":{"allow":["GET"]}}],"collection":[{"href":"https:\/\/www.europesays.com\/fr\/wp-json\/wp\/v2\/posts"}],"about":[{"href":"https:\/\/www.europesays.com\/fr\/wp-json\/wp\/v2\/types\/post"}],"author":[{"embeddable":true,"href":"https:\/\/www.europesays.com\/fr\/wp-json\/wp\/v2\/users\/2"}],"replies":[{"embeddable":true,"href":"https:\/\/www.europesays.com\/fr\/wp-json\/wp\/v2\/comments?post=591915"}],"version-history":[{"count":0,"href":"https:\/\/www.europesays.com\/fr\/wp-json\/wp\/v2\/posts\/591915\/revisions"}],"wp:featuredmedia":[{"embeddable":true,"href":"https:\/\/www.europesays.com\/fr\/wp-json\/wp\/v2\/media\/591916"}],"wp:attachment":[{"href":"https:\/\/www.europesays.com\/fr\/wp-json\/wp\/v2\/media?parent=591915"}],"wp:term":[{"taxonomy":"category","embeddable":true,"href":"https:\/\/www.europesays.com\/fr\/wp-json\/wp\/v2\/categories?post=591915"},{"taxonomy":"post_tag","embeddable":true,"href":"https:\/\/www.europesays.com\/fr\/wp-json\/wp\/v2\/tags?post=591915"}],"curies":[{"name":"wp","href":"https:\/\/api.w.org\/{rel}","templated":true}]}}