{"id":591917,"date":"2025-12-11T02:59:22","date_gmt":"2025-12-11T02:59:22","guid":{"rendered":"https:\/\/www.europesays.com\/fr\/591917\/"},"modified":"2025-12-11T02:59:22","modified_gmt":"2025-12-11T02:59:22","slug":"grenoble-simpose-largement-a-amiens","status":"publish","type":"post","link":"https:\/\/www.europesays.com\/fr\/591917\/","title":{"rendered":"Grenoble s&rsquo;impose largement \u00e0 Amiens"},"content":{"rendered":"<p>\t\t\t\t\t\t\t\t\t\t\t\t\t\tR\u00e9sumez l&rsquo;article avec :<\/p>\n<p>ChatGPTPerplexityClaudeGoogle AI<\/p>\n<p>Au bord de la crise il y a encore dix jours de cela, les Gothiques ont s\u00e9rieusement redress\u00e9 la barre. Victorieux lors des quatre derni\u00e8res sorties face \u00e0 des concurrents directs pour l\u2019accession aux play-offs, les prot\u00e9g\u00e9s de Kevin Bergin ont pris un bol d\u2019air et de confiance sur la glace tandis que, en coulisses, l\u2019effectif a \u00e9t\u00e9 retouch\u00e9. Ainsi, Jakub Izacky et Amiens ont mis fin \u00e0 leur collaboration d\u2019un commun accord. Le Tch\u00e8que est remplac\u00e9 num\u00e9riquement par l\u2019ancien capitaine samarien, Zachary Lavigne, de retour quelques mois \u00e0 peine apr\u00e8s son d\u00e9part. En compl\u00e9ment, Anthony Beauchamp vient s\u2019ajouter \u00e0 l\u2019\u00e9quipe mais ne sera, comme Lavigne, disponible qu\u2019apr\u00e8s la tr\u00eave. En outre, la direction va \u00eatre amen\u00e9e \u00e0 bouger avec l\u2019arriv\u00e9e d\u2019investisseurs qu\u00e9b\u00e9cois \u00e0 officialiser dans les prochains jours. Une semaine charg\u00e9e pour Amiens qui se termine par la r\u00e9ception du champion de France en titre, Grenoble, avant la tr\u00eave.<\/p>\n<p>Pour les Br\u00fbleurs de Loups, la semaine a \u00e9galement \u00e9t\u00e9 agit\u00e9e, pour des raisons moins roses. En effet, apr\u00e8s le joli succ\u00e8s contre Angers, \u00e9maill\u00e9 d\u2019incidents, les Grenoblois ont appris la suspension de leur d\u00e9fenseur international fran\u00e7ais Pierre Crinon pour sept rencontres tandis que Valentin Grosset\u00eate a \u00e9cop\u00e9 de quatre matches d\u2019absence. Conjugu\u00e9s \u00e0 la blessure de Pontus Englund et au d\u00e9part de Birkheim Andersen, ces suspensions viennent d\u00e9cimer encore un peu plus la d\u00e9fense is\u00e9roise qui devra composer avec deux jeunes, Nathan Nicoud et Niklas Terglav. Suffisant pour finir en beaut\u00e9 avant une coupure bien m\u00e9rit\u00e9e\u00a0?<\/p>\n<p><strong>Fouquerel vite chass\u00e9<\/strong><\/p>\n<p>En qu\u00eate de continuit\u00e9, les Grenoblois ne tardaient pas \u00e0 se mettre en \u00e9vidence. Boivin, en zone offensive depuis la droite, prenait un tir du poignet plut\u00f4t anodin mais Fouquerel \u2013 titulaire du soir \u2013 se ratait et laissait la rondelle glissait derri\u00e8re la ligne de but (0-1, 0\u201927). Un premier coup de froid rapide. En contr\u00f4le du jeu, les visiteurs s\u2019installaient \u00e0 nouveau tr\u00e8s rapidement en zone offensive, transmettaient le palet \u00e0 Terglav qui prenait sa chance de loin\u2026 et trouvait le fond des filets (0-2, 1\u201935). Deux tirs cadr\u00e9s, deux buts et Cl\u00e9ment Fouquerel d\u00e9j\u00e0 chass\u00e9, la soir\u00e9e virait \u2013 d\u00e9j\u00e0 \u2013 au cauchemar pour les supporters ami\u00e9nois. La pression ne diminuait pas pour autant et sur une jolie remise de Deschamps, Weigel tentait sa chance de pr\u00e8s mais manquait le cadre pour quelques centim\u00e8tres (4\u2019).<\/p>\n<p><img loading=\"lazy\" decoding=\"async\" class=\"size-full wp-image-20316078 aligncenter\" src=\"data:image\/svg+xml,%3Csvg%20xmlns=\" http:=\"\" alt=\"amiens grenoble 07 d\u00e9c 2025 (17)\" width=\"799\" height=\"533\" data-lazy- data-lazy- data-lazy-src=\"https:\/\/www.europesays.com\/fr\/wp-content\/uploads\/2025\/12\/amiens-grenoble-07-dec-2025-17.jpg\"\/><\/p>\n<p>\u00c9touffants et dominateurs sans partage, les Is\u00e9rois ne laissaient aucune chance \u00e0 leurs h\u00f4tes du soir et, en sup\u00e9riorit\u00e9, faisaient \u00e0 nouveau parler la poudre sur un sublime jeu \u00e0 trois conclu d\u2019une reprise imparable de Treille qui m\u00e9dusait Kozun, impuissant (0-3, 11\u201905).<\/p>\n<p>D\u00e9pass\u00e9s, les Picards b\u00e9n\u00e9ficiaient d\u2019un powerplay bienvenu pour enfin attaquer, cons\u00e9cutif \u00e0 une faute en zone offensive de Boivin sur Mony. Si la premi\u00e8re unit\u00e9 n\u2019apportait pas le danger, sur un jeu rapide le deuxi\u00e8me bloc voyait Matima rentrer sur la gauche, transmettre \u00e0 Gibert qui trouvait Djemel au deuxi\u00e8me poteau. Ce dernier ne manquait pas la cible et relan\u00e7ait quelque peu le suspense (1-3, 14\u201904). Dans les instants qui suivaient, en contre, Richards trouvait Matima esseul\u00e9 dont la reprise venait s\u2019\u00e9craser sur les montants de Pintaric (16\u2019).<\/p>\n<p><img loading=\"lazy\" decoding=\"async\" class=\"size-full wp-image-20316071 aligncenter\" src=\"data:image\/svg+xml,%3Csvg%20xmlns=\" http:=\"\" alt=\"amiens grenoble 07 d\u00e9c 2025 (10)\" width=\"799\" height=\"533\" data-lazy- data-lazy- data-lazy-src=\"https:\/\/www.europesays.com\/fr\/wp-content\/uploads\/2025\/12\/amiens-grenoble-07-dec-2025-10.jpg\"\/><\/p>\n<p><strong>Amiens n\u2019abdique pas<\/strong><\/p>\n<p>Une absence de r\u00e9ussite qui se payait tr\u00e8s cher dans les minutes qui suivaient quand, apr\u00e8s une longue bataille devant le but avec Gauffriau, Mallet r\u00e9cup\u00e9rait un rebond et parvenaient \u2013 en deux temps \u2013 \u00e0 tromper Kozun (1-4, 16\u201929). Un coup de froid violent pour des Picards qui terminaient la p\u00e9riode en mettant un ultime coup de collier via Lemay, pr\u00e8s du but, qui manquait le cadre pour quelques centim\u00e8tres (18\u2019).<\/p>\n<p>Remont\u00e9s comme des pendules au retour des vestiaires, les prot\u00e9g\u00e9s de Bergin se mettaient en \u00e9vidence en prenant le contr\u00f4le du jeu et en s\u2019offrant la premi\u00e8re chance du tiers m\u00e9dian apr\u00e8s un gros travail de Matima qui trouvait Richards sur la gauche, for\u00e7ant Pintaric \u00e0 un gros arr\u00eat (22\u201930).<\/p>\n<p><img loading=\"lazy\" decoding=\"async\" class=\"size-full wp-image-20316094 aligncenter\" src=\"data:image\/svg+xml,%3Csvg%20xmlns=\" http:=\"\" alt=\"amiens grenoble 07 d\u00e9c 2025 (32)\" width=\"800\" height=\"533\" data-lazy- data-lazy- data-lazy-src=\"https:\/\/www.europesays.com\/fr\/wp-content\/uploads\/2025\/12\/amiens-grenoble-07-dec-2025-32.jpg\"\/><\/p>\n<p>Malgr\u00e9 ce bon d\u00e9but de p\u00e9riode, les Grenoblois rappelaient rapidement leur statut de favori en une petite action. Depuis la droite de la zone neutre, Deschamps d\u00e9livrait une passe millim\u00e9tr\u00e9e pour Treille qui entrait en zone offensive et crucifiait Kozun (1-5, 24\u201918). Touch\u00e9s, les Gothiques ne se laissaient pas abattre pour autant. Repartant de l\u2019avant, ils b\u00e9n\u00e9ficiaient d\u2019une double sup\u00e9riorit\u00e9 apr\u00e8s une faute de Prissaint coupable d\u2019avoir voulu venger Gueurif puis de Karlsson. Malgr\u00e9 un premier arr\u00eat de qualit\u00e9 de Pintaric sur Ma\u00efa (28\u201930), l\u2019ancien Rouennais ne pouvait rien sur un tir laser du meilleur buteur du championnat, William Lemay (2-5, 29\u201901).<\/p>\n<p><strong>Treille voit triple<\/strong><\/p>\n<p>De quoi redonner un surplus d\u2019allant pour une \u00e9quipe qui n\u2019en manquait pas malgr\u00e9 le large \u00e9cart et se payait le luxe de dominait en termes d\u2019occasions franches, butant sur l\u2019excellent Pintaric qui maintenait l\u2019\u00e9cart \u00e0 trois buts, m\u00eame lors d\u2019une fin de p\u00e9riode o\u00f9 ses partenaires jouaient pendant trois minutes \u00e0 un de moins, puis sur l\u2019entame de l\u2019ultime tiers. Revenus \u00e0 \u00e9galit\u00e9 num\u00e9rique, les Br\u00fbleurs de Loups s\u2019\u00e9vertuaient \u00e0 tuer la partie mais Boivin, de pr\u00e8s, perdait son duel contre Kozun (41\u201930). Gibert en prison pour une faute en zone offensive, Grenoble se voyait offrir une occasion en or de reprendre le large et profitait d\u2019une incroyable relance d\u00e9fensive rat\u00e9e pour voir Treille r\u00e9cup\u00e9rait, fusiller Kozun et s\u2019offrir un tripl\u00e9 (2-6, 42\u201904).<\/p>\n<p><img loading=\"lazy\" decoding=\"async\" class=\"size-full wp-image-20316053 aligncenter\" src=\"data:image\/svg+xml,%3Csvg%20xmlns=\" http:=\"\" alt=\"amiens grenoble 07 d\u00e9c 2025 (45)\" width=\"800\" height=\"533\" data-lazy- data-lazy- data-lazy-src=\"https:\/\/www.europesays.com\/fr\/wp-content\/uploads\/2025\/12\/amiens-grenoble-07-dec-2025-45.jpg\"\/><\/p>\n<p>\u00c9puis\u00e9s physiquement et domin\u00e9s sur le talent, les Gothiques baissaient petit \u00e0 petit les bras quand, en face, les Is\u00e9rois ralentissaient la cadence. De quoi donner une fin de partie sans \u00e9norm\u00e9ment de relief o\u00f9 une parade de Kozun maintenait l\u2019\u00e9cart (46\u2019) avant que Craig ne se faufile dans l\u2019axe\u2026 pour rater totalement le cadre (52\u2019). Si les joueurs de Per Hanberg voguaient tranquillement vers le succ\u00e8s, ils mettaient un point d\u2019honneur \u00e0 finir en beaut\u00e9 et le faisaient par l\u2019interm\u00e9diaire de Bachelet, id\u00e9alement servi par Binner (2-7, 59\u201929).<\/p>\n<p>Sur une excellente s\u00e9rie, les Picards chutent de haut face \u00e0 un adversaire d\u2019un calibre tout simplement sup\u00e9rieur qui a montr\u00e9 tout l\u2019\u00e9cart encore pr\u00e9sent entre les deux formations. De son c\u00f4t\u00e9, Grenoble part en tr\u00eave avec le sourire et peut \u2013 enfin \u2013 recharger les batteries avant un quart de finale de coupe de haute vol\u00e9e face \u00e0 Bordeaux au retour du break.<\/p>\n<p>\u00c9lus meilleurs joueurs du match\u00a0: Ilies Djemel (Amiens) et Sacha Treille (Grenoble)<\/p>\n<p><img loading=\"lazy\" decoding=\"async\" class=\"size-full wp-image-20316074 aligncenter\" src=\"data:image\/svg+xml,%3Csvg%20xmlns=\" http:=\"\" alt=\"amiens grenoble 07 d\u00e9c 2025 (13)\" width=\"800\" height=\"533\" data-lazy- data-lazy- data-lazy-src=\"https:\/\/www.europesays.com\/fr\/wp-content\/uploads\/2025\/12\/amiens-grenoble-07-dec-2025-13.jpg\"\/><\/p>\n<p>Amiens \u2013 Grenoble 2-7 (1-4, 1-1, 0-2)<br \/>Dimanche 7 d\u00e9cembre 2025 \u00e0 18h00 au Colis\u00e9um. 3180 spectateurs.<br \/>Arbitres : Maxime Laboulais et Rayan\u00a0Bernoussi assist\u00e9s de Pierre Mercier-Landry et Achille Lef\u00e8vre<br \/>P\u00e9nalit\u00e9s : Amiens 6\u2019 (4\u2019, 0\u2032, 2\u2019) ; Grenoble 10\u2032 (2\u2032, 8\u2019, 0\u2019).<br \/>Tirs : Amiens 24 (4, 14, 6) ; Grenoble 18 (10, 3, 5).<\/p>\n<p>\u00c9volution du score :<br \/>0-1 \u00e0 00\u201927\u201d : Boivin assist\u00e9 de Mallet et Beauchemin<br \/>0-2 \u00e0 01\u201935\u201d : Terglav assist\u00e9 de Bachelet et Leclerc<br \/>0-3 \u00e0 11\u201905\u201d : Treille assist\u00e9 de\u00a0Beauchemin et\u00a0Binner (sup. num.)<br \/>1-3 \u00e0 14\u201904\u201d : Djemel assist\u00e9 de Gibert et Matima (sup. num.)<br \/>1-4 \u00e0 16\u201929\u201d : Mallet assist\u00e9 de Beauchemin et Fertin<br \/>1-5 \u00e0 24\u201918\u201d : Treille assist\u00e9 de Deschamps et Terglav<br \/>2-5 \u00e0 29\u201901\u201d : Lemay assist\u00e9 de Richards et Bergeron (double sup. num.)<br \/>2-6 \u00e0 42\u201904\u201d : Treille assist\u00e9 de Mallet (sup. num.)<br \/>2-7 \u00e0 59\u201929\u201d\u00a0: Bachelet assist\u00e9 de Binner et Leclerc<\/p>\n<p>Amiens<\/p>\n<p>Attaquants :<br \/>Bastian Ma\u00efa (A) \u2013 Kieran Craig (-1) \u2013 Ilies Djemel (-1)<br \/>Rudy Matima (-2) \u2013 William Lemay (-2) \u2013 Sean Richards (-1)<br \/>Gauthier Gibert (-3, 2\u2019) \u2013 Virgile Gauffriau (-2) \u2013 Mat\u00e9o Bussat (-3)<br \/>Anatole de Mali \u2013 Thomas Boisson<\/p>\n<p>D\u00e9fenseurs :<br \/>Mathieu Mony (A, -2, 2\u2019) \u2013 F\u00e9lix Larose (-3)<br \/>Antonin Plagnat (-1) \u2013 Justin Bergeron (C, -2)<br \/>Guillaume Roussel (2\u2019) \u2013 Kristjan Cepon (-1)<br \/>Gaspard Vanwormhoudt (-1)<\/p>\n<p>Gardien :<br \/>Cl\u00e9ment Fouquerel puis Taran Kozun \u00e0 01\u201935\u201d<\/p>\n<p>Rempla\u00e7ant : Taran Kozun (G). Absents : Janis Svanenbergs (bas du corps), Aleksandar Magovac (bless\u00e9), Anthony Beauchamp, Zachary Lavigne (non qualifi\u00e9s)<\/p>\n<p>Grenoble<\/p>\n<p>Attaquants :<br \/>Christophe Boivin (+2, 2\u2019) \u2013 Fran\u00e7ois Beauchemin (+2) \u2013 Alexandre Mallet (+2)<br \/>Fredric Weigel (A, +1, 4\u2019) \u2013 Sacha Treille (C, +1) \u2013 Nicolas Deschamps (A, +1, 2\u2019)<br \/>Aur\u00e9lien Dair (+2) \u2013 Guillaume Leclerc (+2) \u2013 Matias Bachelet (+2)<br \/>Martin Karlsson \u2013 Adel Koudri \u2013 Th\u00e9o Gueurif<\/p>\n<p>D\u00e9fenseurs :<br \/>Axel Prissaint (+2, 2\u2019) \u2013 Alexis Binner (+2)<br \/>Juho Rautanen (+2) \u2013 Antoine Fertin (+1)<br \/>Nathan\u00a0Nicoud (+1) \u2013 Niklas Terglav (+2)<\/p>\n<p>Gardien :<br \/>Matija Pintaric<\/p>\n<p>Rempla\u00e7ant : L\u00e9o Joguet (G). Absents\u00a0: Jakub Stepanek (G), Pontus Englund (bless\u00e9), Pierre Crinon et Valentin Grosset\u00eate (suspendus), Nathan Riu (Mondial junior)<\/p>\n<p><img loading=\"lazy\" decoding=\"async\" class=\"size-full wp-image-20316084 aligncenter\" src=\"data:image\/svg+xml,%3Csvg%20xmlns=\" http:=\"\" alt=\"amiens grenoble 07 d\u00e9c 2025 (23)\" width=\"800\" height=\"533\" data-lazy- data-lazy- data-lazy-src=\"https:\/\/www.europesays.com\/fr\/wp-content\/uploads\/2025\/12\/amiens-grenoble-07-dec-2025-23.jpg\"\/><\/p>\n","protected":false},"excerpt":{"rendered":"R\u00e9sumez l&rsquo;article avec : ChatGPTPerplexityClaudeGoogle AI Au bord de la crise il y a encore dix jours de&hellip;\n","protected":false},"author":2,"featured_media":591918,"comment_status":"","ping_status":"","sticky":false,"template":"","format":"standard","meta":{"footnotes":""},"categories":[9566],"tags":[1111,11,2430,1777,674,1011,27,2731,12,25],"class_list":{"0":"post-591917","1":"post","2":"type-post","3":"status-publish","4":"format-standard","5":"has-post-thumbnail","7":"category-grenoble","8":"tag-actu","9":"tag-actualites","10":"tag-auvergne-rhone-alpes","11":"tag-eu","12":"tag-europe","13":"tag-fr","14":"tag-france","15":"tag-grenoble","16":"tag-news","17":"tag-republique-francaise"},"share_on_mastodon":{"url":"https:\/\/pubeurope.com\/@fr\/115698700277726278","error":""},"_links":{"self":[{"href":"https:\/\/www.europesays.com\/fr\/wp-json\/wp\/v2\/posts\/591917","targetHints":{"allow":["GET"]}}],"collection":[{"href":"https:\/\/www.europesays.com\/fr\/wp-json\/wp\/v2\/posts"}],"about":[{"href":"https:\/\/www.europesays.com\/fr\/wp-json\/wp\/v2\/types\/post"}],"author":[{"embeddable":true,"href":"https:\/\/www.europesays.com\/fr\/wp-json\/wp\/v2\/users\/2"}],"replies":[{"embeddable":true,"href":"https:\/\/www.europesays.com\/fr\/wp-json\/wp\/v2\/comments?post=591917"}],"version-history":[{"count":0,"href":"https:\/\/www.europesays.com\/fr\/wp-json\/wp\/v2\/posts\/591917\/revisions"}],"wp:featuredmedia":[{"embeddable":true,"href":"https:\/\/www.europesays.com\/fr\/wp-json\/wp\/v2\/media\/591918"}],"wp:attachment":[{"href":"https:\/\/www.europesays.com\/fr\/wp-json\/wp\/v2\/media?parent=591917"}],"wp:term":[{"taxonomy":"category","embeddable":true,"href":"https:\/\/www.europesays.com\/fr\/wp-json\/wp\/v2\/categories?post=591917"},{"taxonomy":"post_tag","embeddable":true,"href":"https:\/\/www.europesays.com\/fr\/wp-json\/wp\/v2\/tags?post=591917"}],"curies":[{"name":"wp","href":"https:\/\/api.w.org\/{rel}","templated":true}]}}