{"id":591934,"date":"2025-12-11T03:10:20","date_gmt":"2025-12-11T03:10:20","guid":{"rendered":"https:\/\/www.europesays.com\/fr\/591934\/"},"modified":"2025-12-11T03:10:20","modified_gmt":"2025-12-11T03:10:20","slug":"nuit-du-bien-commun-deux-militantes-syndicales-entendues-par-la-police-a-bordeaux-pour-entrave-concertee-a-la-liberte-de-reunion","status":"publish","type":"post","link":"https:\/\/www.europesays.com\/fr\/591934\/","title":{"rendered":"Nuit du Bien Commun : deux militantes syndicales entendues par la police \u00e0 Bordeaux pour \u00ab\u00a0entrave concert\u00e9e \u00e0 la libert\u00e9 de r\u00e9union\u00a0\u00bb"},"content":{"rendered":"<p class=\"wp-block-post-excerpt__excerpt\">Les deux militantes du syndicat ASSO-Solidaires 33 ont \u00e9t\u00e9 entendues ce mercredi en d\u00e9but d\u2019apr\u00e8s-midi dans le cadre d\u2019une enqu\u00eate ouverte par le procureur de la R\u00e9publique de Bordeaux \u00e0 la suite d\u2019une plainte d\u00e9pos\u00e9e par l\u2019une des associations participant \u00e0 la Nuit du Bien Commun. <\/p>\n<p><a href=\"https:\/\/rue89bordeaux.com\/category\/actualite\/\" rel=\"tag noopener\" target=\"_blank\">Actualit\u00e9<\/a>, <a href=\"https:\/\/rue89bordeaux.com\/category\/kiosque-abonne\/\" rel=\"tag noopener\" target=\"_blank\">\u00c9dition abonn\u00e9s<\/a><\/p>\n<p>Margaux B\u00e9gards<\/p>\n<p>Publi\u00e9 le 10 d\u00e9cembre 2025\u00a0\u00a0\u00b7\u00a0\u00a0<\/p>\n<p>Imprim\u00e9 le 11 d\u00e9cembre 2025 \u00e0 04h10\u00a0\u00a0\u00b7\u00a0\u00a0<\/p>\n<p>Modifi\u00e9 le 10 d\u00e9cembre 2025\u00a0\u00a0\u00b7\u00a0\u00a0<\/p>\n<p>\t\t\t\t\t2\u00a0minutes\n<\/p>\n<p>La Nuit du Bien Commun provoque d\u00e9cid\u00e9ment beaucoup de remous. Organis\u00e9 ce mercredi soir \u00e0 Bordeaux, le gala de charit\u00e9 co-fond\u00e9 par le milliardaire ultraconservateur Pierre-Edouard St\u00e9rin fait depuis plusieurs semaines <a href=\"https:\/\/rue89bordeaux.com\/2025\/11\/ambiance-orageuse-a-bordeaux-autour-de-la-nuit-du-bien-commun-dans-lombre-de-sterin\/\" target=\"_blank\" rel=\"noreferrer noopener\">d\u2019une forte opposition<\/a> venant du monde militant comme politique. <\/p>\n<p>Parmi les dix associations cens\u00e9es participer \u00e0 cette soir\u00e9e, une a fini par se d\u00e9sister en raison des mails re\u00e7us pour la d\u00e9courager, <a href=\"https:\/\/rue89bordeaux.com\/2025\/11\/ambiance-orageuse-a-bordeaux-autour-de-la-nuit-du-bien-commun-dans-lombre-de-sterin\/\" target=\"_blank\" rel=\"noopener\">comme l\u2019avait r\u00e9v\u00e9l\u00e9 Rue89 Bordeaux<\/a>. Une autre association impliqu\u00e9e aurait de son c\u00f4t\u00e9 d\u00e9cid\u00e9 de porter plainte pour \u00ab\u00a0entrave concert\u00e9e \u00e0 l\u2019aide de menaces \u00e0 la libert\u00e9 d\u2019association et de r\u00e9union\u00a0\u00bb, d\u00e9voilions-nous \u00e9galement il y a deux semaines.<\/p>\n<p>\t\t\u00ab\u00a0Tentative d\u2019intimidation\u00a0\u00bb<\/p>\n<p>Ainsi, deux militantes d\u2019ASSO-Solidaires 33 ont \u00e9t\u00e9 entendues ce mercredi 10 d\u00e9cembre en d\u00e9but d\u2019apr\u00e8s-midi au commissariat de police de Bordeaux en audition libre dans le cadre d\u2019une enqu\u00eate ouverte par le procureur de la R\u00e9publique de Bordeaux, a confirm\u00e9 le syndicat ce mercredi 10 d\u00e9cembre.<\/p>\n<p><img loading=\"lazy\" decoding=\"async\" width=\"480\" height=\"480\" src=\"https:\/\/www.europesays.com\/fr\/wp-content\/uploads\/2025\/04\/23-paywall.png\" alt=\"Abonnez-vous\" class=\"wp-image-128439\" style=\"aspect-ratio:1;width:210px;height:auto\"  \/><\/p>\n<p>Cet article fait partie de l\u2019\u00e9dition abonn\u00e9s. Pour lire la suite, profitez d\u2019une offre d\u00e9couverte \u00e0 1\u20ac.<\/p>\n<p class=\"has-gray-700-color has-text-color has-medium-font-size\">Contribuez \u00e0 consolider un m\u00e9dia ind\u00e9pendant \u00e0 Bordeaux, en capacit\u00e9 d\u2019enqu\u00eater sur les enjeux locaux.<\/p>\n<p>\t\t\t<a href=\"https:\/\/rue89bordeaux.com\/\" class=\"custom-logo-link\" rel=\"home noopener\" target=\"_blank\"><img loading=\"lazy\" decoding=\"async\" width=\"290\" height=\"49\" src=\"https:\/\/www.europesays.com\/fr\/wp-content\/uploads\/2025\/04\/logo.png\" class=\"custom-logo\" alt=\"Rue89Bordeaux Enqu\u00eates et informations de proximit\u00e9\"  \/><\/a><\/p>\n<p>\n\t\t\t\tAbonnez-vous maintenant pour suivre l\u2019actualit\u00e9 locale.\t\t\t<\/p>\n<p class=\"font-bold font-serif-heading mb-2 text-4xl\">\n\t\t\t\t\t\tL\u2019investigation locale \u00e0 port\u00e9e de main.\n\t\t\t\t\t<\/p>\n<p>\n\t\t\t\t\t\tAbonnez-vous et profitez d\u2019un acc\u00e8s illimit\u00e9 \u00e0 Rue89Bordeaux. Annulez quand vous voulez.\n\t\t\t\t\t<\/p>\n<p class=\"xl:text-sm\">\n\t\t\t\t\tD\u00e9j\u00e0 abonn\u00e9\u00a0?<br \/>\n\t\t\t\t\t<a class=\"border border-transparent text-center transition-colors duration-instant focus:border-info focus:rounded focus:shadow-focus cursor-pointer text-black hover:text-gray-700 active:bg-black-700 font-semibold inline-block\" href=\"https:\/\/rue89bordeaux.com\/user\/login\/?redirect=\/2025\/12\/nuit-du-bien-commun-deux-militantes-syndicales-entendues-par-la-police-a-bordeaux-pour-entrave-concertee-a-la-liberte-de-reunion\/\" target=\"_blank\" rel=\"noopener\">Connectez-vous<\/a>\t\t\t\t<\/p>\n<p>\n\t\t\t\tChoisissez votre formule\u00a0:\n\t\t\t<\/p>\n<p>\t\t\t\tFermer<\/p>\n","protected":false},"excerpt":{"rendered":"Les deux militantes du syndicat ASSO-Solidaires 33 ont \u00e9t\u00e9 entendues ce mercredi en d\u00e9but d\u2019apr\u00e8s-midi dans le cadre&hellip;\n","protected":false},"author":2,"featured_media":591935,"comment_status":"","ping_status":"","sticky":false,"template":"","format":"standard","meta":{"footnotes":""},"categories":[2817],"tags":[1111,11,1997,1777,674,1011,27,12,2219,24249,25,3427],"class_list":{"0":"post-591934","1":"post","2":"type-post","3":"status-publish","4":"format-standard","5":"has-post-thumbnail","7":"category-bordeaux","8":"tag-actu","9":"tag-actualites","10":"tag-bordeaux","11":"tag-eu","12":"tag-europe","13":"tag-fr","14":"tag-france","15":"tag-news","16":"tag-nouvelle-aquitaine","17":"tag-pierre-edouard-sterin","18":"tag-republique-francaise","19":"tag-syndicats"},"share_on_mastodon":{"url":"https:\/\/pubeurope.com\/@fr\/115698744557854511","error":""},"_links":{"self":[{"href":"https:\/\/www.europesays.com\/fr\/wp-json\/wp\/v2\/posts\/591934","targetHints":{"allow":["GET"]}}],"collection":[{"href":"https:\/\/www.europesays.com\/fr\/wp-json\/wp\/v2\/posts"}],"about":[{"href":"https:\/\/www.europesays.com\/fr\/wp-json\/wp\/v2\/types\/post"}],"author":[{"embeddable":true,"href":"https:\/\/www.europesays.com\/fr\/wp-json\/wp\/v2\/users\/2"}],"replies":[{"embeddable":true,"href":"https:\/\/www.europesays.com\/fr\/wp-json\/wp\/v2\/comments?post=591934"}],"version-history":[{"count":0,"href":"https:\/\/www.europesays.com\/fr\/wp-json\/wp\/v2\/posts\/591934\/revisions"}],"wp:featuredmedia":[{"embeddable":true,"href":"https:\/\/www.europesays.com\/fr\/wp-json\/wp\/v2\/media\/591935"}],"wp:attachment":[{"href":"https:\/\/www.europesays.com\/fr\/wp-json\/wp\/v2\/media?parent=591934"}],"wp:term":[{"taxonomy":"category","embeddable":true,"href":"https:\/\/www.europesays.com\/fr\/wp-json\/wp\/v2\/categories?post=591934"},{"taxonomy":"post_tag","embeddable":true,"href":"https:\/\/www.europesays.com\/fr\/wp-json\/wp\/v2\/tags?post=591934"}],"curies":[{"name":"wp","href":"https:\/\/api.w.org\/{rel}","templated":true}]}}