{"id":591936,"date":"2025-12-11T03:11:13","date_gmt":"2025-12-11T03:11:13","guid":{"rendered":"https:\/\/www.europesays.com\/fr\/591936\/"},"modified":"2025-12-11T03:11:13","modified_gmt":"2025-12-11T03:11:13","slug":"previsions-du-jeudi-11-decembre-2025","status":"publish","type":"post","link":"https:\/\/www.europesays.com\/fr\/591936\/","title":{"rendered":"pr\u00e9visions du jeudi 11 d\u00e9cembre 2025"},"content":{"rendered":"<p>Aujourd&rsquo;hui, le mercure affichera 12\u00b0C en moyenne \u00e0 Bordeaux. Un vent de sud-est rafra\u00eechira un peu l&rsquo;atmosph\u00e8re. Il y aura du brouillard le matin. Il fera en moyenne 11\u00b0C. Des \u00e9claircies appara\u00eetront dans l&rsquo;apr\u00e8s-midi. Les valeurs s&rsquo;\u00e9chelonneront entre 12\u00b0C et 15\u00b0C. Le soir, on pr\u00e9voit des temp\u00e9ratures d&rsquo;environ 11\u00b0C. Entre jeudi et vendredi, la nuit sera claire.<\/p>\n<p>\u00c0 Bordeaux les valeurs seront comprises entre 9 et 14\u00b0C demain. Un modeste vent de sud-est sera ressenti par les habitants. La m\u00e9t\u00e9o va progressivement s&rsquo;am\u00e9liorer dans la matin\u00e9e et laisser place \u00e0 des \u00e9claircies. Les temp\u00e9ratures tourneront autour des 10\u00b0C. Demain apr\u00e8s-midi, un grand soleil rayonnera. Les valeurs afficheront entre 11 et 14\u00b0C. Apr\u00e8s un bref passage nuageux, des \u00e9claircies sont pr\u00e9vues : on passera une soir\u00e9e cl\u00e9mente. Les temp\u00e9ratures iront de 10 \u00e0 11\u00b0C.<\/p>\n<p>Peu de changements pour la suite. Un ciel ensoleill\u00e9, pour des temp\u00e9ratures de 12\u00b0C environ, est \u00e0 pr\u00e9voir.<\/p>\n<p><\/p>\n","protected":false},"excerpt":{"rendered":"Aujourd&rsquo;hui, le mercure affichera 12\u00b0C en moyenne \u00e0 Bordeaux. Un vent de sud-est rafra\u00eechira un peu l&rsquo;atmosph\u00e8re. Il&hellip;\n","protected":false},"author":2,"featured_media":591937,"comment_status":"","ping_status":"","sticky":false,"template":"","format":"standard","meta":{"footnotes":""},"categories":[2817],"tags":[1111,11,1997,1777,674,1011,27,12,2219,2119,25],"class_list":{"0":"post-591936","1":"post","2":"type-post","3":"status-publish","4":"format-standard","5":"has-post-thumbnail","7":"category-bordeaux","8":"tag-actu","9":"tag-actualites","10":"tag-bordeaux","11":"tag-eu","12":"tag-europe","13":"tag-fr","14":"tag-france","15":"tag-news","16":"tag-nouvelle-aquitaine","17":"tag-previsions-meteo","18":"tag-republique-francaise"},"share_on_mastodon":{"url":"https:\/\/pubeurope.com\/@fr\/115698747605424044","error":""},"_links":{"self":[{"href":"https:\/\/www.europesays.com\/fr\/wp-json\/wp\/v2\/posts\/591936","targetHints":{"allow":["GET"]}}],"collection":[{"href":"https:\/\/www.europesays.com\/fr\/wp-json\/wp\/v2\/posts"}],"about":[{"href":"https:\/\/www.europesays.com\/fr\/wp-json\/wp\/v2\/types\/post"}],"author":[{"embeddable":true,"href":"https:\/\/www.europesays.com\/fr\/wp-json\/wp\/v2\/users\/2"}],"replies":[{"embeddable":true,"href":"https:\/\/www.europesays.com\/fr\/wp-json\/wp\/v2\/comments?post=591936"}],"version-history":[{"count":0,"href":"https:\/\/www.europesays.com\/fr\/wp-json\/wp\/v2\/posts\/591936\/revisions"}],"wp:featuredmedia":[{"embeddable":true,"href":"https:\/\/www.europesays.com\/fr\/wp-json\/wp\/v2\/media\/591937"}],"wp:attachment":[{"href":"https:\/\/www.europesays.com\/fr\/wp-json\/wp\/v2\/media?parent=591936"}],"wp:term":[{"taxonomy":"category","embeddable":true,"href":"https:\/\/www.europesays.com\/fr\/wp-json\/wp\/v2\/categories?post=591936"},{"taxonomy":"post_tag","embeddable":true,"href":"https:\/\/www.europesays.com\/fr\/wp-json\/wp\/v2\/tags?post=591936"}],"curies":[{"name":"wp","href":"https:\/\/api.w.org\/{rel}","templated":true}]}}