{"id":591938,"date":"2025-12-11T03:12:14","date_gmt":"2025-12-11T03:12:14","guid":{"rendered":"https:\/\/www.europesays.com\/fr\/591938\/"},"modified":"2025-12-11T03:12:14","modified_gmt":"2025-12-11T03:12:14","slug":"les-premiers-noms-du-rose-festival-devoiles","status":"publish","type":"post","link":"https:\/\/www.europesays.com\/fr\/591938\/","title":{"rendered":"les premiers noms du Rose Festival d\u00e9voil\u00e9s"},"content":{"rendered":"<p>                    Par<br \/>\n        <strong><br \/>\n            <a href=\"https:\/\/actu.fr\/auteur\/david-saint-sernin\" title=\"Consulter tous les articles de David Saint-Sernin\" target=\"_blank\" rel=\"noopener\">David Saint-Sernin<\/a><br \/>\n                    <\/strong><\/p>\n<p>        Publi\u00e9 le<\/p>\n<p>            10 d\u00e9c. 2025 \u00e0 17h46        <\/p>\n<p>Mercredi 10\u00a0d\u00e9cembre 2025, le <a href=\"https:\/\/actu.fr\/occitanie\/toulouse_31555\/toulouse-le-rose-c-est-un-festival-qui-a-la-ferveur-d-une-fete-de-village_63068199.html\" target=\"_blank\" rel=\"noopener\">Rose Festival<\/a> a annonc\u00e9 les premi\u00e8res t\u00eates d\u2019affiche de l\u2019\u00e9dition 2026 qui aura lieu les 27-28 et 29\u00a0ao\u00fbt prochains au MEET \u00e0 Aussonne, pr\u00e8s de Toulouse. Et les premiers noms sont ronflants\u2009:<strong> Aya Nakamura<\/strong>, l\u2019artiste francophone la plus \u00e9cout\u00e9e au monde, <strong>DJ Snake,<\/strong> \u00ab\u00a0g\u00e9ant de la sc\u00e8ne \u00e9lectro mondiale\u00a0\u00bb et <strong>Macklemore,\u00a0 <\/strong>artiste \u00e0 la renomm\u00e9e mondiale\u2026<\/p>\n<p class=\" wall-content\"><strong>Charlotte Cardin<\/strong>, <strong>Iliona, Ino, Casablanca,<\/strong> Josman et\u2028Kungs seront \u00e9galement de la partie pour cette 5e \u00e9dition.<\/p>\n<p>La billetterie a ouvert ce 10\u00a0d\u00e9cembre 2025<\/p>\n<p class=\" wall-content\">\u00ab\u2009La programmation, encore plus dense et plus ambitieuse, r\u00e9unit des artistes fran\u00e7ais et internationaux qui incarnent les sc\u00e8nes pop, rap et \u00e9lectro [\u2026] Cette premi\u00e8re vague de nom donne le ton\u2009: \u00e9clectique, f\u00e9d\u00e9ratrice et ambitieuse\u2009\u00bb, explique le Festival.<\/p>\n<p class=\" wall-content\">La billetterie a ouvert ce 10\u00a0d\u00e9cembre 2025. Le Pass un jour est mis en vente \u00e0 69\u00a0euros. Le Pass 3\u00a0jours est en vente au prix de 169\u00a0euros.<\/p>\n<p class=\" wall-content\">Le Rose Festival aura lieu encore une fois au MEET \u00e0 Aussonne.<\/p>\n<p class=\" wall-content\">Toutes les infos sur<a href=\"https:\/\/rosefestival.fr\/\" target=\"_blank\" rel=\"noopener\"> rosefestival.fr<\/a><\/p>\n<p class=\" wall-content\">Personnalisez votre actualit\u00e9 en ajoutant vos villes et m\u00e9dias en favori avec <a href=\"https:\/\/moncompte.actu.fr\" title=\"D\u00e9couvez Mon Actu\" rel=\"nofollow noopener\" data-trk=\"{&quot;cta&quot;:{&quot;action&quot;:&quot;https:\\\/\\\/moncompte.actu.fr&quot;,&quot;category&quot;:&quot;mon compte&quot;,&quot;from&quot;:&quot;article footer&quot;,&quot;name&quot;:&quot;Mon actu&quot;,&quot;type&quot;:&quot;cta&quot;}}\" target=\"_blank\">Mon Actu<\/a>.<\/p>\n","protected":false},"excerpt":{"rendered":"Par David Saint-Sernin Publi\u00e9 le 10 d\u00e9c. 2025 \u00e0 17h46 Mercredi 10\u00a0d\u00e9cembre 2025, le Rose Festival a annonc\u00e9&hellip;\n","protected":false},"author":2,"featured_media":591939,"comment_status":"","ping_status":"","sticky":false,"template":"","format":"standard","meta":{"footnotes":""},"categories":[2816],"tags":[1111,11,1777,674,1011,27,1652,12,2680,25,1341,2312],"class_list":{"0":"post-591938","1":"post","2":"type-post","3":"status-publish","4":"format-standard","5":"has-post-thumbnail","7":"category-toulouse","8":"tag-actu","9":"tag-actualites","10":"tag-eu","11":"tag-europe","12":"tag-fr","13":"tag-france","14":"tag-loisirs-culture","15":"tag-news","16":"tag-occitanie","17":"tag-republique-francaise","18":"tag-sortir-a-toulouse","19":"tag-toulouse"},"share_on_mastodon":{"url":"https:\/\/pubeurope.com\/@fr\/115698751647017605","error":""},"_links":{"self":[{"href":"https:\/\/www.europesays.com\/fr\/wp-json\/wp\/v2\/posts\/591938","targetHints":{"allow":["GET"]}}],"collection":[{"href":"https:\/\/www.europesays.com\/fr\/wp-json\/wp\/v2\/posts"}],"about":[{"href":"https:\/\/www.europesays.com\/fr\/wp-json\/wp\/v2\/types\/post"}],"author":[{"embeddable":true,"href":"https:\/\/www.europesays.com\/fr\/wp-json\/wp\/v2\/users\/2"}],"replies":[{"embeddable":true,"href":"https:\/\/www.europesays.com\/fr\/wp-json\/wp\/v2\/comments?post=591938"}],"version-history":[{"count":0,"href":"https:\/\/www.europesays.com\/fr\/wp-json\/wp\/v2\/posts\/591938\/revisions"}],"wp:featuredmedia":[{"embeddable":true,"href":"https:\/\/www.europesays.com\/fr\/wp-json\/wp\/v2\/media\/591939"}],"wp:attachment":[{"href":"https:\/\/www.europesays.com\/fr\/wp-json\/wp\/v2\/media?parent=591938"}],"wp:term":[{"taxonomy":"category","embeddable":true,"href":"https:\/\/www.europesays.com\/fr\/wp-json\/wp\/v2\/categories?post=591938"},{"taxonomy":"post_tag","embeddable":true,"href":"https:\/\/www.europesays.com\/fr\/wp-json\/wp\/v2\/tags?post=591938"}],"curies":[{"name":"wp","href":"https:\/\/api.w.org\/{rel}","templated":true}]}}