{"id":591940,"date":"2025-12-11T03:13:14","date_gmt":"2025-12-11T03:13:14","guid":{"rendered":"https:\/\/www.europesays.com\/fr\/591940\/"},"modified":"2025-12-11T03:13:14","modified_gmt":"2025-12-11T03:13:14","slug":"son-chien-avait-attaque-deux-enfants-de-4-ans-pres-de-toulouse-la-sanction-est-tombee","status":"publish","type":"post","link":"https:\/\/www.europesays.com\/fr\/591940\/","title":{"rendered":"Son chien avait attaqu\u00e9 deux enfants de 4 ans pr\u00e8s de Toulouse : la sanction est tomb\u00e9e"},"content":{"rendered":"<p>                    Par<br \/>\n        <strong><br \/>\n            <a href=\"https:\/\/actu.fr\/auteur\/david-saint-sernin\" title=\"Consulter tous les articles de David Saint-Sernin\" target=\"_blank\" rel=\"noopener\">David Saint-Sernin<\/a><br \/>\n                    <\/strong><\/p>\n<p>        Publi\u00e9 le<\/p>\n<p>            10 d\u00e9c. 2025 \u00e0 17h03        <\/p>\n<p>Les faits \u00e9taient tr\u00e8s graves. Le 28 octobre dernier, <a href=\"https:\/\/actu.fr\/occitanie\/plaisance-du-touch_31424\/dans-un-lotissement-proche-de-toulouse-un-chien-attaque-deux-enfants-de-4-ans-il-a-ete-abattu_63362538.html\" target=\"_blank\" rel=\"noopener\">un berger Malinois avait attaqu\u00e9 deux enfants<\/a> \u00e0 Plaisance-du-Touch, pr\u00e8s de Toulouse. \u00ab\u00a0Le propri\u00e9taire, un homme de 37 ans, laissait divaguer son chien\u00a0\u00bb, avait indiqu\u00e9 le parquet de Toulouse. Il avait mordu deux petits gar\u00e7ons \u00e2g\u00e9s de 4 ans.<\/p>\n<p>Le chien avait \u00e9t\u00e9 abattu<\/p>\n<p class=\" wall-content\">N\u2019ayant pas pu \u00eatre ma\u00eetris\u00e9, le chien avait \u00e9t\u00e9 abattu par les gendarmes.<\/p>\n<p class=\" wall-content\">Les deux tr\u00e8s jeunes victimes avaient \u00e9t\u00e9 prises en charge par les pompiers et transport\u00e9s \u00e0 l\u2019h\u00f4pital. Elles avaient eu<strong> 10 jours d\u2019incapacit\u00e9 d\u2019aller \u00e0 l\u2019\u00e9cole<\/strong>.<\/p>\n<p>Peine de prison avec sursis pour le propri\u00e9taire<\/p>\n<p class=\" wall-content\">Ce mercredi 10 d\u00e9cembre 2025, le procureur de la R\u00e9publique de Toulouse communique la sanction qui a \u00e9t\u00e9 donn\u00e9e au propri\u00e9taire.<\/p>\n<p class=\" wall-content\">La peine prononc\u00e9e \u00e0 l\u2019encontre du propri\u00e9taire s\u2019\u00e9l\u00e8ve \u00e0 <strong>12 mois de prison avec sursis<\/strong> et <strong>l\u2019interdiction d\u00e9sormais pour lui de d\u00e9tenir un animal.\u00a0<\/strong><\/p>\n<p class=\" wall-content\">Personnalisez votre actualit\u00e9 en ajoutant vos villes et m\u00e9dias en favori avec <a href=\"https:\/\/moncompte.actu.fr\" title=\"D\u00e9couvez Mon Actu\" rel=\"nofollow noopener\" data-trk=\"{&quot;cta&quot;:{&quot;action&quot;:&quot;https:\\\/\\\/moncompte.actu.fr&quot;,&quot;category&quot;:&quot;mon compte&quot;,&quot;from&quot;:&quot;article footer&quot;,&quot;name&quot;:&quot;Mon actu&quot;,&quot;type&quot;:&quot;cta&quot;}}\" target=\"_blank\">Mon Actu<\/a>.<\/p>\n","protected":false},"excerpt":{"rendered":"Par David Saint-Sernin Publi\u00e9 le 10 d\u00e9c. 2025 \u00e0 17h03 Les faits \u00e9taient tr\u00e8s graves. Le 28 octobre&hellip;\n","protected":false},"author":2,"featured_media":591941,"comment_status":"","ping_status":"","sticky":false,"template":"","format":"standard","meta":{"footnotes":""},"categories":[2816],"tags":[1111,11,1777,674,1011,27,3381,12,2680,25,104,2312],"class_list":{"0":"post-591940","1":"post","2":"type-post","3":"status-publish","4":"format-standard","5":"has-post-thumbnail","7":"category-toulouse","8":"tag-actu","9":"tag-actualites","10":"tag-eu","11":"tag-europe","12":"tag-fr","13":"tag-france","14":"tag-gendarmerie","15":"tag-news","16":"tag-occitanie","17":"tag-republique-francaise","18":"tag-societe","19":"tag-toulouse"},"share_on_mastodon":{"url":"https:\/\/pubeurope.com\/@fr\/115698755367898071","error":""},"_links":{"self":[{"href":"https:\/\/www.europesays.com\/fr\/wp-json\/wp\/v2\/posts\/591940","targetHints":{"allow":["GET"]}}],"collection":[{"href":"https:\/\/www.europesays.com\/fr\/wp-json\/wp\/v2\/posts"}],"about":[{"href":"https:\/\/www.europesays.com\/fr\/wp-json\/wp\/v2\/types\/post"}],"author":[{"embeddable":true,"href":"https:\/\/www.europesays.com\/fr\/wp-json\/wp\/v2\/users\/2"}],"replies":[{"embeddable":true,"href":"https:\/\/www.europesays.com\/fr\/wp-json\/wp\/v2\/comments?post=591940"}],"version-history":[{"count":0,"href":"https:\/\/www.europesays.com\/fr\/wp-json\/wp\/v2\/posts\/591940\/revisions"}],"wp:featuredmedia":[{"embeddable":true,"href":"https:\/\/www.europesays.com\/fr\/wp-json\/wp\/v2\/media\/591941"}],"wp:attachment":[{"href":"https:\/\/www.europesays.com\/fr\/wp-json\/wp\/v2\/media?parent=591940"}],"wp:term":[{"taxonomy":"category","embeddable":true,"href":"https:\/\/www.europesays.com\/fr\/wp-json\/wp\/v2\/categories?post=591940"},{"taxonomy":"post_tag","embeddable":true,"href":"https:\/\/www.europesays.com\/fr\/wp-json\/wp\/v2\/tags?post=591940"}],"curies":[{"name":"wp","href":"https:\/\/api.w.org\/{rel}","templated":true}]}}