{"id":591942,"date":"2025-12-11T03:15:28","date_gmt":"2025-12-11T03:15:28","guid":{"rendered":"https:\/\/www.europesays.com\/fr\/591942\/"},"modified":"2025-12-11T03:15:28","modified_gmt":"2025-12-11T03:15:28","slug":"previsions-du-jeudi-11-decembre-2025-2","status":"publish","type":"post","link":"https:\/\/www.europesays.com\/fr\/591942\/","title":{"rendered":"pr\u00e9visions du jeudi 11 d\u00e9cembre 2025"},"content":{"rendered":"<p>Le soleil sera au rendez-vous \u00e0 Lille : une belle journ\u00e9e se pr\u00e9sente ! On anticipe des temp\u00e9ratures avoisinant 9\u00b0C. Un vent de sud-ouest rafra\u00eechira quelque peu l&rsquo;atmosph\u00e8re. Les valeurs seront comprises entre 6 et 9\u00b0C durant la matin\u00e9e. L&rsquo;apr\u00e8s-midi, les temp\u00e9ratures s&rsquo;\u00e9chelonneront entre 8 et 11\u00b0C. Le ciel sera assez lumineux, avec quelques \u00e9claircies le soir. Il va faire 8\u00b0C en moyenne. Le passage de jeudi \u00e0 vendredi se fera sous un ciel brumeux.<\/p>\n<p>Demain, c&rsquo;est une hausse de quelques degr\u00e9s que vont conna\u00eetre les temp\u00e9ratures dans la ville de Lille. Le mercure affichera 11\u00b0C en moyenne. Une l\u00e9g\u00e8re brise de sud sera ressentie par les habitants. Il y aura un risque de brouillard dans la matin\u00e9e. Il fera en moyenne 10\u00b0C. Le ciel va s&rsquo;\u00e9claircir dans l&rsquo;apr\u00e8s-midi. Les maximales pourront atteindre 12\u00b0C alors que les minimales seront de 10\u00b0C.<\/p>\n<p>Les conditions m\u00e9t\u00e9orologiques des jours qui suivent vont changer peu \u00e0 peu. Le temps perdurera samedi mais une d\u00e9gradation s&rsquo;ensuivra dimanche.<\/p>\n<p><\/p>\n","protected":false},"excerpt":{"rendered":"Le soleil sera au rendez-vous \u00e0 Lille : une belle journ\u00e9e se pr\u00e9sente ! On anticipe des temp\u00e9ratures&hellip;\n","protected":false},"author":2,"featured_media":591943,"comment_status":"","ping_status":"","sticky":false,"template":"","format":"standard","meta":{"footnotes":""},"categories":[2815],"tags":[1111,11,1777,674,1011,27,811,1307,12,2119,25],"class_list":{"0":"post-591942","1":"post","2":"type-post","3":"status-publish","4":"format-standard","5":"has-post-thumbnail","7":"category-lille","8":"tag-actu","9":"tag-actualites","10":"tag-eu","11":"tag-europe","12":"tag-fr","13":"tag-france","14":"tag-hauts-de-france","15":"tag-lille","16":"tag-news","17":"tag-previsions-meteo","18":"tag-republique-francaise"},"share_on_mastodon":{"url":"https:\/\/pubeurope.com\/@fr\/115698763236551867","error":""},"_links":{"self":[{"href":"https:\/\/www.europesays.com\/fr\/wp-json\/wp\/v2\/posts\/591942","targetHints":{"allow":["GET"]}}],"collection":[{"href":"https:\/\/www.europesays.com\/fr\/wp-json\/wp\/v2\/posts"}],"about":[{"href":"https:\/\/www.europesays.com\/fr\/wp-json\/wp\/v2\/types\/post"}],"author":[{"embeddable":true,"href":"https:\/\/www.europesays.com\/fr\/wp-json\/wp\/v2\/users\/2"}],"replies":[{"embeddable":true,"href":"https:\/\/www.europesays.com\/fr\/wp-json\/wp\/v2\/comments?post=591942"}],"version-history":[{"count":0,"href":"https:\/\/www.europesays.com\/fr\/wp-json\/wp\/v2\/posts\/591942\/revisions"}],"wp:featuredmedia":[{"embeddable":true,"href":"https:\/\/www.europesays.com\/fr\/wp-json\/wp\/v2\/media\/591943"}],"wp:attachment":[{"href":"https:\/\/www.europesays.com\/fr\/wp-json\/wp\/v2\/media?parent=591942"}],"wp:term":[{"taxonomy":"category","embeddable":true,"href":"https:\/\/www.europesays.com\/fr\/wp-json\/wp\/v2\/categories?post=591942"},{"taxonomy":"post_tag","embeddable":true,"href":"https:\/\/www.europesays.com\/fr\/wp-json\/wp\/v2\/tags?post=591942"}],"curies":[{"name":"wp","href":"https:\/\/api.w.org\/{rel}","templated":true}]}}