{"id":591944,"date":"2025-12-11T03:18:18","date_gmt":"2025-12-11T03:18:18","guid":{"rendered":"https:\/\/www.europesays.com\/fr\/591944\/"},"modified":"2025-12-11T03:18:18","modified_gmt":"2025-12-11T03:18:18","slug":"cette-decision-radicale-bouleverse-leurs-vies","status":"publish","type":"post","link":"https:\/\/www.europesays.com\/fr\/591944\/","title":{"rendered":"cette d\u00e9cision radicale bouleverse leurs vies"},"content":{"rendered":"<p>                    Par<br \/>\n        <strong><br \/>\n            <a href=\"https:\/\/actu.fr\/auteur\/thibault-nadal-actu-fr\" title=\"Consulter tous les articles de Thibault Nadal\" target=\"_blank\" rel=\"noopener\">Thibault Nadal<\/a><br \/>\n                    <\/strong><\/p>\n<p>        Publi\u00e9 le<\/p>\n<p>            10 d\u00e9c. 2025 \u00e0 17h15        <\/p>\n<p>Devant l\u2019Institut de formation en soins infirmiers (Ifsi) de La Capelette dans le 10e arrondissement de <a href=\"https:\/\/actu.fr\/marseille\/\" target=\"_blank\" rel=\"noopener\">Marseille<\/a>\u00a0flotte un air de r\u00e9volte. En cause, la d\u00e9cision de <a href=\"https:\/\/actu.fr\/tag\/ap-hm-hopitaux-de-marseille\" target=\"_blank\" rel=\"noopener\">l\u2019AP-HM<\/a> (H\u00f4pitaux Universitaires de Marseille) de <strong>d\u00e9placer leur lieu de formation<\/strong> \u00e0 la rentr\u00e9e 2026. Alors pour exprimer leur m\u00e9contentement, ils ont organis\u00e9 un sit-in devant leur \u00e9tablissement. V\u00eatus de leur blouse blanche, ils ont d\u00e9ploy\u00e9 <strong>plusieurs banderoles<\/strong> avec des slogans bien choisis\u2009: \u00ab\u2009Futurs infirmiers, pas futurs soumis\u2009\u00bb, \u00ab\u2009Ifsi +\u00a0choisi, pas impos\u00e9\u2009\u00bb ou \u00ab\u2009stop mutation\u2009\u00bb.<\/p>\n<p>    <a href=\"https:\/\/www.google.com\/maps\/embed?pb=!1m18!1m12!1m3!1d5809.110845947925!2d5.407866012615127!3d43.28168887100145!2m3!1f0!2f0!3f0!3m2!1i1024!2i768!4f13.1!3m3!1m2!1s0x12c9bf4be830ac17%3A0xcaf641caddb970c!2sIFSI%20de%20la%20Capelette!5e0!3m2!1sfr!2sfr!4v1765373675170!5m2!1sfr!2sfr\" title=\"Ouvrie le lien\" target=\"_blank\" rel=\"noopener\">Cliquez ici pour visualiser le contenu<\/a><\/p>\n<p>Une annonce qui tombe mal<\/p>\n<p class=\" wall-content\">La d\u00e9cision a \u00e9t\u00e9 annonc\u00e9e il y a une semaine tout pile lors d\u2019une r\u00e9union entre la direction et les repr\u00e9sentants des \u00e9l\u00e8ves. Ce sont ces derniers qui ont ensuite d\u00fb en informer leurs camarades. <strong>\u00ab\u2009Ce qui nous met en col\u00e8re, c\u2019est de ne pas avoir \u00e9t\u00e9 mis au courant\u2009\u00bb<\/strong>, affirme une d\u00e9l\u00e9gu\u00e9e.<\/p>\n<p class=\" wall-content\">En interne, <strong>c\u2019est surtout le timing qui interroge<\/strong>, notamment en raison de la proximit\u00e9 avec les partiels qui d\u00e9marrent le 15\u00a0d\u00e9cembre. \u00ab\u2009Cela rajoute du stress et de la peur. On a la sensation de vivre une injustice\u2009\u00bb, confie une \u00e9tudiante. Ou de l\u2019ouverture des v\u0153ux Parcoursup le 17\u00a0d\u00e9cembre. \u00ab\u2009On a moins de temps pour r\u00e9fl\u00e9chir\u2009\u00bb, ajoute-t-elle.<\/p>\n<p class=\" wall-content\"><a href=\"https:\/\/www.instagram.com\/p\/DR2r1VVjlME\/embed\" title=\"Ouvrir le lien sur Instagram\" target=\"_blank\" rel=\"noopener\">Visualiser le contenu sur Instagram<\/a><\/p>\n<p class=\" wall-content\">Mais plus que ses enjeux \u00e0 court terme, c\u2019est davantage le futur qui inqui\u00e8te les \u00e9tudiants de 1\u00e8re et 2e ann\u00e9es. En raison d\u2019un changement de r\u00e9f\u00e9rentiel, ils vont devoir changer d\u2019\u00e9tablissement \u00e0 la rentr\u00e9e 2026, <strong>direction Sainte-Marguerite dans le sud (8e) ou l\u2019h\u00f4pital nord<\/strong> (15e) o\u00f9 un nouveau campus doit voir le jour en 2028. \u00ab\u2009L\u2019Ifsi de La Capelette a ses sp\u00e9cificit\u00e9s de formation qui ne sont pas les m\u00eames qu\u2019ailleurs\u2009\u00bb, expliquent-ils, craignant d\u2019avoir des diff\u00e9rences avec les autres \u00e9l\u00e8ves.<\/p>\n<blockquote class=\"ac-article-quote wall-content\">\n<p>On nous l\u00e2che dans de nouveaux locaux. On ne sait pas \u00e0 quelle sauce on va \u00eatre mang\u00e9.<\/p>\n<p>    <strong>\u00c9tudiants de l&rsquo;Ifsi de La Capelette<\/strong>\n            <\/p><\/blockquote>\n<p>\u00ab\u2009Je ne vais pas changer ma vie\u2009\u00bb<\/p>\n<p class=\" wall-content\">Pour beaucoup, c\u2019est la douche froide. Cette m\u00e8re de famille en reconversion confie avoir organis\u00e9 sa vie autour de l\u2019\u00e9tablissement de La Capelette. \u00ab\u2009<strong>J\u2019ai scolaris\u00e9 mon fils dans une \u00e9cole juste \u00e0 c\u00f4t\u00e9<\/strong>. Je ne vais pas changer ma vie\u2009\u00bb, exprime-t-elle, tr\u00e8s affect\u00e9e par la situation.<\/p>\n<p>Votre r\u00e9gion, votre actu !<\/p>\n<p>Recevez chaque jour les infos qui comptent pour vous.<\/p>\n<p>\t<a href=\"https:\/\/actu.fr\/newsletter\" class=\"ac-btn ac-btn--corner ac-btn--medium ac-btn--blue800\" target=\"_blank\" rel=\"noopener\">S&rsquo;incrire<\/a><\/p>\n<p class=\" wall-content\">D\u2019autres \u00e9tudiants affirment avoir <strong>\u00ab\u2009organis\u00e9 leur vie\u2009\u00bb<\/strong> autour de ces locaux, notamment pour leur appartement. \u00ab\u2009Et quand on conna\u00eet la difficult\u00e9 pour se loger \u00e0 Marseille\u2009\u00bb, souffle une \u00e9l\u00e8ve.<\/p>\n<p class=\" wall-content\">Certains, comme S\u00e9bastien ou Sabine sont venus de loin, Rouen (Seine-Maritime) et Besan\u00e7on (Doubs). Ils ont <strong>le sentiment de s\u2019\u00eatre fait flouer par l\u2019AP-HM<\/strong>. \u00ab\u2009On avait un contrat de moralit\u00e9 et de confiance avec eux, assurent-ils. Mais il est caduc d\u00e9sormais.\u2009\u00bb<\/p>\n<p>    <img   decoding=\"async\" loading=\"lazy\" src=\"https:\/\/www.europesays.com\/fr\/wp-content\/uploads\/2025\/12\/whatsapp-image-2025-12-09-at-161024-960x640.jpeg\" alt=\"\u00c0 l'IFSI de La Capelette, tout le monde se mobilise face \u00e0 ce \" width=\"960\" height=\"640\"\/><br \/>\n    \u00c0 l\u2019IFSI de La Capelette, tout le monde se mobilise face \u00e0 ce \u00ab\u2009d\u00e9m\u00e9nagement forc\u00e9\u2009\u00bb. (\u00a9TN \/ actu Marseille)Une absence d\u2019alternatives<\/p>\n<p class=\" wall-content\">\u00ab\u2009J\u2019ai calcul\u00e9\u2009: j\u2019ai 9\u00a0km \u00e0 faire vers le sud et 15 vers le nord. Je n\u2019ai pas de voiture et l\u2019envie de passer plusieurs heures dans les transports en commun.\u2009\u00bb, poursuit le jeune homme.<\/p>\n<p class=\" wall-content\">Face \u00e0 ces \u00ab\u2009changements impos\u00e9s\u2009\u00bb et <strong>\u00ab\u2009ce grand bouleversement\u2009\u00bb<\/strong>, les \u00e9l\u00e8ves d\u00e9plorent le manque de solutions propos\u00e9es par l\u2019AP-HM. \u00ab\u2009Nous n\u2019avons aucun accompagnement, ils ne veulent pas nous aider\u2009\u00bb, regrettent-ils.<\/p>\n<p class=\" wall-content\">\u00c0 tel point que certains parlent d\u00e9j\u00e0 de quitter la formation face \u00e0 ce qu\u2019ils qualifient <strong>\u00ab\u2009d\u2019ins\u00e9curit\u00e9 p\u00e9dagogique\u2009\u00bb<\/strong>.<\/p>\n<p class=\" wall-content\">Contact\u00e9, l\u2019AP-HM n\u2019a pas r\u00e9pondu \u00e0 nos sollicitations.<\/p>\n<p class=\" wall-content\">Personnalisez votre actualit\u00e9 en ajoutant vos villes et m\u00e9dias en favori avec <a href=\"https:\/\/moncompte.actu.fr\" title=\"D\u00e9couvez Mon Actu\" rel=\"nofollow noopener\" data-trk=\"{&quot;cta&quot;:{&quot;action&quot;:&quot;https:\\\/\\\/moncompte.actu.fr&quot;,&quot;category&quot;:&quot;mon compte&quot;,&quot;from&quot;:&quot;article footer&quot;,&quot;name&quot;:&quot;Mon actu&quot;,&quot;type&quot;:&quot;cta&quot;}}\" target=\"_blank\">Mon Actu<\/a>.<\/p>\n<p>                    <script async src=\"\/\/www.instagram.com\/embed.js\"><\/script><\/p>\n","protected":false},"excerpt":{"rendered":"Par Thibault Nadal Publi\u00e9 le 10 d\u00e9c. 2025 \u00e0 17h15 Devant l\u2019Institut de formation en soins infirmiers (Ifsi)&hellip;\n","protected":false},"author":2,"featured_media":591945,"comment_status":"","ping_status":"","sticky":false,"template":"","format":"standard","meta":{"footnotes":""},"categories":[2814],"tags":[1111,11,70493,4019,1777,674,1011,27,884,12,882,25,71,104],"class_list":{"0":"post-591944","1":"post","2":"type-post","3":"status-publish","4":"format-standard","5":"has-post-thumbnail","7":"category-marseille","8":"tag-actu","9":"tag-actualites","10":"tag-ap-hm-hopitaux-de-marseille","11":"tag-ecoles","12":"tag-eu","13":"tag-europe","14":"tag-fr","15":"tag-france","16":"tag-marseille","17":"tag-news","18":"tag-provence-alpes-cote-dazur","19":"tag-republique-francaise","20":"tag-sante","21":"tag-societe"},"share_on_mastodon":{"url":"https:\/\/pubeurope.com\/@fr\/115698776626697401","error":""},"_links":{"self":[{"href":"https:\/\/www.europesays.com\/fr\/wp-json\/wp\/v2\/posts\/591944","targetHints":{"allow":["GET"]}}],"collection":[{"href":"https:\/\/www.europesays.com\/fr\/wp-json\/wp\/v2\/posts"}],"about":[{"href":"https:\/\/www.europesays.com\/fr\/wp-json\/wp\/v2\/types\/post"}],"author":[{"embeddable":true,"href":"https:\/\/www.europesays.com\/fr\/wp-json\/wp\/v2\/users\/2"}],"replies":[{"embeddable":true,"href":"https:\/\/www.europesays.com\/fr\/wp-json\/wp\/v2\/comments?post=591944"}],"version-history":[{"count":0,"href":"https:\/\/www.europesays.com\/fr\/wp-json\/wp\/v2\/posts\/591944\/revisions"}],"wp:featuredmedia":[{"embeddable":true,"href":"https:\/\/www.europesays.com\/fr\/wp-json\/wp\/v2\/media\/591945"}],"wp:attachment":[{"href":"https:\/\/www.europesays.com\/fr\/wp-json\/wp\/v2\/media?parent=591944"}],"wp:term":[{"taxonomy":"category","embeddable":true,"href":"https:\/\/www.europesays.com\/fr\/wp-json\/wp\/v2\/categories?post=591944"},{"taxonomy":"post_tag","embeddable":true,"href":"https:\/\/www.europesays.com\/fr\/wp-json\/wp\/v2\/tags?post=591944"}],"curies":[{"name":"wp","href":"https:\/\/api.w.org\/{rel}","templated":true}]}}