{"id":591948,"date":"2025-12-11T03:20:24","date_gmt":"2025-12-11T03:20:24","guid":{"rendered":"https:\/\/www.europesays.com\/fr\/591948\/"},"modified":"2025-12-11T03:20:24","modified_gmt":"2025-12-11T03:20:24","slug":"deux-artistes-martegaux-reviennent-de-lyon-aureoles-du-trophee-des-lumieres","status":"publish","type":"post","link":"https:\/\/www.europesays.com\/fr\/591948\/","title":{"rendered":"Deux artistes mart\u00e9gaux reviennent de Lyon, aur\u00e9ol\u00e9s du troph\u00e9e des lumi\u00e8res"},"content":{"rendered":"<p>Ils ont pr\u00e9sent\u00e9 leur nouvelle cr\u00e9ation de vid\u00e9o-mapping, sur les quais de Sa\u00f4ne\u00a0: Les malles persanes, une \u0153uvre po\u00e9tique, inspir\u00e9e des contes orientaux, illustr\u00e9e par les dessins de Thierry Pierras et tr\u00e8s color\u00e9es.<\/p>\n<p>Concourant pour le Troph\u00e9e des <a href=\"https:\/\/www.laprovence.com\/article\/france-monde\/1410920071529814\/la-ville-de-lyon-sillumine-pour-la-fete-des-lumieres\" target=\"_blank\" rel=\"noopener\">Lumi\u00e8res<\/a> organis\u00e9 par ICI Auvergne Rh\u00f4ne-Alpes et la ville de <a href=\"https:\/\/www.laprovence.com\/article\/france-monde\/1410920071529814\/la-ville-de-lyon-sillumine-pour-la-fete-des-lumieres\" target=\"_blank\" rel=\"noopener\">Lyon<\/a>, ils ont appris que le public qui a vot\u00e9 pour le Troph\u00e9e des Lumi\u00e8res, pendant la dur\u00e9e de la f\u00eate, a voulu r\u00e9compenser leur \u0153uvre, celle qu\u2019ils ont le plus appr\u00e9ci\u00e9e parmi toutes celles pr\u00e9sent\u00e9es.<\/p>\n<p>L\u2019\u0153uvre de Thierry Pierras, met en sc\u00e8ne une embarcation transportant des malles pleines d\u2019oiseaux, de cr\u00e9atures marines avec des paysages symboliques originaux. Le troph\u00e9e a \u00e9t\u00e9 remis \u00e0 Thierry Pierras et Michael Varlet\u00a0de Creativ Light en pr\u00e9sence d\u2019Audrey H\u00e9nocque, 1re adjointe au maire de Lyon, et de Jacques Pat\u00e9, directeur r\u00e9gional de France 3 Auvergne-Rh\u00f4ne-Alpes.<\/p>\n<p>L\u2019\u00e9veil des lumi\u00e8res, une \u0153uvre impressionnante avec 500 drones au parc de la t\u00eate d\u2019or et Jardin de Lumi\u00e8re, une \u0153uvre dansante place Poncet, ont aussi \u00e9t\u00e9 tr\u00e8s remarqu\u00e9es par le public.<\/p>\n<p>On attend impatiemment le vid\u00e9o-mapping des deux artistes mart\u00e9gaux pour No\u00ebl, dans le quartier de l\u2019\u00cele dans leur ville. Rendez-vous les samedi\u00a020 et dimanche\u00a021 de 18h \u00e0 21h place Mirabeau et au Miroir aux oiseaux.<\/p>\n","protected":false},"excerpt":{"rendered":"Ils ont pr\u00e9sent\u00e9 leur nouvelle cr\u00e9ation de vid\u00e9o-mapping, sur les quais de Sa\u00f4ne\u00a0: Les malles persanes, une \u0153uvre&hellip;\n","protected":false},"author":2,"featured_media":591949,"comment_status":"","ping_status":"","sticky":false,"template":"","format":"standard","meta":{"footnotes":""},"categories":[1889],"tags":[17,1111,11,2937,70495,2430,4070,1777,674,1011,27,2428,70494,12,16,25,52331,32098],"class_list":{"0":"post-591948","1":"post","2":"type-post","3":"status-publish","4":"format-standard","5":"has-post-thumbnail","7":"category-lyon","8":"tag-17","9":"tag-actu","10":"tag-actualites","11":"tag-artistes","12":"tag-aureoles","13":"tag-auvergne-rhone-alpes","14":"tag-deux","15":"tag-eu","16":"tag-europe","17":"tag-fr","18":"tag-france","19":"tag-lyon","20":"tag-martegaux","21":"tag-news","22":"tag-region","23":"tag-republique-francaise","24":"tag-reviennent","25":"tag-trophee"},"share_on_mastodon":{"url":"https:\/\/pubeurope.com\/@fr\/115698782881013461","error":""},"_links":{"self":[{"href":"https:\/\/www.europesays.com\/fr\/wp-json\/wp\/v2\/posts\/591948","targetHints":{"allow":["GET"]}}],"collection":[{"href":"https:\/\/www.europesays.com\/fr\/wp-json\/wp\/v2\/posts"}],"about":[{"href":"https:\/\/www.europesays.com\/fr\/wp-json\/wp\/v2\/types\/post"}],"author":[{"embeddable":true,"href":"https:\/\/www.europesays.com\/fr\/wp-json\/wp\/v2\/users\/2"}],"replies":[{"embeddable":true,"href":"https:\/\/www.europesays.com\/fr\/wp-json\/wp\/v2\/comments?post=591948"}],"version-history":[{"count":0,"href":"https:\/\/www.europesays.com\/fr\/wp-json\/wp\/v2\/posts\/591948\/revisions"}],"wp:featuredmedia":[{"embeddable":true,"href":"https:\/\/www.europesays.com\/fr\/wp-json\/wp\/v2\/media\/591949"}],"wp:attachment":[{"href":"https:\/\/www.europesays.com\/fr\/wp-json\/wp\/v2\/media?parent=591948"}],"wp:term":[{"taxonomy":"category","embeddable":true,"href":"https:\/\/www.europesays.com\/fr\/wp-json\/wp\/v2\/categories?post=591948"},{"taxonomy":"post_tag","embeddable":true,"href":"https:\/\/www.europesays.com\/fr\/wp-json\/wp\/v2\/tags?post=591948"}],"curies":[{"name":"wp","href":"https:\/\/api.w.org\/{rel}","templated":true}]}}