{"id":591950,"date":"2025-12-11T03:22:16","date_gmt":"2025-12-11T03:22:16","guid":{"rendered":"https:\/\/www.europesays.com\/fr\/591950\/"},"modified":"2025-12-11T03:22:16","modified_gmt":"2025-12-11T03:22:16","slug":"lyon-en-quarts-le-paris-fc-en-barrages-federation-francaise-de-football-fff","status":"publish","type":"post","link":"https:\/\/www.europesays.com\/fr\/591950\/","title":{"rendered":"Lyon en quarts, le Paris FC en barrages | F\u00e9d\u00e9ration Fran\u00e7aise de Football (FFF)"},"content":{"rendered":"<p>                                                              <img data-twic-src=\"https:\/\/www.europesays.com\/fr\/wp-content\/uploads\/2025\/12\/ac2a4770506f31be2fe658f0d2c85716.png\" data-credit=\"PA IMAGES \/ ICON SPORT\" title=\"PA IMAGES \/ ICON SPORT\" alt=\"Melchie Dumornay\" class=\"block\"\/>                                        <\/p>\n<p style=\"font-weight: bold\">Vainqueur \u00e0 Manchester United (3-0), mercredi 10 d\u00e9cembre, l&rsquo;OL Lyonnes a valid\u00e9 son billet pour les quarts de finale de la Ligue des champions f\u00e9minine. Et le Paris FC a pris le sien pour les barrages en s&rsquo;imposant \u00e0 Valerenga (1-0). <\/p>\n<p>Apr\u00e8s l&rsquo;<a href=\"https:\/\/www.fff.fr\/article\/15909-terminus-pour-le-psg.html\" target=\"_blank\" rel=\"noopener\">\u00e9limination du Paris SG<\/a> la veille, la soir\u00e9e a \u00e9t\u00e9 belle pour l&rsquo;OL Lyonnes et le Paris FC lors de la 5e journ\u00e9e de la Ligue des champions f\u00e9minine, avec une qualification directe pour les quarts de finale de la comp\u00e9tition pour l&rsquo;\u00e9quipe rhodanienne et une place en barrages pour la formation parisienne, le tout gr\u00e2ce \u00e0 deux victoires en d\u00e9placement.<\/p>\n<p>Attendues de pied ferme \u00e0 Manchester United, les Lyonnaises ont domin\u00e9 leur sujet (3-0) avec un but de Tabitha Chawinga (12e) et un doubl\u00e9 de Melchie Dumornay (81e, 90e, photo principale), pour un succ\u00e8s qui les maintient \u00e0 la deuxi\u00e8me place (13 pts) et leur assure de finir la phase de ligue dans le top 4 du classement.\u00a0<\/p>\n<p>Parti jouer son avenir \u00e0 Valerenga, en Su\u00e8de, le Paris FC a empoch\u00e9 les trois points qui lui \u00e9taient n\u00e9cessaires, Lorena Azzaro transformant le penalty du succ\u00e8s et d&rsquo;une participation aux barrages \u00e0 la 82e minute, face \u00e0 des Scandinaves r\u00e9duites \u00e0 dix depuis la 45e minute.\u00a0<\/p>\n<blockquote class=\"twitter-tweet\">\n<p dir=\"ltr\" lang=\"fr\">Qualifi\u00e9es \ud83d\ude0d\ud83d\ude0d<\/p>\n<p>\ud83d\udd35\u26aa\ufe0f <a href=\"https:\/\/twitter.com\/hashtag\/Certifi%C3%A9Paris?src=hash&amp;ref_src=twsrc%5Etfw\" target=\"_blank\" rel=\"noopener\">#Certifi\u00e9Paris<\/a> <a href=\"https:\/\/twitter.com\/hashtag\/ParisFC?src=hash&amp;ref_src=twsrc%5Etfw\" target=\"_blank\" rel=\"noopener\">#ParisFC<\/a> | <a href=\"https:\/\/twitter.com\/hashtag\/VALPFC?src=hash&amp;ref_src=twsrc%5Etfw\" target=\"_blank\" rel=\"noopener\">#VALPFC<\/a> <a href=\"https:\/\/t.co\/zXjlPwTrzi\">pic.twitter.com\/zXjlPwTrzi<\/a><\/p>\n<p>\u2014 Paris FC F\u00e9minines (@PFC_feminines) <a href=\"https:\/\/twitter.com\/PFC_feminines\/status\/1998860542988190176?ref_src=twsrc%5Etfw\" target=\"_blank\" rel=\"noopener\">December 10, 2025<\/a><\/p><\/blockquote>\n<p>\u00a0<\/p>\n<p>La 6e et derni\u00e8re journ\u00e9e de cette phase de ligue aura lieu le mercredi 17 d\u00e9cembre (21h00). Lyon et le Paris FC seront \u00e0 l&rsquo;heure espagnole avec les r\u00e9ceptions de l&rsquo;Atletico Madrid et du FC Barcelone, respectivement, alors que le Paris SG sera en d\u00e9placement \u00e0 Benfica.\u00a0<\/p>\n<p>R\u00e9sultats et calendrier<\/p>\n<p class=\"light\"><strong>Phase de ligue<\/strong><\/p>\n<p>\u00a0<\/p>\n<p>&#8211; Journ\u00e9e 1 :<\/p>\n<ul>\n<li>7 octobre 2025 : Arsenal FC (Ang) &#8211; <strong>OL Lyonnes 1-2<\/strong><\/li>\n<li>7 octobre 2025 : <strong>Paris FC<\/strong> &#8211; OH Louvain (Bel) <strong>2-2<\/strong><\/li>\n<li>8 octobre 2025 : VfL Wolfsbourg (All) &#8211; <strong>Paris SG 4-0<\/strong><\/li>\n<\/ul>\n<p>&#8211; Journ\u00e9e 2 :<\/p>\n<ul>\n<li>15 octobre 2025\u00a0 : <strong>OL Lyonnes<\/strong> &#8211; SKN Sankt P\u00f6lten (Aut) <strong>3-0<\/strong><\/li>\n<li>15 octobre 2025 : Chelsea FCW (Ang) &#8211; <strong>Paris FC 4-0<\/strong><\/li>\n<li>16 octobre 2025 : <strong>Paris SG<\/strong> &#8211; Real Madrid CF (Esp) <strong>1-2<\/strong><\/li>\n<\/ul>\n<p>&#8211; Journ\u00e9e 3 :<\/p>\n<ul>\n<li>11 novembre 2025 : <strong>OL Lyonnes<\/strong> &#8211; VfL Wolfsbourg (All) <strong>3-1<\/strong><\/li>\n<li>11 novembre 2025 : Real Madrid CF (Esp) &#8211; <strong>Paris FC 1-1<\/strong><\/li>\n<li>12 novembre 2025 : Manchester United WFC (Ang) &#8211; <strong>Paris SG 2-1<\/strong><\/li>\n<\/ul>\n<p>&#8211; Journ\u00e9e 4 :<\/p>\n<ul>\n<li>19 novembre 2025 : Juventus Turin (Ita) &#8211; <strong>OL Lyonnes 3-3<\/strong><\/li>\n<li>19 novembre 2025 :<strong> Paris FC &#8211;<\/strong> SL Benfica (Port) <strong>2-0<\/strong><\/li>\n<li>20 novembre 2025 : <strong>Paris SG <\/strong>&#8211; FC Bayern Munich (All) <strong>1-3<\/strong><\/li>\n<\/ul>\n<p>&#8211; Journ\u00e9e 5 :<\/p>\n<ul>\n<li>9 d\u00e9cembre 2025 : <strong>Paris SG &#8211;<\/strong> OH Louvain (Bel) <strong>0-0<\/strong><\/li>\n<li>10 d\u00e9cembre 2025 : Valerenga FD (Su\u00e8) &#8211; <strong>Paris FC 0-1<\/strong><\/li>\n<li>10 d\u00e9cembre 2025 : Manchester United WFC (Ang) &#8211; <strong>OL Lyonnes 0-3<br \/><\/strong><\/li>\n<\/ul>\n<p><strong>Classement : 1. <\/strong>FC Barcelone, 13 points (+ 15) ; 2.<strong> OL Lyonnes<\/strong>, 13 pts (+ 9) &#8230; 10. <strong>Paris FC<\/strong>, 8 pts (-1)&#8230; 16. <strong>Paris SG<\/strong>, 1 pt\u00a0(- 8).<\/p>\n<p>&#8211; Journ\u00e9e 6 :<\/p>\n<ul>\n<li>17 d\u00e9cembre 2025 (21h00) : <strong>OL Lyonnes<\/strong> &#8211; Atl\u00e9tico Madrid (Esp)<\/li>\n<li>17 d\u00e9cembre 2025 (21h00) : SL Benfica (Port) &#8211; <strong>Paris SG<\/strong><\/li>\n<li>17 d\u00e9cembre 2025 (21h00) : <strong>Paris FC<\/strong> &#8211; FC Barcelone (Esp)<\/li>\n<\/ul>\n<p class=\"light\"><strong>Barrages de la phase \u00e0 \u00e9limination directe<\/strong><\/p>\n<ul>\n<li class=\"light\">Tirage au sort : 18 d\u00e9cembre 2025 (Nyon)<\/li>\n<li class=\"light\">Aller : 11 et 12 f\u00e9vrier 2026<\/li>\n<li class=\"light\">Retour : 18 et 19 f\u00e9vrier 2026<\/li>\n<\/ul>\n<p class=\"light\"><strong>Quarts de finale<\/strong><\/p>\n<ul>\n<li class=\"light\">Tirage au sort : 18 d\u00e9cembre 2025 (Nyon)<\/li>\n<li class=\"light\">Aller : 24 et 25 mars 2026<\/li>\n<li class=\"light\">Retour : 1er et 2 avril 2026<\/li>\n<\/ul>\n<p class=\"light\"><strong>Demi-finales<\/strong><\/p>\n<ul>\n<li class=\"light\">Tirage au sort : 18 d\u00e9cembre 2025 (Nyon)<\/li>\n<li class=\"light\">Aller : 25 et 26 avril 2026<\/li>\n<li class=\"light\">Retour : 2 et 3 mai 2026<\/li>\n<\/ul>\n<p class=\"light\"><strong>Finale\u00a0<\/strong><\/p>\n<ul>\n<li class=\"light\">22, 23 ou 24 mai 2026 (Ullevaal Stadion, Oslo, Norv\u00e8ge)<\/li>\n<\/ul>\n<p>    <script async src=\"https:\/\/platform.twitter.com\/widgets.js\" charset=\"utf-8\"><\/script><\/p>\n","protected":false},"excerpt":{"rendered":"Vainqueur \u00e0 Manchester United (3-0), mercredi 10 d\u00e9cembre, l&rsquo;OL Lyonnes a valid\u00e9 son billet pour les quarts de&hellip;\n","protected":false},"author":2,"featured_media":591951,"comment_status":"","ping_status":"","sticky":false,"template":"","format":"standard","meta":{"footnotes":""},"categories":[1889],"tags":[1111,11,2430,1777,674,85,1011,27,2428,12,25],"class_list":{"0":"post-591950","1":"post","2":"type-post","3":"status-publish","4":"format-standard","5":"has-post-thumbnail","7":"category-lyon","8":"tag-actu","9":"tag-actualites","10":"tag-auvergne-rhone-alpes","11":"tag-eu","12":"tag-europe","13":"tag-fff","14":"tag-fr","15":"tag-france","16":"tag-lyon","17":"tag-news","18":"tag-republique-francaise"},"share_on_mastodon":{"url":"https:\/\/pubeurope.com\/@fr\/115698790810152387","error":""},"_links":{"self":[{"href":"https:\/\/www.europesays.com\/fr\/wp-json\/wp\/v2\/posts\/591950","targetHints":{"allow":["GET"]}}],"collection":[{"href":"https:\/\/www.europesays.com\/fr\/wp-json\/wp\/v2\/posts"}],"about":[{"href":"https:\/\/www.europesays.com\/fr\/wp-json\/wp\/v2\/types\/post"}],"author":[{"embeddable":true,"href":"https:\/\/www.europesays.com\/fr\/wp-json\/wp\/v2\/users\/2"}],"replies":[{"embeddable":true,"href":"https:\/\/www.europesays.com\/fr\/wp-json\/wp\/v2\/comments?post=591950"}],"version-history":[{"count":0,"href":"https:\/\/www.europesays.com\/fr\/wp-json\/wp\/v2\/posts\/591950\/revisions"}],"wp:featuredmedia":[{"embeddable":true,"href":"https:\/\/www.europesays.com\/fr\/wp-json\/wp\/v2\/media\/591951"}],"wp:attachment":[{"href":"https:\/\/www.europesays.com\/fr\/wp-json\/wp\/v2\/media?parent=591950"}],"wp:term":[{"taxonomy":"category","embeddable":true,"href":"https:\/\/www.europesays.com\/fr\/wp-json\/wp\/v2\/categories?post=591950"},{"taxonomy":"post_tag","embeddable":true,"href":"https:\/\/www.europesays.com\/fr\/wp-json\/wp\/v2\/tags?post=591950"}],"curies":[{"name":"wp","href":"https:\/\/api.w.org\/{rel}","templated":true}]}}