{"id":59196,"date":"2025-04-28T12:14:09","date_gmt":"2025-04-28T12:14:09","guid":{"rendered":"https:\/\/www.europesays.com\/fr\/59196\/"},"modified":"2025-04-28T12:14:09","modified_gmt":"2025-04-28T12:14:09","slug":"la-france-demande-a-israel-darreter-le-massacre-quil-y-a-aujourdhui-a-gaza","status":"publish","type":"post","link":"https:\/\/www.europesays.com\/fr\/59196\/","title":{"rendered":"La France demande \u00e0 Isra\u00ebl d'\u00a0\u00bbarr\u00eater le massacre qu&rsquo;il y a aujourd&rsquo;hui \u00e0 Gaza\u00a0\u00bb"},"content":{"rendered":"<p><img decoding=\"async\" class=\"caas-img caas-lazy has-preview\" src=\"https:\/\/www.europesays.com\/fr\/wp-content\/uploads\/2025\/04\/48f7bae625305cec216fc492420c8533.jpeg\"\/><\/p>\n<p>La France demande \u00e0 Isra\u00ebl d'\u00a0\u00bbarr\u00eater le massacre qu&rsquo;il y a aujourd&rsquo;hui \u00e0 Gaza\u00a0\u00bb<\/p>\n<p>La France demande \u00e0 Isra\u00ebl d'\u00a0\u00bbarr\u00eater le massacre qu&rsquo;il y a aujourd&rsquo;hui \u00e0 <a href=\"https:\/\/fr.news.yahoo.com\/gaza-d%C3%A9fense-civile-palestinienne-annonce-195341978.html\" data-ylk=\"slk:Gaza;elm:context_link;itc:0;sec:content-canvas;outcm:mb_qualified_link;_E:mb_qualified_link;ct:story;\" class=\"link  yahoo-link\" target=\"_blank\" rel=\"noopener\">Gaza<\/a>\u00ab\u00a0, a d\u00e9clar\u00e9 lundi 28 avril la porte-parole du gouvernement Sophie Primas apr\u00e8s le conseil des ministres du jour.<\/p>\n<p>Elle a pr\u00e9cis\u00e9 devant la presse que Paris demandait aussi la lib\u00e9ration des otages encore retenus par le Hamas dans le territoire, et une \u00ab\u00a0d\u00e9militarisation\u00a0\u00bb du mouvement islamiste palestinien qui le contr\u00f4le, ainsi qu&rsquo;un \u00ab\u00a0renouveau de l&rsquo;Autorit\u00e9 palestinienne\u00a0\u00bb.<\/p>\n<p>Il s&rsquo;agit, selon elle, \u00ab\u00a0des conditions pour aller vers la reconnaissance\u00a0\u00bb d&rsquo;un \u00c9tat palestinien, qu&rsquo;<a href=\"https:\/\/fr.news.yahoo.com\/reconnaissance-dun-%C3%A9tat-palestinien-crimes-155733203.html\" data-ylk=\"slk:Emmanuel Macron a envisag\u00e9e pour le mois de juin;elm:context_link;itc:0;sec:content-canvas;outcm:mb_qualified_link;_E:mb_qualified_link;ct:story;\" class=\"link  yahoo-link\" target=\"_blank\" rel=\"noopener\">Emmanuel Macron a envisag\u00e9e pour le mois de juin<\/a>.<\/p>\n<p>Les discussions sur une s\u00e9rie de reconnaissances \u00ab\u00a0avancent\u00a0\u00bb<\/p>\n<p>Le chef de l&rsquo;\u00c9tat fran\u00e7ais doit copr\u00e9sider en juin avec l&rsquo;Arabie saoudite une conf\u00e9rence internationale aux Nations unies pour relancer la solution \u00e0 deux \u00c9tats, palestinien et isra\u00e9lien.<\/p>\n<p>Il a dit esp\u00e9rer \u00e0 cette occasion \u00ab\u00a0d\u00e9clencher une s\u00e9rie de reconnaissances\u00a0\u00bb d&rsquo;un \u00c9tat palestinien, notamment par la France, mais aussi d&rsquo;Isra\u00ebl par plusieurs pays du monde arabo-musulman.<\/p>\n<p>\u00ab\u00a0Je pense que les discussions avancent en r\u00e9alit\u00e9, \u00e9videmment, on n&rsquo;en fait pas publicit\u00e9 tous les deux matins parce que ce sont des choses extr\u00eamement sensibles, d\u00e9licates\u00a0\u00bb, a dit Sophie Primas au sujet des tractations en vue de ce rendez-vous de juin.<\/p>\n<p><a href=\"https:\/\/www.bfmtv.com\/international\/moyen-orient\/palestine\/la-france-demande-a-israel-d-arreter-le-massacre-qu-il-y-a-aujourd-hui-a-gaza_AD-202504280473.html#xtor=AL-68\" rel=\"nofollow noopener\" target=\"_blank\" data-ylk=\"slk:Article original publi\u00e9 sur BFMTV.com;elm:context_link;itc:0;sec:content-canvas\" class=\"link \">Article original publi\u00e9 sur BFMTV.com<\/a><\/p>\n","protected":false},"excerpt":{"rendered":"La France demande \u00e0 Isra\u00ebl d&rsquo;\u00a0\u00bbarr\u00eater le massacre qu&rsquo;il y a aujourd&rsquo;hui \u00e0 Gaza\u00a0\u00bb La France demande \u00e0&hellip;\n","protected":false},"author":2,"featured_media":59197,"comment_status":"","ping_status":"","sticky":false,"template":"","format":"standard","meta":{"footnotes":""},"categories":[4],"tags":[11,3193,8421,1011,27,664,15589,15588,12,25,15590],"class_list":{"0":"post-59196","1":"post","2":"type-post","3":"status-publish","4":"format-standard","5":"has-post-thumbnail","7":"category-france","8":"tag-actualites","9":"tag-conseil-des-ministres","10":"tag-etat-palestinien","11":"tag-fr","12":"tag-france","13":"tag-israel","14":"tag-le-territoire","15":"tag-liberation-des-otages","16":"tag-news","17":"tag-republique-francaise","18":"tag-sophie-primas"},"share_on_mastodon":{"url":"https:\/\/pubeurope.com\/@fr\/114415538324942108","error":""},"_links":{"self":[{"href":"https:\/\/www.europesays.com\/fr\/wp-json\/wp\/v2\/posts\/59196","targetHints":{"allow":["GET"]}}],"collection":[{"href":"https:\/\/www.europesays.com\/fr\/wp-json\/wp\/v2\/posts"}],"about":[{"href":"https:\/\/www.europesays.com\/fr\/wp-json\/wp\/v2\/types\/post"}],"author":[{"embeddable":true,"href":"https:\/\/www.europesays.com\/fr\/wp-json\/wp\/v2\/users\/2"}],"replies":[{"embeddable":true,"href":"https:\/\/www.europesays.com\/fr\/wp-json\/wp\/v2\/comments?post=59196"}],"version-history":[{"count":0,"href":"https:\/\/www.europesays.com\/fr\/wp-json\/wp\/v2\/posts\/59196\/revisions"}],"wp:featuredmedia":[{"embeddable":true,"href":"https:\/\/www.europesays.com\/fr\/wp-json\/wp\/v2\/media\/59197"}],"wp:attachment":[{"href":"https:\/\/www.europesays.com\/fr\/wp-json\/wp\/v2\/media?parent=59196"}],"wp:term":[{"taxonomy":"category","embeddable":true,"href":"https:\/\/www.europesays.com\/fr\/wp-json\/wp\/v2\/categories?post=59196"},{"taxonomy":"post_tag","embeddable":true,"href":"https:\/\/www.europesays.com\/fr\/wp-json\/wp\/v2\/tags?post=59196"}],"curies":[{"name":"wp","href":"https:\/\/api.w.org\/{rel}","templated":true}]}}