{"id":591962,"date":"2025-12-11T03:29:15","date_gmt":"2025-12-11T03:29:15","guid":{"rendered":"https:\/\/www.europesays.com\/fr\/591962\/"},"modified":"2025-12-11T03:29:15","modified_gmt":"2025-12-11T03:29:15","slug":"le-risque-fatidique-dune-paix-faustienne-en-ukraine","status":"publish","type":"post","link":"https:\/\/www.europesays.com\/fr\/591962\/","title":{"rendered":"Le risque fatidique d\u2019une paix faustienne en Ukraine"},"content":{"rendered":"<p>La Gen\u00e8ve internationale a fait de la paix l\u2019un de ses domaines d\u2019expertise. Des organisations comme Interpeace le mart\u00e8lent: pour \u00eatre efficace, un processus de paix doit \u00eatre inclusif et \u00e9tablir la confiance entre tous les acteurs d\u2019un conflit. Si l\u2019on s\u2019en tient \u00e0 ces crit\u00e8res, la mani\u00e8re dont l\u2019administration Trump et le Kremlin envisagent une fin des hostilit\u00e9s en Ukraine est \u00e0 des ann\u00e9es-lumi\u00e8re des conditions n\u00e9cessaires pour forger une paix durable.<\/p>\n<p>Apr\u00e8s bient\u00f4t quatre ans de guerre, on devrait se f\u00e9liciter de voir l\u2019Am\u00e9rique prendre l\u2019initiative pour mettre fin \u00e0 un bain de sang aussi absurde que d\u00e9vastateur. Sauf que la m\u00e9thode \u2013 la diplomatie du business \u2013 risque de rendre la situation de l\u2019Ukraine et de l\u2019Europe encore plus d\u00e9l\u00e9t\u00e8re. Dans ce processus, le pouvoir ukrainien, fortement affaibli par des affaires de corruption, en est presque r\u00e9duit \u00e0 faire de la figuration. Or, marginaliser le pays victime de l\u2019agression russe augure mal d\u2019une stabilisation de la r\u00e9gion.<\/p>\n<p>Lire aussi: <a href=\"https:\/\/www.letemps.ch\/articles\/entre-russes-et-americains-le-business-avant-la-paix-en-ukraine\" target=\"_blank\" rel=\"noopener\">Entre Russes et Am\u00e9ricains, le business avant la paix (en Ukraine)<\/a>  <\/p>\n<p>L\u2019extraordinaire proximit\u00e9 de Steve Witkoff, l\u2019envoy\u00e9 sp\u00e9cial am\u00e9ricain, avec le pouvoir de Moscou indispose jusque dans certains rangs r\u00e9publicains, o\u00f9 Vladimir Poutine est toujours consid\u00e9r\u00e9 comme un dictateur aspirant \u00e0 recr\u00e9er l\u2019Empire russe. A voir comment Donald Trump vilipende l\u2019Europe, il serait malvenu de sous-estimer l\u2019alignement vertigineux de Washington sur Moscou. Steve Witkoff et le gendre du pr\u00e9sident am\u00e9ricain Jared Kushner voient miroiter dans un rapprochement avec la Russie l\u2019espoir de lucratives affaires. Mais peut-on jouer ainsi avec la paix comme on jouerait \u00e0 la bourse?<\/p>\n<p>Lire aussi: <a href=\"https:\/\/www.letemps.ch\/articles\/relation-transatlantique-comment-l-administration-trump-a-blesse-l-allemagne\" target=\"_blank\" rel=\"noopener\">Relation transatlantique: comment l\u2019administration Trump a bless\u00e9 l\u2019Allemagne<\/a>  <\/p>\n<p>Ce dont Am\u00e9ricains et Russes parlent n\u2019est d\u2019ailleurs pas un plan de paix. Dans sa version initiale fortement inspir\u00e9e par Moscou et \u00e9num\u00e9rant 28\u00a0points, celui-ci \u00e9quivalait \u00e0 une capitulation de l\u2019Ukraine. Le simple fait qu\u2019une amnistie pour tous les crimes commis en Ukraine ait pu figurer dans la version initiale en dit long sur le m\u00e9pris que manifestent le Bureau ovale et le Kremlin envers le droit international. Les diplomates suisses ne cessent pourtant de le clamer: il ne peut y avoir de paix durable sans justice. Sans quoi, les germes de futurs conflits seront d\u00e9j\u00e0 plant\u00e9s. Le texte, qui tiendrait d\u00e9sormais en 20\u00a0points, a-t-il \u00e9volu\u00e9 dans un sens positif? Rien n\u2019est moins s\u00fbr.<\/p>\n<p>L\u2019intransigeance de Vladimir Poutine, dont l\u2019arm\u00e9e continue de pilonner des civils ukrainiens, la mansu\u00e9tude affolante des Etats-Unis envers la Russie et l\u2019incapacit\u00e9 de l\u2019Europe \u00e0 apporter une r\u00e9ponse ferme \u00e0 un moment potentiellement fatidique sont autant de facteurs susceptibles de provoquer un \u00e9lectrochoc. Mais on ne le voit pas venir. Or s\u2019\u00e9riger contre une paix faustienne doit \u00eatre un acte n\u00e9cessaire pour assurer la viabilit\u00e9 du mod\u00e8le de d\u00e9mocratie lib\u00e9rale du Vieux-Continent.<\/p>\n","protected":false},"excerpt":{"rendered":"La Gen\u00e8ve internationale a fait de la paix l\u2019un de ses domaines d\u2019expertise. Des organisations comme Interpeace le&hellip;\n","protected":false},"author":2,"featured_media":591963,"comment_status":"","ping_status":"","sticky":false,"template":"","format":"standard","meta":{"footnotes":""},"categories":[1591],"tags":[11,75,73,674,1887,4438,74,12,1427,1885,1886,132,220,364],"class_list":{"0":"post-591962","1":"post","2":"type-post","3":"status-publish","4":"format-standard","5":"has-post-thumbnail","7":"category-russie","8":"tag-actualites","9":"tag-donald-trump","10":"tag-etats-unis","11":"tag-europe","12":"tag-federation-de-russie","13":"tag-free","14":"tag-monde","15":"tag-news","16":"tag-opinions","17":"tag-russia","18":"tag-russian-federation","19":"tag-russie","20":"tag-ukraine","21":"tag-union-europeenne"},"share_on_mastodon":{"url":"https:\/\/pubeurope.com\/@fr\/115698818491735754","error":""},"_links":{"self":[{"href":"https:\/\/www.europesays.com\/fr\/wp-json\/wp\/v2\/posts\/591962","targetHints":{"allow":["GET"]}}],"collection":[{"href":"https:\/\/www.europesays.com\/fr\/wp-json\/wp\/v2\/posts"}],"about":[{"href":"https:\/\/www.europesays.com\/fr\/wp-json\/wp\/v2\/types\/post"}],"author":[{"embeddable":true,"href":"https:\/\/www.europesays.com\/fr\/wp-json\/wp\/v2\/users\/2"}],"replies":[{"embeddable":true,"href":"https:\/\/www.europesays.com\/fr\/wp-json\/wp\/v2\/comments?post=591962"}],"version-history":[{"count":0,"href":"https:\/\/www.europesays.com\/fr\/wp-json\/wp\/v2\/posts\/591962\/revisions"}],"wp:featuredmedia":[{"embeddable":true,"href":"https:\/\/www.europesays.com\/fr\/wp-json\/wp\/v2\/media\/591963"}],"wp:attachment":[{"href":"https:\/\/www.europesays.com\/fr\/wp-json\/wp\/v2\/media?parent=591962"}],"wp:term":[{"taxonomy":"category","embeddable":true,"href":"https:\/\/www.europesays.com\/fr\/wp-json\/wp\/v2\/categories?post=591962"},{"taxonomy":"post_tag","embeddable":true,"href":"https:\/\/www.europesays.com\/fr\/wp-json\/wp\/v2\/tags?post=591962"}],"curies":[{"name":"wp","href":"https:\/\/api.w.org\/{rel}","templated":true}]}}