{"id":591966,"date":"2025-12-11T03:32:15","date_gmt":"2025-12-11T03:32:15","guid":{"rendered":"https:\/\/www.europesays.com\/fr\/591966\/"},"modified":"2025-12-11T03:32:15","modified_gmt":"2025-12-11T03:32:15","slug":"les-etats-unis-imposent-de-nouveaux-droits-de-douane-au-nicaragua-pour-violation-des-droits-humains","status":"publish","type":"post","link":"https:\/\/www.europesays.com\/fr\/591966\/","title":{"rendered":"Les \u00c9tats-Unis imposent de nouveaux droits de douane au Nicaragua pour \u00abviolation des droits humains\u00bb"},"content":{"rendered":"<p>\n    Les nouvelles taxes impos\u00e9es au Nicaragua s\u2019ajouteront aux droits de douane dits \u00abr\u00e9ciproques\u00bb de 18% d\u00e9j\u00e0 impos\u00e9s plus t\u00f4t cette ann\u00e9e \u00e0 ce pays d\u2019Am\u00e9rique centrale par le pr\u00e9sident am\u00e9ricain.<\/p>\n<p class=\"fig-paragraph\">Le gouvernement am\u00e9ricain a annonc\u00e9 mercredi de nouveaux\u00a0<a href=\"https:\/\/www.lefigaro.fr\/tag\/droits-de-douane\" target=\"_blank\" rel=\"sponsored noopener\" data-gtm-custom-categorie=\"navigation\" data-gtm-custom-action=\"crossclick\" data-gtm-custom-label=\"Contextuel\" data-gtm-event=\"customEventSPE\">droits de douane<\/a>\u00a0sur certains produits venus du\u00a0<a href=\"https:\/\/www.lefigaro.fr\/tag\/nicaragua\" target=\"_blank\" rel=\"sponsored noopener\" data-gtm-custom-categorie=\"navigation\" data-gtm-custom-action=\"crossclick\" data-gtm-custom-label=\"Contextuel\" data-gtm-event=\"customEventSPE\">Nicaragua<\/a>\u00a0\u00e0 partir de 2027, en raison selon lui de violations des droits du travail et des droits humains qui cr\u00e9ent une \u00abconcurrence d\u00e9loyale\u00bb.<\/p>\n<p class=\"fig-paragraph\">Les nouvelles taxes impos\u00e9es au Nicaragua seront introduites progressivement sur deux ans, \u00e0 hauteur de 10% \u00e0 partir de janvier 2027, puis de 15% au d\u00e9but de l&rsquo;ann\u00e9e suivante, a d\u00e9clar\u00e9 le bureau du repr\u00e9sentant de la Maison Blanche au Commerce (USTR).<\/p>\n<p>                                            <a class=\"fig-a11y-skip\" href=\"#fig-a11y-skip-main-inarticle\" data-module=\"a11y-skip\" data-context=\"was @visible\"><br \/>\n    Passer la publicit\u00e9<br \/>\n<\/a>            <\/p>\n<p class=\"fig-paragraph\">Elles s&rsquo;ajouteront aux droits de douane dits \u00abr\u00e9ciproques\u00bb de 18% d\u00e9j\u00e0 impos\u00e9s plus t\u00f4t cette ann\u00e9e \u00e0 ce pays d&rsquo;Am\u00e9rique centrale par le pr\u00e9sident am\u00e9ricain, dans le cadre de sa politique tarifaire tous azimuts.<\/p>\n<p>                                            \u00abConcurrence d\u00e9loyale\u00bb<\/p>\n<p class=\"fig-paragraph\">Cette d\u00e9cision fait suite \u00e0 une enqu\u00eate lanc\u00e9e l&rsquo;ann\u00e9e derni\u00e8re par l&rsquo;USTR sur les conditions de travail et le respect des droits humains au Nicaragua. Selon cette enqu\u00eate, le pays s&rsquo;est livr\u00e9 \u00e0 des \u00abviolations de plus en plus r\u00e9pandues des droits du travail, ainsi que des droits humains et des libert\u00e9s fondamentales\u00bb tout en d\u00e9mantelant \u00ables garanties de l&rsquo;\u00c9tat de droit contre les actions arbitraires du gouvernement\u00bb.<\/p>\n<p class=\"fig-paragraph\">En cons\u00e9quence, l&rsquo;USTR a conclu que la situation au Nicaragua, o\u00f9 le pouvoir est accus\u00e9 d&rsquo;avoir instaur\u00e9 une dictature familiale, affecte l&rsquo;\u00e9conomie am\u00e9ricaine par une \u00abconcurrence d\u00e9loyale\u00bb fond\u00e9e sur le \u00abd\u00e9ni des droits fondamentaux au travail\u00bb. La nouvelle taxe s&rsquo;appliquera aux marchandises qui ne sont pas comprises dans l&rsquo;accord de libre-\u00e9change entre les \u00c9tats-Unis, la R\u00e9publique dominicaine et des pays d&rsquo;Am\u00e9rique centrale.<\/p>\n<p class=\"fig-paragraph\">Depuis le d\u00e9but en janvier de son second mandat, le pr\u00e9sident Donald Trump a fait des droits de douane l\u2019une des chevilles ouvri\u00e8res de sa politique \u00e9conomique comme de ses relations diplomatiques, les imposant tant \u00e0 des adversaires qu\u2019\u00e0 des proches partenaires.<\/p>\n","protected":false},"excerpt":{"rendered":"Les nouvelles taxes impos\u00e9es au Nicaragua s\u2019ajouteront aux droits de douane dits \u00abr\u00e9ciproques\u00bb de 18% d\u00e9j\u00e0 impos\u00e9s plus&hellip;\n","protected":false},"author":2,"featured_media":591967,"comment_status":"","ping_status":"","sticky":false,"template":"","format":"standard","meta":{"footnotes":""},"categories":[1589],"tags":[11,981,73,1866,12,19552,1864,1865,1863,308],"class_list":{"0":"post-591966","1":"post","2":"type-post","3":"status-publish","4":"format-standard","5":"has-post-thumbnail","7":"category-etats-unis","8":"tag-actualites","9":"tag-douane","10":"tag-etats-unis","11":"tag-etats-unis-damerique","12":"tag-news","13":"tag-nicaragua","14":"tag-united-states","15":"tag-united-states-of-america","16":"tag-us","17":"tag-usa"},"share_on_mastodon":{"url":"https:\/\/pubeurope.com\/@fr\/115698830132756292","error":""},"_links":{"self":[{"href":"https:\/\/www.europesays.com\/fr\/wp-json\/wp\/v2\/posts\/591966","targetHints":{"allow":["GET"]}}],"collection":[{"href":"https:\/\/www.europesays.com\/fr\/wp-json\/wp\/v2\/posts"}],"about":[{"href":"https:\/\/www.europesays.com\/fr\/wp-json\/wp\/v2\/types\/post"}],"author":[{"embeddable":true,"href":"https:\/\/www.europesays.com\/fr\/wp-json\/wp\/v2\/users\/2"}],"replies":[{"embeddable":true,"href":"https:\/\/www.europesays.com\/fr\/wp-json\/wp\/v2\/comments?post=591966"}],"version-history":[{"count":0,"href":"https:\/\/www.europesays.com\/fr\/wp-json\/wp\/v2\/posts\/591966\/revisions"}],"wp:featuredmedia":[{"embeddable":true,"href":"https:\/\/www.europesays.com\/fr\/wp-json\/wp\/v2\/media\/591967"}],"wp:attachment":[{"href":"https:\/\/www.europesays.com\/fr\/wp-json\/wp\/v2\/media?parent=591966"}],"wp:term":[{"taxonomy":"category","embeddable":true,"href":"https:\/\/www.europesays.com\/fr\/wp-json\/wp\/v2\/categories?post=591966"},{"taxonomy":"post_tag","embeddable":true,"href":"https:\/\/www.europesays.com\/fr\/wp-json\/wp\/v2\/tags?post=591966"}],"curies":[{"name":"wp","href":"https:\/\/api.w.org\/{rel}","templated":true}]}}