{"id":591991,"date":"2025-12-11T03:50:20","date_gmt":"2025-12-11T03:50:20","guid":{"rendered":"https:\/\/www.europesays.com\/fr\/591991\/"},"modified":"2025-12-11T03:50:20","modified_gmt":"2025-12-11T03:50:20","slug":"exposition-30-ans-de-collection-privee-pour-mieux-connaitre-dali-a-toulouse","status":"publish","type":"post","link":"https:\/\/www.europesays.com\/fr\/591991\/","title":{"rendered":"Exposition\u00a0: 30 ans de collection priv\u00e9e pour mieux conna\u00eetre Dali \u00e0 Toulouse"},"content":{"rendered":"<p>\n                                                                    l&rsquo;essentiel<br \/>\n                                                                L\u2019exposition \u00ab\u00a0Dali s\u2019invite \u00e0 Toulouse\u00a0\u00bb d\u00e9voile une collection priv\u00e9e exceptionnelle. Guid\u00e9e par le passionn\u00e9 Mickael Mamou, elle r\u00e9v\u00e8le des anecdotes in\u00e9dites sur l\u2019artiste. Une immersion dans l\u2019univers extravagant du peintre espagnol.\n                            <\/p>\n<p>Une exposition majeure s\u2019est install\u00e9e dans deux salles de l\u2019h\u00f4tel Albert 1er, \u00e0 deux pas du Capitole\u00a0: \u00ab\u00a0Dali s\u2019invite \u00e0 Toulouse\u00a0\u00bb. Une collection priv\u00e9e des \u0153uvres du plus extravagant des artistes du XXe\u00a0si\u00e8cle. Mais pas que, une visite guid\u00e9e par le collectionneur, commissaire et organisateur Mickael Mamou, qui regorge d\u2019anecdotes et de d\u00e9tails de la vie intime du grand artiste.<\/p>\n<p class=\"std-elt__inline\">\n        <strong>\u00c0 lire aussi :<\/strong><br \/>\n        <a href=\"https:\/\/www.ladepeche.fr\/2025\/11\/08\/je-vis-je-mange-je-dors-et-je-respire-dali-depuis-30-ans-ce-collectionneur-prive-partagera-ses-tresors-sur-le-genie-du-surrealiste-a-toulouse-pour-13032810.php\" target=\"_blank\" rel=\"noopener\">\u00ab\u00a0Je vis, je mange, je dors et je respire Dali depuis 30 ans\u00a0\u00bb\u00a0: ce collectionneur priv\u00e9 va partager ses tr\u00e9sors \u00e0 Toulouse<\/a>\n    <\/p>\n<p>\u00ab\u00a0Je suis fou de Dali\u00a0! Je me l\u00e8ve avec Dali, je mange avec Dali, je me couche avec Dali\u00a0! C\u2019est parfois un peu compliqu\u00e9 pour ma femme\u2026\u00a0\u00bb Ce passionn\u00e9-collectionneur, d\u00e8s le 23\u00a0janvier 1989, date de la mort du peintre, met sa passion de 30 ans au service de visiteurs curieux d\u2019en conna\u00eetre plus sur l\u2019homme. Et ce ma\u00eetre de conf\u00e9rences en a long \u00e0 d\u00e9voiler. De sa naissance o\u00f9 l\u2019on apprend qu\u2019il y a eu deux Salvador Dali, le deuxi\u00e8me ici glorifi\u00e9 quand il prenait l\u2019identit\u00e9 d\u2019un fr\u00e8re mort avant lui. \u00c0 sa vie, dont il d\u00e9vore tout ce qui a \u00e9t\u00e9 \u00e9crit sur le ma\u00eetre mais aussi rencontre les personnes proches lors de ses voyages\u00a0: notamment Monique Beaute qui lui fait rencontrer Enrique Sabater, secr\u00e9taire personnel de Dali de 1968 \u00e0 1980, qui l\u2019encourage \u00e0 collectionner par th\u00e8mes et aupr\u00e8s de qui il constitue toute sa collection\u00a0: sculptures, lithographies, porcelaines et livres.<\/p>\n<p>\u00ab\u00a0L\u2019art doit envahir la vie\u00a0\u00bb<\/p>\n<p>\u00ab\u00a0J\u2019avais l\u2019acad\u00e9mique, je rencontre l\u2019intimit\u00e9 de l\u2019artiste\u00a0\u00bb \u00e9nonce Mickael Mamou, pris de passion pour le personnage \u00ab\u00a0qui m\u2019auto-g\u00e9n\u00e8re de l\u2019\u00e9nergie\u00a0\u00bb. Car il en faut pour \u00eatre pr\u00e9sent chaque jour \u00e0 l\u2019H\u00f4tel Albert 1er afin d\u2019accueillir les visiteurs, les guider, leur d\u00e9voiler les secrets des \u0153uvres expos\u00e9es. On y trouve le fameux jeu de tarot command\u00e9 par le producteur de James Bond pour le film \u00ab\u00a0Demain ne meurt jamais\u00a0\u00bb. Il le r\u00e9alise mais le prix exorbitant de l\u2019objet le rend \u00e0 sa femme Gala, qui aime tirer les cartes. On le d\u00e9couvre encadr\u00e9 et entour\u00e9 de quelques lithogravures qui ont servi \u00e0 sa fabrication. Ce pourrait \u00eatre une exposition \u00e0 elles seules puisque notre collectionneur a acquis les 40 pi\u00e8ces.<\/p>\n<p class=\"std-elt__inline\">\n        <strong>\u00c0 lire aussi :<\/strong><br \/>\n        <a href=\"https:\/\/www.ladepeche.fr\/2025\/12\/08\/james-colomina-expose-deux-de-ses-sculptures-dans-une-galerie-toulousaine-13097733.php\" target=\"_blank\" rel=\"noopener\">James Colomina\u00a0: d\u00e9couvrez les deux sculptures qu\u2019il expose dans une galerie toulousaine<\/a>\n    <\/p>\n<p>Un autre th\u00e8me pourrait \u00eatre \u00ab\u00a0Dali, roi de la transformation\u00a0\u00bb. En commen\u00e7ant par sa moustache, d\u2019abord moul\u00e9e au suc de dattes, puis objet de rajouts pour faire sa signature si connue, son logo. \u00ab\u00a0Chaque ann\u00e9e on pourrait trouver un th\u00e8me nouveau, tant le g\u00e9nie de l\u2019homme \u00e9tait grand et vaste\u00a0\u00bb r\u00e9v\u00e8le ce passionn\u00e9. La prochaine sera \u00ab\u00a0Dali \u00e0 la Une\u00a0\u00bb, un monde en soi.<\/p>\n<p>On retrouve aussi fourmis, papillons, montre molle, \u00e9l\u00e9phant \u00e0 fr\u00eales pattes, les symboles les plus r\u00e9currents chez l\u2019artiste. Et on d\u00e9couvre Chupa Chups, Joseph Pla, les m\u00e9dailles olympiques de Los Angeles 1984 et bien d\u2019autres tr\u00e9sors dont Mickael Mamou a la cl\u00e9.<\/p>\n<p>Jusqu\u2019au 8\u00a0f\u00e9vrier 2026, \u00e0 l\u2019H\u00f4tel Albert 1er (5 rue JF Kennedy) \u00e0 Toulouse. Ouvert tous les jours de 10\u00a0h \u00e0 20\u00a0h en continu. Tarifs\u00a0: 8 \u00e0 15\u00a0\u20ac, gratuit pour les moins de 7 ans.<\/p>\n","protected":false},"excerpt":{"rendered":"l&rsquo;essentiel L\u2019exposition \u00ab\u00a0Dali s\u2019invite \u00e0 Toulouse\u00a0\u00bb d\u00e9voile une collection priv\u00e9e exceptionnelle. Guid\u00e9e par le passionn\u00e9 Mickael Mamou, elle&hellip;\n","protected":false},"author":2,"featured_media":591992,"comment_status":"","ping_status":"","sticky":false,"template":"","format":"standard","meta":{"footnotes":""},"categories":[1358],"tags":[1348,1384,1385,872,1386,58,59,1349,1011,27,2722,2312],"class_list":{"0":"post-591991","1":"post","2":"type-post","3":"status-publish","4":"format-standard","5":"has-post-thumbnail","7":"category-arts-et-design","8":"tag-arts","9":"tag-arts-and-design","10":"tag-arts-et-design","11":"tag-culture-et-loisirs","12":"tag-design","13":"tag-divertissement","14":"tag-entertainment","15":"tag-expositions","16":"tag-fr","17":"tag-france","18":"tag-haute-garonne","19":"tag-toulouse"},"share_on_mastodon":{"url":"https:\/\/pubeurope.com\/@fr\/115698900889678629","error":""},"_links":{"self":[{"href":"https:\/\/www.europesays.com\/fr\/wp-json\/wp\/v2\/posts\/591991","targetHints":{"allow":["GET"]}}],"collection":[{"href":"https:\/\/www.europesays.com\/fr\/wp-json\/wp\/v2\/posts"}],"about":[{"href":"https:\/\/www.europesays.com\/fr\/wp-json\/wp\/v2\/types\/post"}],"author":[{"embeddable":true,"href":"https:\/\/www.europesays.com\/fr\/wp-json\/wp\/v2\/users\/2"}],"replies":[{"embeddable":true,"href":"https:\/\/www.europesays.com\/fr\/wp-json\/wp\/v2\/comments?post=591991"}],"version-history":[{"count":0,"href":"https:\/\/www.europesays.com\/fr\/wp-json\/wp\/v2\/posts\/591991\/revisions"}],"wp:featuredmedia":[{"embeddable":true,"href":"https:\/\/www.europesays.com\/fr\/wp-json\/wp\/v2\/media\/591992"}],"wp:attachment":[{"href":"https:\/\/www.europesays.com\/fr\/wp-json\/wp\/v2\/media?parent=591991"}],"wp:term":[{"taxonomy":"category","embeddable":true,"href":"https:\/\/www.europesays.com\/fr\/wp-json\/wp\/v2\/categories?post=591991"},{"taxonomy":"post_tag","embeddable":true,"href":"https:\/\/www.europesays.com\/fr\/wp-json\/wp\/v2\/tags?post=591991"}],"curies":[{"name":"wp","href":"https:\/\/api.w.org\/{rel}","templated":true}]}}