{"id":591993,"date":"2025-12-11T03:52:21","date_gmt":"2025-12-11T03:52:21","guid":{"rendered":"https:\/\/www.europesays.com\/fr\/591993\/"},"modified":"2025-12-11T03:52:21","modified_gmt":"2025-12-11T03:52:21","slug":"aymeric-caron-na-pas-menage-son-ancien-employeur-france-tv-dans-cette-charge-violente","status":"publish","type":"post","link":"https:\/\/www.europesays.com\/fr\/591993\/","title":{"rendered":"Aymeric Caron n\u2019a pas m\u00e9nag\u00e9 son ancien employeur France TV, dans cette charge violente"},"content":{"rendered":"<p>        <img decoding=\"async\" loading=\"lazy\" src=\"https:\/\/www.europesays.com\/fr\/wp-content\/uploads\/2025\/12\/d4a315e_upload-1-hkoybtoh2xpl-capture-d-ecran-2025-12-10-214916.png\"  width=\"728\" height=\"410\" alt=\"En pr\u00e9sence de Delphine Ernotte, le d\u00e9put\u00e9 aparent\u00e9 insoumis a multipli\u00e9 les questions en lien avec plusieurs pol\u00e9miques et choix \u00e9ditoriaux qui ont secou\u00e9 l\u2019audiovisuel public ces derniers mois.\"\/>  <\/p>\n<p>Capture d\u2019\u00e9cran AN<\/p>\n<p>En pr\u00e9sence de Delphine Ernotte, le d\u00e9put\u00e9 aparent\u00e9 insoumis a multipli\u00e9 les questions en lien avec plusieurs pol\u00e9miques et choix \u00e9ditoriaux qui ont secou\u00e9 l\u2019audiovisuel public ces derniers mois.<\/p>\n<p class=\"asset asset-text\">Delphine Ernotte sur le gril. Le d\u00e9put\u00e9 Aymeric Caron a profit\u00e9 de la commission d\u2019enqu\u00eate sur la neutralit\u00e9, le fonctionnement et le financement de l\u2019audiovisuel public pour r\u00e9gler quelques comptes avec son ancien employeur, au c\u0153ur de plusieurs pol\u00e9miques et choix \u00e9ditoriaux contest\u00e9s depuis plusieurs mois.<\/p>\n<p class=\"asset asset-text\">Invit\u00e9 \u00e0 poser des questions \u00e0 <a href=\"https:\/\/www.huffingtonpost.fr\/medias\/video\/devant-la-commission-d-enquete-sur-l-audiovisuel-public-delphine-ernotte-assume-que-france-televisons-n-est-pas-rentable_258084.html\" target=\"_blank\" rel=\"noopener\">la pr\u00e9sidente de France T\u00e9l\u00e9visions Delphine Ernotte<\/a> durant son audition, le d\u00e9put\u00e9 apparent\u00e9 aux insoumis\u00a0Aymeric Caron\u00a0a d\u2019ailleurs commenc\u00e9 par rappeler ses liens avec <a href=\"https:\/\/www.huffingtonpost.fr\/medias\/video\/commission-d-enquete-francetv-radio-france-si-vous-n-avez-rien-compris-on-vous-explique_258000.html\" target=\"_blank\" rel=\"noopener\">l\u2019audiovisuel public<\/a>. Et son attachement \u00e0 ce qu\u2019il ne soit pas privatis\u00e9. Sans oublier de pr\u00e9ciser qu\u2019il connaissait plut\u00f4t bien France T\u00e9l\u00e9visions et qu\u2019il \u00e9tait \u00ab\u00a0peut-\u00eatre m\u00eame le seul ici\u00a0\u00bb \u00e0 avoir \u00e9t\u00e9 salari\u00e9 du service public.<\/p>\n<p class=\"asset asset-text\">Apr\u00e8s ces quelques politesses d\u2019usage, l\u2019ancien chroniqueur de l\u2019\u00e9mission On n\u2019est pas couch\u00e9 entre 2012 et 2015\u00a0sur France 2\u00a0avait six questions \u00e0 poser \u00e0 Delphine Ernotte. Et faute de temps suffisant pour d\u00e9tailler son propos, il a encha\u00een\u00e9 les questions, plus piquantes les unes que les autres. Toutes li\u00e9es \u00e0 des sujets br\u00fblants pour France T\u00e9l\u00e9vision.<\/p>\n<p> La lecture de ce contenu est susceptible d\u2019entra\u00eener un d\u00e9p\u00f4t de cookies de la part de l\u2019op\u00e9rateur tiers qui l\u2019h\u00e9berge. Compte-tenu des choix que vous avez exprim\u00e9s en mati\u00e8re de d\u00e9p\u00f4t de cookies, nous avons bloqu\u00e9 l\u2019affichage de ce contenu. Si vous souhaitez y acc\u00e9der, vous devez accepter la cat\u00e9gorie de cookies \u201cContenus tiers\u201d en cliquant sur le bouton ci-dessous. <\/p>\n<p> Lire la Vid\u00e9o        <\/p>\n<p class=\"asset asset-text\">\u00ab\u00a0Est-ce que vous trouvez normal que <a href=\"https:\/\/www.huffingtonpost.fr\/medias\/article\/avant-le-complement-d-enquete-l-arcom-donne-raison-a-cnews-sur-ce-point_257622.html\" target=\"_blank\" rel=\"noopener\">l\u2019Arcom (ex-CSA) s\u2019en soit pris r\u00e9cemment et deux fois de suite \u00e0 l\u2019\u00e9mission Compl\u00e9ment d\u2019Enqu\u00eate<\/a> sur France 2. D\u2019abord en venant \u00e0 la rescousse de CNews, alors qu\u2019aujourd\u2019hui Lib\u00e9ration donne raison \u00e0 Compl\u00e9ment d\u2019Enqu\u00eate. Puis en adressant une mise en garde suite \u00e0 un sujet sur le S\u00e9nat qui n\u2019avait pas plu \u00e0 son pr\u00e9sident G\u00e9rard Larcher. D\u2019ailleurs, est-ce que vous trouvez normal que le pr\u00e9sident du S\u00e9nat, qui nomme trois membres de l\u2019Arcom, intervienne pour faire sanctionner une \u00e9mission de France T\u00e9l\u00e9\u00a0\u00bb, a assen\u00e9 d\u2019entr\u00e9e le d\u00e9put\u00e9.<\/p>\n<p>                     \u00ab\u00a0Est-ce que vous trouvez normal\u00a0?\u00a0\u00bb    <\/p>\n<p class=\"asset asset-text\">Le ton est donn\u00e9. Et les questions s\u2019encha\u00eenent alors \u00e0 toute vitesse\u00a0: \u00ab\u00a0Est-ce que vous trouvez normal que la cha\u00eene info de France T\u00e9l\u00e9 ait embauch\u00e9 des chroniqueurs de CNews, cha\u00eene dont vous dites vous-m\u00eame qu\u2019elle est d\u2019extr\u00eame droite\u00a0?\u00a0\u00bb. Le d\u00e9put\u00e9 ciblant ici la pr\u00e9sence de <a href=\"https:\/\/www.huffingtonpost.fr\/medias\/article\/nathan-devers-et-paul-melun-editorialistes-sur-cnews-debarquent-sur-franceinfo_253806.html\" target=\"_blank\" rel=\"noopener\">Nathan Devers et Paul Melun, pass\u00e9s par L\u2019heure des pros<\/a> du pr\u00e9sentateur de CNews, Pascal Praud avant de rejoindre le service public.<\/p>\n<p class=\"asset asset-text\">\u00ab\u00a0Troisi\u00e8mement, est-ce que vous trouvez normal d\u2019avoir nomm\u00e9 \u00e0 la t\u00eate du plus gros JT de la t\u00e9l\u00e9vision publique la compagne d\u2019un candidat quasi-d\u00e9clar\u00e9 \u00e0 l\u2019\u00e9lection pr\u00e9sidentielle\u00a0?\u00a0\u00bb. Une r\u00e9f\u00e9rence claire et directe \u00e0 la prise de fonction de L\u00e9a Salam\u00e9 au JT de 20\u00a0heures de France 2, alors qu\u2019elle est la <a href=\"https:\/\/www.huffingtonpost.fr\/politique\/article\/raphael-glucksmann-admet-qu-une-candidature-a-la-presidentielle-posera-un-probleme-a-lea-salame_254410.html\" target=\"_blank\" rel=\"noopener\">compagne de l\u2019eurod\u00e9put\u00e9 Rapha\u00ebl Glucksmann<\/a>.<\/p>\n<p class=\"asset asset-text\">Loin d\u2019en avoir termin\u00e9, Aymeric Caron encha\u00eene avec le cas Patrick Cohen. \u00ab\u00a0Est-ce que vous trouvez normal que Patrick Cohen, <a href=\"https:\/\/www.huffingtonpost.fr\/medias\/article\/patrick-cohen-revient-dans-c-a-vous-sur-la-polemique-de-la-video-malhonnete-publiee-par-l-incorrect_254863.html\" target=\"_blank\" rel=\"noopener\">dont on conna\u00eet d\u00e9sormais le positionnement politique<\/a> entre PS, Macron, Glucksmann, soit depuis 14\u00a0ans le seul \u00e9ditorialiste de l\u2019\u00e9mission phare d\u2019access de France T\u00e9l\u00e9\u00a0? Et que les t\u00e9l\u00e9spectateurs n\u2019entendent chaque soir que son avis\u00a0? Est-ce qu\u2019il ne serait pas temps de faire entendre d\u2019autres voix\u00a0?\u00a0\u00bb, ajoute-t-il, en citant comme exemple des voix de \u00ab\u00a0l\u2019anticapitalisme \u00e9cologique\u00a0\u00bb.<\/p>\n<p>                     Le traitement de Gaza au c\u0153ur des questions    <\/p>\n<p class=\"asset asset-text\">\u00ab\u00a0Est-ce que vous trouvez normal qu\u2019une autre \u00e9ditorialiste vedette de France T\u00e9l\u00e9, Nathalie Saint-Cricq, par ailleurs directrice des r\u00e9dactions nationales de France T\u00e9l\u00e9, affirme sur franceinfo que les musulmans sont antis\u00e9mites\u00a0?\u00a0\u00bb, poursuit Aymeric Caron en lien avec <a href=\"https:\/\/www.huffingtonpost.fr\/medias\/article\/apres-des-propos-controverses-de-nathalie-saint-cricq-l-arcom-saisie-par-lfi-et-la-grande-mosquee-de-paris_258012.html\" target=\"_blank\" rel=\"noopener\">de r\u00e9cents propos de Nathalie Saint-Cricq pour lesquels l\u2019Arcom a \u00e9t\u00e9 saisie<\/a>.<\/p>\n<p class=\"asset asset-text\">\u00ab\u00a0Est-ce que vous trouvez normal qu\u2019un autre jour, elle se retrouve sur la sc\u00e8ne du Crif avec l\u2019ambassadeur de l\u2019\u00c9tat voyou isra\u00e9lien en train de tutoyer son ami n\u00e9gationniste Rapha\u00ebl Enthoven \u2212 vous savez, c\u2019est l\u2019homme qui pr\u00e9tend qu\u2019il n\u2019y a pas de journalistes \u00e0 Gaza \u2212 tout \u00e7a, avant de recevoir ce m\u00eame Rapha\u00ebl Enthoven sur son plateau de France T\u00e9l\u00e9, sans indiquer aux t\u00e9l\u00e9spectateurs sa relation r\u00e9elle avec cet invit\u00e9\u00a0\u00bb, encha\u00eene encore le d\u00e9put\u00e9 de Paris, toujours tr\u00e8s incisif. <a href=\"https:\/\/www.huffingtonpost.fr\/culture\/article\/le-mea-culpa-de-raphael-enthoven-apres-sa-reintegration-au-festival-litteraire-de-besancon_254611.html\" target=\"_blank\" rel=\"noopener\">Malgr\u00e9 les excuses de Rapha\u00ebl Enthoven sur le sujet<\/a>.<\/p>\n<p class=\"asset asset-text\">Apr\u00e8s une autre critique envers Nathalie Saint-Cricq, le d\u00e9put\u00e9 a attaqu\u00e9 son ultime question. Et non des moindres\u00a0: \u00ab\u00a0Est-ce que vous trouvez normal que France T\u00e9l\u00e9 ait depuis octobre\u00a02023\u00a0invisibilis\u00e9 le calvaire des Palestiniens \u00e0 Gaza. En le taisant, en le cachant, comme le prouvent plusieurs \u00e9tudes. Et qu\u2019elle ait choisi d\u2019adopter le point de vue du gouvernement criminaliste isra\u00e9lien. Est-ce qu\u2019il ne s\u2019agit pas l\u00e0 du plus impardonnable des fiascos de France T\u00e9l\u00e9 depuis deux ans\u00a0?\u00a0\u00bb.<\/p>\n<p class=\"asset asset-text\">Cette diatribe remarqu\u00e9e a en partie \u00e9t\u00e9 condamn\u00e9e par le pr\u00e9sident de la commission, J\u00e9r\u00e9mie Patrier-Leitus, qui a reproch\u00e9 \u00e0 Aymeric Caron d\u2019avoir \u00ab\u00a0qualifi\u00e9 des intervenants\u00a0\u00bb qui ne se trouvent pas dans cette salle, comme il l\u2019a fait avec Rapha\u00ebl Enthoven. Et ironie du sort, ses questions adress\u00e9es \u00e0 Delphine Ernotte ont toutes \u00e9t\u00e9 trait\u00e9es \u2212 du bout des l\u00e8vres \u2212 par le secr\u00e9taire g\u00e9n\u00e9ral du groupe\u00a0<a href=\"https:\/\/fr.wikipedia.org\/wiki\/France_T%C3%A9l%C3%A9visions\" target=\"_blank\" rel=\"noopener\" title=\"Nouvelle fen\u00eatre\">France T\u00e9l\u00e9visions<\/a>\u00a0Christophe Tardieu. De quoi fortement agac\u00e9 Aymeric Caron.<\/p>\n","protected":false},"excerpt":{"rendered":"Capture d\u2019\u00e9cran AN En pr\u00e9sence de Delphine Ernotte, le d\u00e9put\u00e9 aparent\u00e9 insoumis a multipli\u00e9 les questions en lien&hellip;\n","protected":false},"author":2,"featured_media":591994,"comment_status":"","ping_status":"","sticky":false,"template":"","format":"standard","meta":{"footnotes":""},"categories":[1356],"tags":[27525,11255,58,59,1011,27,2400,500,252,1364],"class_list":{"0":"post-591993","1":"post","2":"type-post","3":"status-publish","4":"format-standard","5":"has-post-thumbnail","7":"category-television","8":"tag-aymeric-caron","9":"tag-delphine-ernotte","10":"tag-divertissement","11":"tag-entertainment","12":"tag-fr","13":"tag-france","14":"tag-france-televisions","15":"tag-medias","16":"tag-television","17":"tag-tv"},"share_on_mastodon":{"url":"https:\/\/pubeurope.com\/@fr\/115698910006731097","error":""},"_links":{"self":[{"href":"https:\/\/www.europesays.com\/fr\/wp-json\/wp\/v2\/posts\/591993","targetHints":{"allow":["GET"]}}],"collection":[{"href":"https:\/\/www.europesays.com\/fr\/wp-json\/wp\/v2\/posts"}],"about":[{"href":"https:\/\/www.europesays.com\/fr\/wp-json\/wp\/v2\/types\/post"}],"author":[{"embeddable":true,"href":"https:\/\/www.europesays.com\/fr\/wp-json\/wp\/v2\/users\/2"}],"replies":[{"embeddable":true,"href":"https:\/\/www.europesays.com\/fr\/wp-json\/wp\/v2\/comments?post=591993"}],"version-history":[{"count":0,"href":"https:\/\/www.europesays.com\/fr\/wp-json\/wp\/v2\/posts\/591993\/revisions"}],"wp:featuredmedia":[{"embeddable":true,"href":"https:\/\/www.europesays.com\/fr\/wp-json\/wp\/v2\/media\/591994"}],"wp:attachment":[{"href":"https:\/\/www.europesays.com\/fr\/wp-json\/wp\/v2\/media?parent=591993"}],"wp:term":[{"taxonomy":"category","embeddable":true,"href":"https:\/\/www.europesays.com\/fr\/wp-json\/wp\/v2\/categories?post=591993"},{"taxonomy":"post_tag","embeddable":true,"href":"https:\/\/www.europesays.com\/fr\/wp-json\/wp\/v2\/tags?post=591993"}],"curies":[{"name":"wp","href":"https:\/\/api.w.org\/{rel}","templated":true}]}}