{"id":592009,"date":"2025-12-11T04:00:25","date_gmt":"2025-12-11T04:00:25","guid":{"rendered":"https:\/\/www.europesays.com\/fr\/592009\/"},"modified":"2025-12-11T04:00:25","modified_gmt":"2025-12-11T04:00:25","slug":"maria-corina-machado-la-prix-nobel-de-la-paix-fait-a-oslo-sa-premiere-apparition-publique-depuis-onze-mois","status":"publish","type":"post","link":"https:\/\/www.europesays.com\/fr\/592009\/","title":{"rendered":"Maria Corina Machado, la Prix Nobel de la paix, fait \u00e0 Oslo sa premi\u00e8re apparition publique depuis onze mois"},"content":{"rendered":"<p>                      <img loading=\"lazy\" decoding=\"async\" src=\"https:\/\/www.europesays.com\/fr\/wp-content\/uploads\/2025\/12\/c1eb871_ftp-1-0cxjxxpo5ysb-2025-12-11t013355z-1039190456-rc21eiaxc068-rtrmadp-3-nobel-prize-peace.JP.jpeg\" alt=\"L\u2019opposante v\u00e9n\u00e9zu\u00e9lienne Maria Corina Machado, Prix Nobel de la paix, au balcon du Grand Hotel, \u00e0 Oslo, le 11\u00a0d\u00e9cembre\u00a02025. \"   width=\"664\" height=\"443\"\/>    L\u2019opposante v\u00e9n\u00e9zu\u00e9lienne Maria Corina Machado, Prix Nobel de la paix, au balcon du Grand Hotel, \u00e0 Oslo, le 11\u00a0d\u00e9cembre\u00a02025.  LISE ASERUD \/ VIA REUTERS                          <\/p>\n<p class=\"article__paragraph  \">Il s\u2019agit de sa premi\u00e8re apparition publique depuis onze mois. L\u2019opposante v\u00e9n\u00e9zu\u00e9lienne Maria Corina Machado a salu\u00e9, jeudi 11\u00a0d\u00e9cembre du balcon du Grand Hotel d\u2019Oslo, des dizaines de partisans en liesse rassembl\u00e9s \u00e0 l\u2019ext\u00e9rieur du b\u00e2timent en chantant ou criant \u00ab\u00a0libertad\u00a0\u00bb, ont constat\u00e9 des journalistes de l\u2019Agence France-Presse (AFP).<\/p>\n<p class=\"article__paragraph  \">Maria Corina Machado, arriv\u00e9e trop tard dans la capitale norv\u00e9gienne pour assister \u00e0 la c\u00e9r\u00e9monie <a href=\"https:\/\/www.lemonde.fr\/international\/article\/2025\/12\/10\/maria-corina-machado-l-opposante-venezuelienne-absente-de-la-ceremonie-de-remise-du-prix-nobel-a-oslo_6656713_3210.html\" target=\"_blank\" rel=\"noopener\">de remise de son prix Nobel de la paix<\/a> mercredi, n\u2019avait pas \u00e9t\u00e9 vue en public depuis le 9\u00a0janvier, lors d\u2019une manifestation \u00e0 Caracas. L\u2019opposante de 58\u00a0ans est entr\u00e9e en clandestinit\u00e9 au Venezuela en ao\u00fbt\u00a02024, quelques jours apr\u00e8s une \u00e9lection pr\u00e9sidentielle \u00e0 laquelle elle a \u00e9t\u00e9 emp\u00each\u00e9e de se pr\u00e9senter.<\/p>\n<p class=\"article__paragraph  \">\u00ab\u00a0Je peux confirmer que Maria Corina Machado est arriv\u00e9e \u00e0 Oslo\u00a0\u00bb o\u00f9 elle ira \u00ab\u00a0directement retrouver sa famille\u00a0\u00bb, avait d\u00e9clar\u00e9 peu avant cette apparition le pr\u00e9sident du comit\u00e9 Nobel, Jorgen Watne Frydnes, aux journalistes et partisans de l\u2019opposante rassembl\u00e9s au Grand Hotel, o\u00f9 descendent habituellement les laur\u00e9ats du prix. L\u2019ex-cheffe de campagne de l\u2019opposante a, de son c\u00f4t\u00e9, affirm\u00e9 que Maria Corina Machado effectuera jeudi une conf\u00e9rence de presse pr\u00e9vue \u00e0 10\u00a0h\u00a015 (heure locale et de Paris).<\/p>\n<p class=\"article__paragraph  \">Mercredi, c\u2019est la fille de Maria Corina Machado qui a re\u00e7u le prix et a lu pour elle un discours de remerciements. Le comit\u00e9 Nobel a \u00e9voqu\u00e9 \u00ab\u00a0un voyage en situation de danger extr\u00eame\u00a0\u00bb pour justifier l\u2019absence de la laur\u00e9ate.<\/p>\n<p class=\"article__paragraph  \">On ignore comment l\u2019opposante a r\u00e9ussi \u00e0 quitter le Venezuela, o\u00f9 la justice la recherche pour \u00ab\u00a0conspiration, incitation \u00e0 la haine et terrorisme\u00a0\u00bb, et comment elle compte faire pour \u00e9ventuellement y retourner.<\/p>\n<p>                                       Lire aussi |  Article r\u00e9serv\u00e9 \u00e0 nos abonn\u00e9s  <a href=\"https:\/\/www.lemonde.fr\/international\/article\/2025\/10\/10\/maria-corina-machado-un-prix-nobel-de-la-paix-tres-politique-pour-une-opposante-au-president-venezuelien-nicolas-maduro_6645694_3210.html\" class=\"js-article-read-also catcher--favoris__link\" data-premium=\"1\" id=\"article-title-3441780\" target=\"_blank\" rel=\"noopener\">Maria Corina Machado, un prix Nobel de la paix tr\u00e8s politique pour une opposante au pr\u00e9sident v\u00e9n\u00e9zu\u00e9lien, Nicolas Maduro<\/a>    <\/p>\n<p>   Lire plus tard  <\/p>\n<p class=\"article__paragraph  \">\u00ab\u00a0Elle risque d\u2019\u00eatre arr\u00eat\u00e9e si elle rentre, m\u00eame si les autorit\u00e9s ont fait preuve de plus de retenue avec elle qu\u2019avec beaucoup d\u2019autres parce qu\u2019une arrestation aurait une port\u00e9e symbolique tr\u00e8s forte\u00a0\u00bb, a expliqu\u00e9 \u00e0 l\u2019AFP Benedicte Bull, sp\u00e9cialiste de l\u2019Am\u00e9rique latine de l\u2019Universit\u00e9 d\u2019Oslo.<\/p>\n<p>                    \u00ab\u00a0Vivre dans un Venezuela libre\u00a0\u00bb                    <\/p>\n<p class=\"article__paragraph  \">Elle rentrera \u00ab\u00a0tr\u00e8s bient\u00f4t (\u2026) Elle veut vivre dans un Venezuela libre, et elle n\u2019abandonnera jamais cet objectif\u00a0\u00bb, a assur\u00e9 sa fille, Ana Corina Sosa Machado. Le prix Nobel de la paix a \u00e9t\u00e9 attribu\u00e9 \u00e0 Maria Corina Machado le 10\u00a0octobre pour ses efforts en faveur d\u2019une transition d\u00e9mocratique au Venezuela. \u00ab\u00a0Pour avoir la d\u00e9mocratie, nous devons \u00eatre pr\u00eats \u00e0 nous battre pour la libert\u00e9\u00a0\u00bb, a dit mercredi sa fille dans le discours lu \u00e0 l\u2019H\u00f4tel de ville d\u2019Oslo, en pr\u00e9sence de nombreux membres de la famille de la laur\u00e9ate, du pr\u00e9sident argentin, Javier Milei, et d\u2019autres chefs d\u2019Etat latino-am\u00e9ricains de droite.<\/p>\n<p> Le Monde M\u00e9morable  <\/p>\n<p> <a href=\"https:\/\/www.lemonde.fr\/memorable\/?rfextension=inread\" class=\"inread__link js-services-inread-link\" target=\"_blank\" rel=\"noopener\">  <\/p>\n<p>Testez votre culture g\u00e9n\u00e9rale avec la r\u00e9daction du \u00ab Monde \u00bb<\/p>\n<p>Testez votre culture g\u00e9n\u00e9rale avec la r\u00e9daction du \u00ab Monde \u00bb<\/p>\n<p>D\u00e9couvrir<\/p>\n<p> <\/a>      <\/p>\n<p> Newsletter  <\/p>\n<p> <a href=\"https:\/\/www.lemonde.fr\/newsletters\/a-la-une\/\" class=\"inread__link js-services-inread-link\" target=\"_blank\" rel=\"noopener\">  <\/p>\n<p>\u00ab A la une \u00bb<\/p>\n<p>Chaque matin, parcourez l&rsquo;essentiel de l&rsquo;actualit\u00e9 du jour avec les derniers titres du \u00ab Monde \u00bb<\/p>\n<p>S&rsquo;inscrire<\/p>\n<p> <\/a>          <\/p>\n<p> Le Monde Application  <\/p>\n<p> <a href=\"https:\/\/lamatinale.onelink.me\/gKMy\/ahw2ubr3\" class=\"inread__link js-services-inread-link\" target=\"_blank\" rel=\"noopener\">  <\/p>\n<p>La Matinale du Monde<\/p>\n<p>Chaque matin, retrouvez notre s\u00e9lection de 20 articles \u00e0 ne pas manquer <\/p>\n<p>T\u00e9l\u00e9charger l&rsquo;application<\/p>\n<p> <\/a>      <\/p>\n<p> Newsletter abonn\u00e9s  <\/p>\n<p> <a href=\"https:\/\/www.lemonde.fr\/newsletters\/international\/\" class=\"inread__link js-services-inread-link\" target=\"_blank\" rel=\"noopener\">  <\/p>\n<p>\u00ab International \u00bb<\/p>\n<p>L\u2019essentiel de l\u2019actualit\u00e9 internationale de la semaine<\/p>\n<p>S&rsquo;inscrire<\/p>\n<p> <\/a>             <\/p>\n<p class=\"article__paragraph  \">Evoquant les arrestations, les tortures et la chasse aux opposants, elle a fustig\u00e9 \u00ab\u00a0des crimes contre l\u2019humanit\u00e9, document\u00e9s par les Nations unies\u00a0\u00bb et \u00ab\u00a0un terrorisme d\u2019Etat d\u00e9ploy\u00e9 pour \u00e9touffer la volont\u00e9 du peuple\u00a0\u00bb.<\/p>\n<p class=\"article__paragraph  \">Les Etats-Unis, l\u2019Union europ\u00e9enne et de nombreux pays d\u2019Am\u00e9rique latine refusent de reconna\u00eetre les r\u00e9sultats de la pr\u00e9sidentielle 2024, qui a permis au socialiste Nicolas Maduro d\u2019encha\u00eener un troisi\u00e8me mandat de six ans. L\u2019opposition accuse le pouvoir de fraude et a revendiqu\u00e9 la victoire de son candidat, Edmundo Gonzalez Urrutia, aujourd\u2019hui en exil et pr\u00e9sent \u00e0 Oslo mercredi.<\/p>\n<p class=\"article__paragraph  \">Le comit\u00e9 Nobel a exhort\u00e9 le pr\u00e9sident v\u00e9n\u00e9zu\u00e9lien \u00e0 quitter le pouvoir. \u00ab\u00a0M.\u00a0Maduro, acceptez les r\u00e9sultats de l\u2019\u00e9lection et retirez-vous\u00a0\u00bb, a lanc\u00e9 son pr\u00e9sident, Jorgen Watne Frydnes, sous des applaudissements nourris. La vice-pr\u00e9sidente du Venezuela, Delcy Rodriguez, a de son c\u00f4t\u00e9 compar\u00e9 la c\u00e9r\u00e9monie \u00e0 des \u00ab\u00a0fun\u00e9railles\u00a0\u00bb, ironisant sur l\u2019absence de la laur\u00e9ate.<\/p>\n<p>                                       Lire aussi |  Article r\u00e9serv\u00e9 \u00e0 nos abonn\u00e9s  <a href=\"https:\/\/www.lemonde.fr\/international\/article\/2025\/12\/02\/face-a-nicolas-maduro-donald-trump-fait-monter-la-pression-sans-passer-a-l-acte_6655674_3210.html\" class=\"js-article-read-also catcher--favoris__link\" data-premium=\"1\" id=\"article-title-3449142\" target=\"_blank\" rel=\"noopener\">Face \u00e0 Nicolas Maduro, Donald Trump fait monter la pression sans passer \u00e0 l\u2019acte<\/a>    <\/p>\n<p>   Lire plus tard  <\/p>\n<p class=\"article__paragraph  \">Maria Corina Machado est aussi critiqu\u00e9e par certains pour la proximit\u00e9 de ses id\u00e9es avec le pr\u00e9sident am\u00e9ricain, Donald Trump, auquel elle a d\u00e9di\u00e9 son Nobel. La r\u00e9apparition de l\u2019opposante \u00e0 Oslo a lieu <a href=\"https:\/\/www.lemonde.fr\/international\/article\/2025\/12\/10\/trump-annonce-la-saisie-d-un-petrolier-au-large-du-venezuela-maduro-exige-la-fin-de-l-ingerence-des-etats-unis_6656823_3210.html\" target=\"_blank\" rel=\"noopener\">en pleine crise entre le Venezuela et les Etats-Unis,<\/a> qui ont d\u00e9ploy\u00e9 une imposante flottille en mer des Cara\u00efbes, officiellement pour lutter contre le narcotrafic. Nicolas Maduro accuse pour sa part Washington de vouloir le renverser pour s\u2019emparer du p\u00e9trole v\u00e9n\u00e9zu\u00e9lien.<\/p>\n<p class=\"author__detail\">  Le Monde avec AFP  <\/p>\n<p>                <a href=\"https:\/\/www.lemonde.fr\/syndication\/\" class=\"reuse__content\" title=\"R\u00e9utiliser ce contenu\" target=\"_blank\" rel=\"noopener\">R\u00e9utiliser ce contenu<\/a>      <\/p>\n","protected":false},"excerpt":{"rendered":"L\u2019opposante v\u00e9n\u00e9zu\u00e9lienne Maria Corina Machado, Prix Nobel de la paix, au balcon du Grand Hotel, \u00e0 Oslo, le&hellip;\n","protected":false},"author":2,"featured_media":592010,"comment_status":"","ping_status":"","sticky":false,"template":"","format":"standard","meta":{"footnotes":""},"categories":[5],"tags":[11,1011,27,14,12,28],"class_list":{"0":"post-592009","1":"post","2":"type-post","3":"status-publish","4":"format-standard","5":"has-post-thumbnail","7":"category-international","8":"tag-actualites","9":"tag-fr","10":"tag-france","11":"tag-international","12":"tag-news","13":"tag-world"},"share_on_mastodon":{"url":"https:\/\/pubeurope.com\/@fr\/115698941238678619","error":""},"_links":{"self":[{"href":"https:\/\/www.europesays.com\/fr\/wp-json\/wp\/v2\/posts\/592009","targetHints":{"allow":["GET"]}}],"collection":[{"href":"https:\/\/www.europesays.com\/fr\/wp-json\/wp\/v2\/posts"}],"about":[{"href":"https:\/\/www.europesays.com\/fr\/wp-json\/wp\/v2\/types\/post"}],"author":[{"embeddable":true,"href":"https:\/\/www.europesays.com\/fr\/wp-json\/wp\/v2\/users\/2"}],"replies":[{"embeddable":true,"href":"https:\/\/www.europesays.com\/fr\/wp-json\/wp\/v2\/comments?post=592009"}],"version-history":[{"count":0,"href":"https:\/\/www.europesays.com\/fr\/wp-json\/wp\/v2\/posts\/592009\/revisions"}],"wp:featuredmedia":[{"embeddable":true,"href":"https:\/\/www.europesays.com\/fr\/wp-json\/wp\/v2\/media\/592010"}],"wp:attachment":[{"href":"https:\/\/www.europesays.com\/fr\/wp-json\/wp\/v2\/media?parent=592009"}],"wp:term":[{"taxonomy":"category","embeddable":true,"href":"https:\/\/www.europesays.com\/fr\/wp-json\/wp\/v2\/categories?post=592009"},{"taxonomy":"post_tag","embeddable":true,"href":"https:\/\/www.europesays.com\/fr\/wp-json\/wp\/v2\/tags?post=592009"}],"curies":[{"name":"wp","href":"https:\/\/api.w.org\/{rel}","templated":true}]}}