{"id":592019,"date":"2025-12-11T04:09:20","date_gmt":"2025-12-11T04:09:20","guid":{"rendered":"https:\/\/www.europesays.com\/fr\/592019\/"},"modified":"2025-12-11T04:09:20","modified_gmt":"2025-12-11T04:09:20","slug":"faire-de-la-rue-saint-dizier-les-champs-elysees-de-nancy-la-reponse-cinglante-de-mathieu-klein","status":"publish","type":"post","link":"https:\/\/www.europesays.com\/fr\/592019\/","title":{"rendered":"Faire de la rue Saint-Dizier les \u00ab\u00a0Champs-Elys\u00e9es de Nancy\u00a0\u00bb ? La r\u00e9ponse cinglante de\u00a0Mathieu\u00a0Klein"},"content":{"rendered":"<p>                    Par<br \/>\n        <strong><br \/>\n            <a href=\"https:\/\/actu.fr\/auteur\/pierre-emile-bouchy-actu-fr\" title=\"Consulter tous les articles de Paul-Emile Bouchy\" target=\"_blank\" rel=\"noopener\">Paul-Emile Bouchy<\/a><br \/>\n                    <\/strong><\/p>\n<p>        Publi\u00e9 le<\/p>\n<p>            10 d\u00e9c. 2025 \u00e0 18h06        <\/p>\n<p>\u00c0 moins de 100\u00a0jours des <a href=\"https:\/\/actu.fr\/lorraine\/elections-municipales\" target=\"_blank\" rel=\"noopener\">\u00e9lections municipales<\/a>, la campagne peine \u00e0 d\u00e9buter \u00e0 Nancy (Meurthe-et-Moselle). Le maire sortant <a href=\"https:\/\/actu.fr\/tag\/mathieu-klein\" target=\"_blank\" rel=\"noopener\">Mathieu Klein<\/a> n\u2019a <strong>pas encore d\u00e9clar\u00e9 officiellement sa candidature<\/strong> et <strong>l\u2019opposition n\u2019a pas encore d\u00e9sign\u00e9 sa t\u00eate de liste<\/strong>.<\/p>\n<p class=\" wall-content\">N\u00e9anmoins, un d\u00e9bat surgit concernant <strong>l\u2019avenir de la rue Saint-Dizier<\/strong>. La majorit\u00e9 actuelle veut <a href=\"https:\/\/actu.fr\/grand-est\/nancy_54395\/a-nancy-la-rue-saint-dizier-va-etre-transformee-dans-les-annees-a-venir-voici-le-projet_63515259.html\" target=\"_blank\" rel=\"noopener\">la transformer en y interdisant notamment les voitures<\/a>, tandis que <strong>Laurent H\u00e9nart<\/strong> veut <a href=\"https:\/\/actu.fr\/grand-est\/nancy_54395\/municipales-2026-laurent-henart-veut-faire-de-cette-rue-les-champs-elysees-de-nancy_63551178.html\" target=\"_blank\" rel=\"noopener\">en faire \u00ab\u2009les Champs-\u00c9lys\u00e9es de Nancy\u2009\u00bb<\/a>. Une r\u00e9f\u00e9rence qui a fait r\u00e9agir Mathieu Klein lors d\u2019un rendez-vous avec la presse ce mercredi matin.<\/p>\n<p>\u00ab\u2009C\u2019est un logiciel qui me para\u00eet compl\u00e8tement dat\u00e9\u2009\u00bb<\/p>\n<p class=\" wall-content\">Questionn\u00e9 sur les projets de l\u2019opposition, l\u2019actuel maire de Nancy a r\u00e9torqu\u00e9 <strong>qu\u2019il \u00ab\u2009n\u2019entend pas d\u2019id\u00e9es forc\u00e9ment pertinentes<\/strong>\u2009\u00bb.<\/p>\n<p class=\" wall-content\">\u00ab\u2009Il y a parfois <strong>des id\u00e9es un peu saugrenues<\/strong> qui sortent dans le d\u00e9bat. Quand j\u2019entends parler des Champs-\u00c9lys\u00e9es de la rue Saint-Dizier, <strong>\u00e7a a un c\u00f4t\u00e9 un peu surann\u00e9<\/strong>. \u00c7a m\u2019a fait penser \u00e0\u2009\u2019Duba\u00ef-sur-Meurthe\u2019\u2009(r\u00e9f\u00e9rence au <a href=\"https:\/\/actu.fr\/grand-est\/nancy_54395\/images-decouvrez-cet-impressionnant-projet-alternatif-de-transformation-de-la-place-simone-veil-a-nancy_62690079.html\" target=\"_blank\" rel=\"noopener\">projet alternatif de l\u2019opposition pour la place Simone Veil<\/a>, Ndlr.), c\u2019est un peu dans le m\u00eame esprit. Je trouve que c\u2019est un logiciel qui me para\u00eet compl\u00e8tement dat\u00e9\u2009\u00bb, d\u00e9clare Mathieu Klein.<\/p>\n<p class=\" wall-content\">\u00ab\u00a0Les Champs-Elys\u00e9es, ce n\u2019est pas vraiment ma r\u00e9f\u00e9rence. <strong>Pour moi, grosso modo, c\u2019est une autoroute<\/strong>, ce n\u2019est pas la premi\u00e8re r\u00e9f\u00e9rence que je prendrais si je voulais faire une comparaison avec notre rue dans le monde\u00a0\u00bb, conclut-il.<\/p>\n<p class=\" wall-content\">Personnalisez votre actualit\u00e9 en ajoutant vos villes et m\u00e9dias en favori avec <a href=\"https:\/\/moncompte.actu.fr\" title=\"D\u00e9couvez Mon Actu\" rel=\"nofollow noopener\" data-trk=\"{&quot;cta&quot;:{&quot;action&quot;:&quot;https:\\\/\\\/moncompte.actu.fr&quot;,&quot;category&quot;:&quot;mon compte&quot;,&quot;from&quot;:&quot;article footer&quot;,&quot;name&quot;:&quot;Mon actu&quot;,&quot;type&quot;:&quot;cta&quot;}}\" target=\"_blank\">Mon Actu<\/a>.<\/p>\n","protected":false},"excerpt":{"rendered":"Par Paul-Emile Bouchy Publi\u00e9 le 10 d\u00e9c. 2025 \u00e0 18h06 \u00c0 moins de 100\u00a0jours des \u00e9lections municipales, la&hellip;\n","protected":false},"author":2,"featured_media":592020,"comment_status":"","ping_status":"","sticky":false,"template":"","format":"standard","meta":{"footnotes":""},"categories":[9635],"tags":[1111,11,4188,1777,674,1011,27,775,14606,3434,1702,12,316,25],"class_list":{"0":"post-592019","1":"post","2":"type-post","3":"status-publish","4":"format-standard","5":"has-post-thumbnail","7":"category-nancy","8":"tag-actu","9":"tag-actualites","10":"tag-elections-municipales","11":"tag-eu","12":"tag-europe","13":"tag-fr","14":"tag-france","15":"tag-grand-est","16":"tag-mathieu-klein","17":"tag-municipales-2026","18":"tag-nancy","19":"tag-news","20":"tag-politique","21":"tag-republique-francaise"},"share_on_mastodon":{"url":"https:\/\/pubeurope.com\/@fr\/115698975645619426","error":""},"_links":{"self":[{"href":"https:\/\/www.europesays.com\/fr\/wp-json\/wp\/v2\/posts\/592019","targetHints":{"allow":["GET"]}}],"collection":[{"href":"https:\/\/www.europesays.com\/fr\/wp-json\/wp\/v2\/posts"}],"about":[{"href":"https:\/\/www.europesays.com\/fr\/wp-json\/wp\/v2\/types\/post"}],"author":[{"embeddable":true,"href":"https:\/\/www.europesays.com\/fr\/wp-json\/wp\/v2\/users\/2"}],"replies":[{"embeddable":true,"href":"https:\/\/www.europesays.com\/fr\/wp-json\/wp\/v2\/comments?post=592019"}],"version-history":[{"count":0,"href":"https:\/\/www.europesays.com\/fr\/wp-json\/wp\/v2\/posts\/592019\/revisions"}],"wp:featuredmedia":[{"embeddable":true,"href":"https:\/\/www.europesays.com\/fr\/wp-json\/wp\/v2\/media\/592020"}],"wp:attachment":[{"href":"https:\/\/www.europesays.com\/fr\/wp-json\/wp\/v2\/media?parent=592019"}],"wp:term":[{"taxonomy":"category","embeddable":true,"href":"https:\/\/www.europesays.com\/fr\/wp-json\/wp\/v2\/categories?post=592019"},{"taxonomy":"post_tag","embeddable":true,"href":"https:\/\/www.europesays.com\/fr\/wp-json\/wp\/v2\/tags?post=592019"}],"curies":[{"name":"wp","href":"https:\/\/api.w.org\/{rel}","templated":true}]}}