{"id":592023,"date":"2025-12-11T04:13:08","date_gmt":"2025-12-11T04:13:08","guid":{"rendered":"https:\/\/www.europesays.com\/fr\/592023\/"},"modified":"2025-12-11T04:13:08","modified_gmt":"2025-12-11T04:13:08","slug":"le-rct-prend-une-douche-froide-en-ecosse-defaite-33-a-20","status":"publish","type":"post","link":"https:\/\/www.europesays.com\/fr\/592023\/","title":{"rendered":"le RCT prend une douche froide en \u00c9cosse (d\u00e9faite 33 \u00e0 20)"},"content":{"rendered":"<p class=\"fs-5 \">Pierre Mignoni et ses hommes ne s\u2019attendaient certainement pas \u00e0 s\u2019incliner de la sorte sur le synth\u00e9tique d\u2019\u00c9dimbourg. Pour son entr\u00e9e en lice en Champions Cup, le manager varois avaient d\u00e9cid\u00e9 d\u2019aligner sa meilleure \u00e9quipe du moment. Preuve de l\u2019int\u00e9r\u00eat et de l\u2019importance de ce premier match en \u00c9cosse.<\/p>\n<p class=\"fs-5 \">Sauf que le sc\u00e9nario ne s\u2019est pas pass\u00e9 comme pr\u00e9vu. La faute \u00e0 une m\u00e9t\u00e9o pluvieuse qui a avantag\u00e9 les locaux habitu\u00e9s \u00e0 jouer dans ces conditions, et quelques erreurs fatales face \u00e0 ce genre d\u2019\u00e9quipe qui se nourrit de la moindre opportunit\u00e9.<\/p>\n<p class=\"fs-5 \">On pense au carton jaune stupide r\u00e9colt\u00e9 par David Ribbans qui a perdu ses nerfs et aurait m\u00eame pu voir rouge sur cette action. En inf\u00e9riorit\u00e9 num\u00e9rique, Toulon va encaisser dix points avec une conqu\u00eate en grosse difficult\u00e9.<\/p>\n<p class=\"fs-5 \">Il y a aussi cette erreur de Baptiste Serin dans son en-but qui permet aux \u00c9cossais de r\u00e9cup\u00e9rer le ballon sur une m\u00eal\u00e9e \u00e0 cinq m\u00e8tres&#8230; qui se termine par un essai de p\u00e9nalit\u00e9 \u00e0 l\u2019encontre des Toulonnais\u00a0!<\/p>\n<p>        <img decoding=\"async\" src=\"https:\/\/www.europesays.com\/fr\/wp-content\/uploads\/2025\/12\/ARTBLOCKVIEW-10659914-1128-752-c1c74c1_ftp-1-edt01k4n2avr-20251207nim1317.jpg\" class=\"figure-img img-fluid rounded\" alt=\"\u00a9PHOTOPQR\/NICE MATIN\/ ;  ; 07\/12\/2025 ; Photo Frank Muller \/Nice Matin &#10;&#10;Rugby champions Cup &#10;Edimbourg contre Toulon RCT&#10;&#10;European Rugby Champions Cup pool 2 rugby union match between Edinburgh and Toulon at the Hive Stadium in Edinburgh on December 7, 2025\"\/><\/p>\n<p>            \u00a9PHOTOPQR\/NICE MATIN\/ ;  ; 07\/12\/2025 ; Photo Frank Muller \/Nice Matin <\/p>\n<p>Rugby champions Cup<br \/>\nEdimbourg contre Toulon RCT<\/p>\n<p>European Rugby Champions Cup pool 2 rugby union match between Edinburgh and Toulon at the Hive Stadium in Edinburgh on December 7, 2025 <br \/>Frank Muller \/ PHOTOPQR\/NICE MATIN\/MAXPPP<\/p>\n<p class=\"fs-5 \">\u00c9galement chahut\u00e9 dans les zones de rucks, le RCT ne va jamais r\u00e9ussir \u00e0 sortir la t\u00eate de l\u2019eau, alors que la premi\u00e8re mi-temps \u00e9tait porteuse d\u2019espoir.<\/p>\n<p class=\"fs-5 \">Mais en seconde, les \u00ab\u00a0rouge et noir\u00a0\u00bb ont sombr\u00e9. Ils ne vont m\u00eame pas \u00eatre capables d\u2019inscrire un troisi\u00e8me essai synonyme de bonus d\u00e9fensif sur une ultime p\u00e9naltouche \u00e0 cause d\u2019un en-avant de Danny Priso.<\/p>\n<p class=\"fs-5 \">Une soir\u00e9e \u00e0 vite oublier alors que dimanche prochain, c\u2019est la meilleure \u00e9quipe du championnat anglais, Bath, qui se pr\u00e9sentera sur la pelouse de Mayol.<\/p>\n","protected":false},"excerpt":{"rendered":"Pierre Mignoni et ses hommes ne s\u2019attendaient certainement pas \u00e0 s\u2019incliner de la sorte sur le synth\u00e9tique d\u2019\u00c9dimbourg.&hellip;\n","protected":false},"author":2,"featured_media":592024,"comment_status":"","ping_status":"","sticky":false,"template":"","format":"standard","meta":{"footnotes":""},"categories":[9619],"tags":[1111,11,1777,674,1011,27,12,882,3461,25,2310],"class_list":{"0":"post-592023","1":"post","2":"type-post","3":"status-publish","4":"format-standard","5":"has-post-thumbnail","7":"category-toulon","8":"tag-actu","9":"tag-actualites","10":"tag-eu","11":"tag-europe","12":"tag-fr","13":"tag-france","14":"tag-news","15":"tag-provence-alpes-cote-dazur","16":"tag-rct","17":"tag-republique-francaise","18":"tag-toulon"},"share_on_mastodon":{"url":"https:\/\/pubeurope.com\/@fr\/115698992223954468","error":""},"_links":{"self":[{"href":"https:\/\/www.europesays.com\/fr\/wp-json\/wp\/v2\/posts\/592023","targetHints":{"allow":["GET"]}}],"collection":[{"href":"https:\/\/www.europesays.com\/fr\/wp-json\/wp\/v2\/posts"}],"about":[{"href":"https:\/\/www.europesays.com\/fr\/wp-json\/wp\/v2\/types\/post"}],"author":[{"embeddable":true,"href":"https:\/\/www.europesays.com\/fr\/wp-json\/wp\/v2\/users\/2"}],"replies":[{"embeddable":true,"href":"https:\/\/www.europesays.com\/fr\/wp-json\/wp\/v2\/comments?post=592023"}],"version-history":[{"count":0,"href":"https:\/\/www.europesays.com\/fr\/wp-json\/wp\/v2\/posts\/592023\/revisions"}],"wp:featuredmedia":[{"embeddable":true,"href":"https:\/\/www.europesays.com\/fr\/wp-json\/wp\/v2\/media\/592024"}],"wp:attachment":[{"href":"https:\/\/www.europesays.com\/fr\/wp-json\/wp\/v2\/media?parent=592023"}],"wp:term":[{"taxonomy":"category","embeddable":true,"href":"https:\/\/www.europesays.com\/fr\/wp-json\/wp\/v2\/categories?post=592023"},{"taxonomy":"post_tag","embeddable":true,"href":"https:\/\/www.europesays.com\/fr\/wp-json\/wp\/v2\/tags?post=592023"}],"curies":[{"name":"wp","href":"https:\/\/api.w.org\/{rel}","templated":true}]}}