{"id":592025,"date":"2025-12-11T04:14:40","date_gmt":"2025-12-11T04:14:40","guid":{"rendered":"https:\/\/www.europesays.com\/fr\/592025\/"},"modified":"2025-12-11T04:14:40","modified_gmt":"2025-12-11T04:14:40","slug":"des-gendarmes-a-lhonneur-a-castelnau-le-lez","status":"publish","type":"post","link":"https:\/\/www.europesays.com\/fr\/592025\/","title":{"rendered":"des gendarmes \u00e0 l&rsquo;honneur \u00e0 Castelnau-le-Lez"},"content":{"rendered":"<p>                    Par<br \/>\n        <strong><br \/>\n            <a href=\"https:\/\/actu.fr\/auteur\/jm-aubert\" title=\"Consulter tous les articles de Jean-Marc Aubert\" target=\"_blank\" rel=\"noopener\">Jean-Marc Aubert<\/a><br \/>\n                    <\/strong><\/p>\n<p>        Publi\u00e9 le<\/p>\n<p>            10 d\u00e9c. 2025 \u00e0 10h28        <\/p>\n<p>Des <strong>gendarmes<\/strong>\u00a0du groupement de l\u2019H\u00e9rault ont \u00e9t\u00e9 mis \u00e0 l\u2019honneur lors de la c\u00e9r\u00e9monie des couleurs \u00e0 la compagnie de <strong>Castelnau-le-Lez<\/strong>. Ils ont \u00e9t\u00e9 r\u00e9compens\u00e9s.<\/p>\n<p class=\" wall-content\">Chaque premier mardi du mois, la compagnie de Castelnau-le-Lez organise la traditionnelle c\u00e9r\u00e9monie des couleurs. \u00ab\u00a0C\u2019est une c\u00e9r\u00e9monie\u00a0au cours de laquelle le drapeau national est hiss\u00e9 en haut d\u2019un m\u00e2t. Elle permet \u00e0 tous ceux qui y participent de se r\u00e9unir autour du symbole r\u00e9publicain qu\u2019est le drapeau tricolore\u00a0\u00bb.\u00a0<\/p>\n<p class=\" wall-content\">\u00c0 la compagnie de gendarmerie de Castelnau-le-Lez, cette c\u00e9r\u00e9monie se d\u00e9roule sur la place d\u2019armes, entre les b\u00e2timents regroupant les bureaux et les garages. Cette lev\u00e9e des couleurs de d\u00e9cembre rev\u00eatait deux \u00e9v\u00e9nements : le premier, c\u2019est qu\u2019elle s\u2019est d\u00e9roul\u00e9e sous les yeux de coll\u00e9giens d\u2019une classe de troisi\u00e8me actuellement en stage au sein des unit\u00e9s de la compagnie castelnauvienne. Le second, le <strong>chef d\u2019escadron Damien Lefebvre<\/strong> \u00e0 la t\u00eate de cette compagnie de gendarmerie a r\u00e9compens\u00e9 chaleureusement plusieurs gendarmes pour s\u2019\u00eatre distingu\u00e9s ces derniers mois par des actions courageuses, des sauvetages notamment et par la r\u00e9solution de belles enqu\u00eates judiciaires, apr\u00e8s de longues et d\u00e9licates investigations.<\/p>\n<p>    <a href=\"https:\/\/www.google.com\/maps\/embed?pb=!1m18!1m12!1m3!1d2887.109241795125!2d3.915335075839194!3d43.64589547110245!2m3!1f0!2f0!3f0!3m2!1i1024!2i768!4f13.1!3m3!1m2!1s0x12b6a5e2e9f66041%3A0x2e8c23a40e52a092!2sGendarmerie%20Nationale!5e0!3m2!1sfr!2sfr!4v1765355811757!5m2!1sfr!2sfr\" title=\"Ouvrie le lien\" target=\"_blank\" rel=\"noopener\">Cliquez ici pour visualiser le contenu<\/a><\/p>\n<p>    <img   decoding=\"async\" loading=\"lazy\" src=\"https:\/\/www.europesays.com\/fr\/wp-content\/uploads\/2025\/12\/0-3-1-960x640.jpeg\" alt=\"Un des gendarmes r\u00e9compens\u00e9 par le chef d'escadron de la compagnie de Castelnau-le-Lez \" width=\"960\" height=\"640\"\/><br \/>\n    Un des gendarmes r\u00e9compens\u00e9 par le chef d\u2019escadron de la compagnie de Castelnau-le-Lez (\u00a9Gendarmerie H\u00e9rault)Vid\u00e9os : en ce moment sur Actu<\/p>\n<p class=\" wall-content\">Le moment solennel de la mont\u00e9e du drapeau fran\u00e7ais sur le m\u00e2t de la place d\u2019armes a \u00e9t\u00e9 suivi de l\u2019hymne national. Ces instants de coh\u00e9sion et de recueillement rappellent \u00e0 chaque gendarme le sens profond de son engagement : servir la population, prot\u00e9ger la R\u00e9publique et honorer les valeurs qui fondent notre mission.<\/p>\n<p class=\" wall-content\">Personnalisez votre actualit\u00e9 en ajoutant vos villes et m\u00e9dias en favori avec <a href=\"https:\/\/moncompte.actu.fr\" title=\"D\u00e9couvez Mon Actu\" rel=\"nofollow noopener\" data-trk=\"{&quot;cta&quot;:{&quot;action&quot;:&quot;https:\\\/\\\/moncompte.actu.fr&quot;,&quot;category&quot;:&quot;mon compte&quot;,&quot;from&quot;:&quot;article footer&quot;,&quot;name&quot;:&quot;Mon actu&quot;,&quot;type&quot;:&quot;cta&quot;}}\" target=\"_blank\">Mon Actu<\/a>.<\/p>\n","protected":false},"excerpt":{"rendered":"Par Jean-Marc Aubert Publi\u00e9 le 10 d\u00e9c. 2025 \u00e0 10h28 Des gendarmes\u00a0du groupement de l\u2019H\u00e9rault ont \u00e9t\u00e9 mis&hellip;\n","protected":false},"author":2,"featured_media":592026,"comment_status":"","ping_status":"","sticky":false,"template":"","format":"standard","meta":{"footnotes":""},"categories":[9599],"tags":[1111,11,1777,674,118,1011,27,3381,2208,12,2680,25],"class_list":{"0":"post-592025","1":"post","2":"type-post","3":"status-publish","4":"format-standard","5":"has-post-thumbnail","7":"category-montpellier","8":"tag-actu","9":"tag-actualites","10":"tag-eu","11":"tag-europe","12":"tag-faits-divers","13":"tag-fr","14":"tag-france","15":"tag-gendarmerie","16":"tag-montpellier","17":"tag-news","18":"tag-occitanie","19":"tag-republique-francaise"},"share_on_mastodon":{"url":"https:\/\/pubeurope.com\/@fr\/115698996292659143","error":""},"_links":{"self":[{"href":"https:\/\/www.europesays.com\/fr\/wp-json\/wp\/v2\/posts\/592025","targetHints":{"allow":["GET"]}}],"collection":[{"href":"https:\/\/www.europesays.com\/fr\/wp-json\/wp\/v2\/posts"}],"about":[{"href":"https:\/\/www.europesays.com\/fr\/wp-json\/wp\/v2\/types\/post"}],"author":[{"embeddable":true,"href":"https:\/\/www.europesays.com\/fr\/wp-json\/wp\/v2\/users\/2"}],"replies":[{"embeddable":true,"href":"https:\/\/www.europesays.com\/fr\/wp-json\/wp\/v2\/comments?post=592025"}],"version-history":[{"count":0,"href":"https:\/\/www.europesays.com\/fr\/wp-json\/wp\/v2\/posts\/592025\/revisions"}],"wp:featuredmedia":[{"embeddable":true,"href":"https:\/\/www.europesays.com\/fr\/wp-json\/wp\/v2\/media\/592026"}],"wp:attachment":[{"href":"https:\/\/www.europesays.com\/fr\/wp-json\/wp\/v2\/media?parent=592025"}],"wp:term":[{"taxonomy":"category","embeddable":true,"href":"https:\/\/www.europesays.com\/fr\/wp-json\/wp\/v2\/categories?post=592025"},{"taxonomy":"post_tag","embeddable":true,"href":"https:\/\/www.europesays.com\/fr\/wp-json\/wp\/v2\/tags?post=592025"}],"curies":[{"name":"wp","href":"https:\/\/api.w.org\/{rel}","templated":true}]}}