{"id":592031,"date":"2025-12-11T04:20:17","date_gmt":"2025-12-11T04:20:17","guid":{"rendered":"https:\/\/www.europesays.com\/fr\/592031\/"},"modified":"2025-12-11T04:20:17","modified_gmt":"2025-12-11T04:20:17","slug":"les-pailladins-restreints-a-grenoble-vaches-a-lait-a-gilbert-brutus-contre-canet","status":"publish","type":"post","link":"https:\/\/www.europesays.com\/fr\/592031\/","title":{"rendered":"Les Pailladins restreints \u00e0 Grenoble, vaches \u00e0 lait \u00e0 Gilbert Brutus contre Canet"},"content":{"rendered":"<p>Relay\u00e9 par le club, cet arr\u00eat\u00e9 pr\u00e9voit la limitation du parcage Pailladin \u00e0 500 personnes. Plus contraignant, les supporters ne devront rejoindre le Stade des Alpes UNIQUEMENT en prenant la route par le moyen d\u2019un bus. Un rendez-vous avec les autorit\u00e9s locales, probablement pour atteindre le Stade des Alpes sous escorte, est \u00e9galement planifi\u00e9. Vous pouvez retrouver l\u2019ensemble des informations sur le site du <a href=\"https:\/\/onefootball.com\/fr\/equipe\/montpellier-260\" target=\"_blank\" rel=\"noopener\">Montpellier<\/a> H\u00e9rault, en cliquant <a href=\"https:\/\/mhscfoot.com\/depeches\/gf38-mhsc-informations-concernant-les-supporters-montpellierains\/\" target=\"_blank\" rel=\"noreferrer noopener\">ici<\/a>.<\/p>\n<p>Aussi, le club a \u00e9galement communiqu\u00e9 les modalit\u00e9s du d\u00e9placement au stade Gilbert Brutus de Perpignan, pour le compte des 32es de finales de <a href=\"https:\/\/onefootball.com\/fr\/competition\/coupe-de-france-33\/matchs\" target=\"_blank\" rel=\"noopener\">Coupe de France<\/a> qui l\u2019oppose \u00e0 Canet. D\u00e9\u00e7u du tirage, le club des Pyr\u00e9n\u00e9es-Orientales fixe pourtant un prix digne d\u2019une rencontre de Ligue 1 puisque la place en parcage se monte \u00e0 20 \u20ac. Gageons que les hommes de Zoumana Camara feront respecter la hi\u00e9rarchie afin d\u2019\u00e9viter aux catalans de faire encore monter les prix au prochain tour.<\/p>\n","protected":false},"excerpt":{"rendered":"Relay\u00e9 par le club, cet arr\u00eat\u00e9 pr\u00e9voit la limitation du parcage Pailladin \u00e0 500 personnes. Plus contraignant, les&hellip;\n","protected":false},"author":2,"featured_media":592032,"comment_status":"","ping_status":"","sticky":false,"template":"","format":"standard","meta":{"footnotes":""},"categories":[9566],"tags":[1111,11,2430,1777,674,1011,27,2731,12,25],"class_list":{"0":"post-592031","1":"post","2":"type-post","3":"status-publish","4":"format-standard","5":"has-post-thumbnail","7":"category-grenoble","8":"tag-actu","9":"tag-actualites","10":"tag-auvergne-rhone-alpes","11":"tag-eu","12":"tag-europe","13":"tag-fr","14":"tag-france","15":"tag-grenoble","16":"tag-news","17":"tag-republique-francaise"},"share_on_mastodon":{"url":"https:\/\/pubeurope.com\/@fr\/115699018918644518","error":""},"_links":{"self":[{"href":"https:\/\/www.europesays.com\/fr\/wp-json\/wp\/v2\/posts\/592031","targetHints":{"allow":["GET"]}}],"collection":[{"href":"https:\/\/www.europesays.com\/fr\/wp-json\/wp\/v2\/posts"}],"about":[{"href":"https:\/\/www.europesays.com\/fr\/wp-json\/wp\/v2\/types\/post"}],"author":[{"embeddable":true,"href":"https:\/\/www.europesays.com\/fr\/wp-json\/wp\/v2\/users\/2"}],"replies":[{"embeddable":true,"href":"https:\/\/www.europesays.com\/fr\/wp-json\/wp\/v2\/comments?post=592031"}],"version-history":[{"count":0,"href":"https:\/\/www.europesays.com\/fr\/wp-json\/wp\/v2\/posts\/592031\/revisions"}],"wp:featuredmedia":[{"embeddable":true,"href":"https:\/\/www.europesays.com\/fr\/wp-json\/wp\/v2\/media\/592032"}],"wp:attachment":[{"href":"https:\/\/www.europesays.com\/fr\/wp-json\/wp\/v2\/media?parent=592031"}],"wp:term":[{"taxonomy":"category","embeddable":true,"href":"https:\/\/www.europesays.com\/fr\/wp-json\/wp\/v2\/categories?post=592031"},{"taxonomy":"post_tag","embeddable":true,"href":"https:\/\/www.europesays.com\/fr\/wp-json\/wp\/v2\/tags?post=592031"}],"curies":[{"name":"wp","href":"https:\/\/api.w.org\/{rel}","templated":true}]}}