{"id":592037,"date":"2025-12-11T04:24:29","date_gmt":"2025-12-11T04:24:29","guid":{"rendered":"https:\/\/www.europesays.com\/fr\/592037\/"},"modified":"2025-12-11T04:24:29","modified_gmt":"2025-12-11T04:24:29","slug":"rassemblement-pour-les-droits-des-migrants-a-strasbourg-samedi","status":"publish","type":"post","link":"https:\/\/www.europesays.com\/fr\/592037\/","title":{"rendered":"Rassemblement pour les droits des migrants \u00e0 Strasbourg samedi"},"content":{"rendered":"<p class=\"wp-block-post-excerpt__excerpt\">Pour la journ\u00e9e internationale des migrant-es, plus de trente organisations locales appellent \u00e0 se rassembler samedi 13 d\u00e9cembre \u00e0 Strasbourg. Elles demandent notamment l\u2019\u00e9galit\u00e9 des droits \u00e0 l\u2019\u00e9cole, \u00e0 la sant\u00e9, \u00e0 la culture, au travail, et la r\u00e9quisition des logements vides. <\/p>\n<p class=\"font-sans\">\n\t\t\tCet article est en acc\u00e8s libre. Pour soutenir Rue89 Strasbourg,<br \/>\n\t\t\t<a class=\"underline\" href=\"https:\/\/www.rue89strasbourg.com\/abonnement\" target=\"_blank\" rel=\"noopener\">abonnez-vous<\/a>.\n\t\t<\/p>\n<p>Thibault Vetter<\/p>\n<p>Publi\u00e9 le 10 d\u00e9cembre 2025\u00a0\u00a0\u00b7\u00a0\u00a0<\/p>\n<p>Imprim\u00e9 le 11 d\u00e9cembre 2025 \u00e0 04h25\u00a0\u00a0\u00b7\u00a0\u00a0<\/p>\n<p>Modifi\u00e9 le 10 d\u00e9cembre 2025\u00a0\u00a0\u00b7\u00a0\u00a0<\/p>\n<p>\t\t\t\t\t1\u00a0minute\n<\/p>\n<p>\u00ab\u00a0Cette ann\u00e9e encore des milliers de personnes sont mortes \u00e0 cause des fermetures des fronti\u00e8res.\u00a0\u00bb Par ses mots, plus de trente organisations (liste en fin d\u2019article) <a href=\"https:\/\/strasbourgfurieuse.demosphere.net\/rv\/8400\" target=\"_blank\" rel=\"noreferrer noopener\">appellent \u00e0 se rassembler samedi 13 d\u00e9cembre<\/a> pour la journ\u00e9e internationale des migrant-es. Le rendez-vous est fix\u00e9 \u00e0 14h place Dauphine \u00e0 Strasbourg, \u00e0 c\u00f4t\u00e9 du centre commercial Rivetoile.<\/p>\n<p>Les associations et collectifs proposeront des stands d\u2019information et des prises de parole. Elles demandent l\u2019abrogation imm\u00e9diate de la loi Darmanin et des circulaires Retailleau, qui ont encore durcit les conditions d\u2019accueil des migrant-es en France ces derni\u00e8res ann\u00e9es. Les militants et militantes revendiquent \u00e9galement l\u2019\u00e9galit\u00e9 des droits \u00e0 l\u2019\u00e9cole, \u00e0 la sant\u00e9, \u00e0 la culture, au travail, la r\u00e9gularisation des sans-papiers, ou la fermeture des centres de r\u00e9tention administrative (CRA).<\/p>\n<p>Enfin, les organisations r\u00e9clament la r\u00e9quisition des logements vides pour loger les sans-abris. Pour rappel, de nombreuses familles migrantes, avec des enfants, dorment dans la rue en ce d\u00e9but d\u2019hiver 2025.<\/p>\n<p>Y <strong>aller<\/strong><\/p>\n<p><strong>Rassemblement pour la journ\u00e9e internationale des migrant-es,<\/strong> samedi 13 d\u00e9cembre \u00e0 14h place Dauphine, Strasbourg \u2013 Rivetoile.<\/p>\n<p>Les organisations signataires<\/p>\n<p><img loading=\"lazy\" decoding=\"async\" width=\"792\" height=\"207\" src=\"https:\/\/www.europesays.com\/fr\/wp-content\/uploads\/2025\/12\/signataires-journeemigrants-792x207.png\" alt=\"\" class=\"wp-image-369110\"  \/><\/p>\n","protected":false},"excerpt":{"rendered":"Pour la journ\u00e9e internationale des migrant-es, plus de trente organisations locales appellent \u00e0 se rassembler samedi 13 d\u00e9cembre&hellip;\n","protected":false},"author":2,"featured_media":592038,"comment_status":"","ping_status":"","sticky":false,"template":"","format":"standard","meta":{"footnotes":""},"categories":[2820],"tags":[18077,1111,11,1777,674,1011,27,775,2088,12,25,640],"class_list":{"0":"post-592037","1":"post","2":"type-post","3":"status-publish","4":"format-standard","5":"has-post-thumbnail","7":"category-strasbourg","8":"tag-accueil-des-migrants","9":"tag-actu","10":"tag-actualites","11":"tag-eu","12":"tag-europe","13":"tag-fr","14":"tag-france","15":"tag-grand-est","16":"tag-manifestation","17":"tag-news","18":"tag-republique-francaise","19":"tag-strasbourg"},"share_on_mastodon":{"url":"https:\/\/pubeurope.com\/@fr\/115699035638182782","error":""},"_links":{"self":[{"href":"https:\/\/www.europesays.com\/fr\/wp-json\/wp\/v2\/posts\/592037","targetHints":{"allow":["GET"]}}],"collection":[{"href":"https:\/\/www.europesays.com\/fr\/wp-json\/wp\/v2\/posts"}],"about":[{"href":"https:\/\/www.europesays.com\/fr\/wp-json\/wp\/v2\/types\/post"}],"author":[{"embeddable":true,"href":"https:\/\/www.europesays.com\/fr\/wp-json\/wp\/v2\/users\/2"}],"replies":[{"embeddable":true,"href":"https:\/\/www.europesays.com\/fr\/wp-json\/wp\/v2\/comments?post=592037"}],"version-history":[{"count":0,"href":"https:\/\/www.europesays.com\/fr\/wp-json\/wp\/v2\/posts\/592037\/revisions"}],"wp:featuredmedia":[{"embeddable":true,"href":"https:\/\/www.europesays.com\/fr\/wp-json\/wp\/v2\/media\/592038"}],"wp:attachment":[{"href":"https:\/\/www.europesays.com\/fr\/wp-json\/wp\/v2\/media?parent=592037"}],"wp:term":[{"taxonomy":"category","embeddable":true,"href":"https:\/\/www.europesays.com\/fr\/wp-json\/wp\/v2\/categories?post=592037"},{"taxonomy":"post_tag","embeddable":true,"href":"https:\/\/www.europesays.com\/fr\/wp-json\/wp\/v2\/tags?post=592037"}],"curies":[{"name":"wp","href":"https:\/\/api.w.org\/{rel}","templated":true}]}}