{"id":592042,"date":"2025-12-11T04:28:24","date_gmt":"2025-12-11T04:28:24","guid":{"rendered":"https:\/\/www.europesays.com\/fr\/592042\/"},"modified":"2025-12-11T04:28:24","modified_gmt":"2025-12-11T04:28:24","slug":"trail-gravel-et-si-nice-accueillait-de-nouvelles-disciplines-olympiques-au-jo-2030","status":"publish","type":"post","link":"https:\/\/www.europesays.com\/fr\/592042\/","title":{"rendered":"Trail, gravel&#8230; et si Nice accueillait de nouvelles disciplines olympiques au JO 2030\u00a0?"},"content":{"rendered":"<p class=\"fs-5 \">Dans un peu plus de quatre ans, <strong>Nice sera l\u2019un des principaux sites des JO 2030<\/strong>, avec le p\u00f4le glace (qui regroupe le hockey sur glace, le patinage artistique, le short-track ou le curling) <strong>et la c\u00e9r\u00e9monie de cl\u00f4ture<\/strong>.<\/p>\n<p class=\"fs-5 \">Assur\u00e9ment une belle prise, mais le programme pourrait encore se garnir. En effet, outre les sports traditionnels, Edgar Grospiron, le patron du comit\u00e9 d\u2019organisation des Alpes 2030, a la possibilit\u00e9 de proposer <strong>quatre sports dits \u00ab\u00a0additionnels\u00a0\u00bb<\/strong> (qui devraient \u00eatre annonc\u00e9s d\u00e9but 2026) qui ne seraient <strong>organis\u00e9s que pour cette olympiade<\/strong>, \u00e0 l\u2019image du surf, de l\u2019escalade, du skateboard, et du breakdance aux JO de Paris 2024.<\/p>\n<p>        <img src=\"https:\/\/www.europesays.com\/fr\/wp-content\/uploads\/2025\/12\/fb3d967_upload-from-url-1-e1c0f4vmosrk-data-art-12512637-wntrg7hp.jpg\"   loading=\"lazy\" decoding=\"async\" alt=\"Quatre grands p\u00f4les recevront les \u00e9preuves des JO d\u2019hiver 2030\u00a0: Savoie, Haute-Savoie, Nice et Brian\u00e7onnais.\" class=\"img-fluid position-absolute w-100 object-fit-cover rounded-2\" width=\"600\" height=\"400\"\/><\/p>\n<p>                                                                                Des sports de montagne<\/p>\n<p class=\"fs-5 \">Plusieurs sports d\u2019hiver, qui n\u2019ont pas leur place aux JO, aimeraient int\u00e9grer le programme de 2030. C\u2019est le cas du <strong>T\u00e9l\u00e9mark ou du ski de vitesse<\/strong>. Mais d\u2019autres disciplines, qui se pratiquent  en montagne et ne sont pas au menu des Jeux d\u2019\u00e9t\u00e9, aimeraient \u00e9galement profiter de cette opportunit\u00e9.<\/p>\n<p class=\"fs-5 \">C\u2019est le cas notamment du<strong> trail, du gravel ou du cyclo-cross<\/strong> (qui se pratique l\u2019hiver). Alors que cette piste n\u2019a pas \u00e9t\u00e9 \u00e9voqu\u00e9e officiellement, <strong>les f\u00e9d\u00e9rations olympiques d\u2019hiver se sont tout de suite oppos\u00e9es<\/strong> \u00e0 cette possible introduction.\u00a0<\/p>\n<p class=\"fs-5 \">\u00ab\u00a0Le futur des Jeux Olympiques d\u2019hiver ne sera pas meilleur avec des propositions qui divisent comme l\u2019inclusion de disciplines non olympiques issues des f\u00e9d\u00e9rations internationales d\u2019\u00e9t\u00e9\u00a0\u00a0\u00bb, a r\u00e9agi l\u2019association des f\u00e9d\u00e9rations olympiques d\u2019hiver (WOF) dans un communiqu\u00e9 il y a quelques semaines.<\/p>\n<p class=\"fs-5 \">N\u00e9anmoins, selon la r\u00e9partition des sites, ces sports additionnels d<strong>evraient avoir lieu dans la r\u00e9gion Sud<\/strong>.<\/p>\n<p class=\"fs-5 \">Si le comit\u00e9 d\u2019organisation des Alpes 2030\u00a0parvient \u00e0 les introduire, mettant en avant que la neige allait se rar\u00e9fier dans le futur, la M\u00e9tropole ni\u00e7oise a de s\u00e9rieux atouts pour les accueillir.<\/p>\n<p class=\"fs-5 \">Selon nos informations, elle serait m\u00eame candidate, elle qui a l\u2019habitude d\u2019organiser des \u00e9v\u00e9nements de masse en ext\u00e9rieur (mondiaux d\u2019Ironman, marathon, trail&#8230;).<\/p>\n<p>                                                                                Les m\u00e9dailles pr\u00e9sent\u00e9es sur la place Mass\u00e9na\u00a0?<\/p>\n<p class=\"fs-5 \">En effet, depuis 2022,<strong>\u00a0Nice C\u00f4te d\u2019Azur by UTMB attire des milliers de traileurs en septembre<\/strong>, du Mercantour jusqu\u2019\u00e0 Nice, entre mer et montagne. Une \u00e9preuve qui fait d\u00e9j\u00e0 partie des r\u00e9f\u00e9rences du genre.<\/p>\n<p class=\"fs-5 \">Et<strong> les mondiaux de gravel auraient d\u00fb se disputer \u00e0 Nice<\/strong> en 2025. Ils avaient finalement \u00e9t\u00e9 d\u00e9localis\u00e9s aux Pays-Bas, mais le parcours avait \u00e9t\u00e9 trac\u00e9 et pourrait tr\u00e8s facilement \u00eatre ressorti pour un \u00e9v\u00e9nement plan\u00e9taire.<\/p>\n<p class=\"fs-5 \">Les images de la capitale azur\u00e9enne seront tr\u00e8s nombreuses en 2030. Car, en dehors des disciplines sportives, les m\u00e9daill\u00e9s olympiques pourraient pr\u00e9senter leur breloque au public sur la place Mass\u00e9na, devant le Miroir d\u2019eau, \u00e0 l\u2019image de ce qui se faisait au club France \u00e0 Paris en 2024.<\/p>\n<p class=\"fs-5 \">Une c\u00e9r\u00e9monie populaire qui avait d\u00e9j\u00e0 eu lieu sur ce site pour l\u2019arriv\u00e9e du Tour de France 2024, avec la victoire de Tadej Pogacar, et qui aurait beaucoup plu \u00e0 Edgar Grospiron.<\/p>\n","protected":false},"excerpt":{"rendered":"Dans un peu plus de quatre ans, Nice sera l\u2019un des principaux sites des JO 2030, avec le&hellip;\n","protected":false},"author":2,"featured_media":592043,"comment_status":"","ping_status":"","sticky":false,"template":"","format":"standard","meta":{"footnotes":""},"categories":[2819],"tags":[1111,11,1777,674,1011,27,70509,12,2401,882,25],"class_list":{"0":"post-592042","1":"post","2":"type-post","3":"status-publish","4":"format-standard","5":"has-post-thumbnail","7":"category-nice","8":"tag-actu","9":"tag-actualites","10":"tag-eu","11":"tag-europe","12":"tag-fr","13":"tag-france","14":"tag-jo-2030","15":"tag-news","16":"tag-nice","17":"tag-provence-alpes-cote-dazur","18":"tag-republique-francaise"},"share_on_mastodon":{"url":"https:\/\/pubeurope.com\/@fr\/115699051640278277","error":""},"_links":{"self":[{"href":"https:\/\/www.europesays.com\/fr\/wp-json\/wp\/v2\/posts\/592042","targetHints":{"allow":["GET"]}}],"collection":[{"href":"https:\/\/www.europesays.com\/fr\/wp-json\/wp\/v2\/posts"}],"about":[{"href":"https:\/\/www.europesays.com\/fr\/wp-json\/wp\/v2\/types\/post"}],"author":[{"embeddable":true,"href":"https:\/\/www.europesays.com\/fr\/wp-json\/wp\/v2\/users\/2"}],"replies":[{"embeddable":true,"href":"https:\/\/www.europesays.com\/fr\/wp-json\/wp\/v2\/comments?post=592042"}],"version-history":[{"count":0,"href":"https:\/\/www.europesays.com\/fr\/wp-json\/wp\/v2\/posts\/592042\/revisions"}],"wp:featuredmedia":[{"embeddable":true,"href":"https:\/\/www.europesays.com\/fr\/wp-json\/wp\/v2\/media\/592043"}],"wp:attachment":[{"href":"https:\/\/www.europesays.com\/fr\/wp-json\/wp\/v2\/media?parent=592042"}],"wp:term":[{"taxonomy":"category","embeddable":true,"href":"https:\/\/www.europesays.com\/fr\/wp-json\/wp\/v2\/categories?post=592042"},{"taxonomy":"post_tag","embeddable":true,"href":"https:\/\/www.europesays.com\/fr\/wp-json\/wp\/v2\/tags?post=592042"}],"curies":[{"name":"wp","href":"https:\/\/api.w.org\/{rel}","templated":true}]}}