{"id":592046,"date":"2025-12-11T04:30:16","date_gmt":"2025-12-11T04:30:16","guid":{"rendered":"https:\/\/www.europesays.com\/fr\/592046\/"},"modified":"2025-12-11T04:30:16","modified_gmt":"2025-12-11T04:30:16","slug":"fc-nantes-mercato-lol-creuse-une-piste-allechante-abline-et-le-losc-dans-la-boucle","status":"publish","type":"post","link":"https:\/\/www.europesays.com\/fr\/592046\/","title":{"rendered":"FC Nantes Mercato\u00a0: l\u2019OL creuse une piste all\u00e9chante, Abline et le LOSC dans la boucle\u00a0!\u00a0"},"content":{"rendered":"<p><strong>En manque de liquidit\u00e9s, l\u2019OL creuse des pistes d\u2019opportunit\u00e9 en vue du prochain mercato estival. Matthis Abline est concern\u00e9 au FC Nantes.\u00a0<\/strong><\/p>\n<p>L\u2019OL pourrait bien frapper un joli coup lors du prochain mercato en s\u2019int\u00e9ressant \u00e0 Loun Srdanovic. Selon Ekrem Konur, le staff rhodanien suit de pr\u00e8s ce jeune d\u00e9fenseur suisse de 19 ans, \u00e9voluant au Servette Gen\u00e8ve. Form\u00e9 au club suisse et international chez les jeunes, Srdanovic est d\u00e9j\u00e0 un nom qui commence \u00e0 circuler en Europe et son profil pla\u00eet pour son potentiel et sa marge de progression.\u00a0<\/p>\n<p>Repr\u00e9sent\u00e9 par l\u2019agence Wasserman \u2013 qui g\u00e8re aussi des joueurs comme Ilya Zabarnyi (<a href=\"https:\/\/www.butfootballclub.fr\/1633703-psg-luis-enrique-reserve-une-enorme-surprise-dans-son-onze-a-bilbao\/\" target=\"_blank\" rel=\"noopener\">PSG<\/a>) ou Matthis Abline (<a href=\"https:\/\/www.butfootballclub.fr\/1633736-fc-nantes-mercato-un-ennemi-des-supporters-a-signe-coup-dur-pour-machado\/\" target=\"_blank\" rel=\"noopener\">FC Nantes<\/a>) \u2013 le jeune Suisse pourrait constituer un pari sportif tr\u00e8s int\u00e9ressant pour l\u2019OL, capable de s\u2019int\u00e9grer rapidement dans un effectif ambitieux en Ligue 1 et en Europe.<\/p>\n<p>Srdanovic, un espoir qui enflamme la L1<\/p>\n<p>Si le Servette Gen\u00e8ve ne veut pas brader son joyau, le club helv\u00e9tique pourrait toutefois \u00e9couter les offres qui tomberont durant le mercato, surtout si elles viennent de clubs s\u00e9rieux. Outre l\u2019<a href=\"https:\/\/www.foot01.com\/ol\/lol-vise-une-pepite-suisse-pour-betonner-sa-defense?utm_term=photo&amp;utm_content=Foot01_com&amp;utm_source=twitter&amp;utm_medium=Social&amp;utm_campaign=Nonli\" target=\"_blank\" rel=\"noopener\">OL<\/a>, des \u00e9quipes comme Francfort, le Borussia Dortmund, Villarreal ou encore le LOSC suivent \u00e9galement de pr\u00e8s le dossier. Avec un contrat courant jusqu\u2019en 2027 et une valeur estim\u00e9e autour de 0,8 million d\u2019euros selon Transfermarkt, le prix reste accessible, m\u00eame si le club suisse cherchera probablement \u00e0 obtenir un montant plus cons\u00e9quent compte tenu de la r\u00e9gularit\u00e9 de Srdanovic cette saison (11 matchs toutes comp\u00e9titions confondues).<\/p>\n<p>La question est d\u00e9sormais de savoir si l\u2019int\u00e9r\u00eat lyonnais se transformera en action concr\u00e8te. Et si l\u2019international suisse franchira le pas vers la Ligue 1 ou si d\u2019autres pr\u00e9tendants, comme le LOSC ou Villarreal, r\u00e9ussiront \u00e0 s\u00e9duire le jeune d\u00e9fenseur avant les Gones.\u00a0<\/p>\n<blockquote class=\"twitter-tweet\" data-width=\"550\" data-dnt=\"true\">\n<p lang=\"en\" dir=\"ltr\">\ud83d\udea8\ud83c\udd95 <a href=\"https:\/\/twitter.com\/hashtag\/Servette?src=hash&amp;ref_src=twsrc%5Etfw\" target=\"_blank\" rel=\"noopener\">#Servette<\/a> \ud83c\udde8\ud83c\udded <br \/>Olympique Lyon are targeting Servette\u2019s 19-year-old right-back Loun Srdanovic.<\/p>\n<p>\ud83d\udc40 Frankfurt, Borussia Dortmund, Villareal and Lille are also monitoring the young talent.<\/p>\n<p>\ud83d\udcb0Servette insist they don\u2019t want to sell, but a big offer could change things. <a href=\"https:\/\/t.co\/dTHapNSEd8\">pic.twitter.com\/dTHapNSEd8<\/a><\/p>\n<p>\u2014 Ekrem KONUR (@Ekremkonur) <a href=\"https:\/\/twitter.com\/Ekremkonur\/status\/1995062856598081846?ref_src=twsrc%5Etfw\" target=\"_blank\" rel=\"noopener\">November 30, 2025<\/a><\/p><\/blockquote>\n<p><script async src=\"https:\/\/platform.twitter.com\/widgets.js\" charset=\"utf-8\"><\/script><\/p>\n","protected":false},"excerpt":{"rendered":"En manque de liquidit\u00e9s, l\u2019OL creuse des pistes d\u2019opportunit\u00e9 en vue du prochain mercato estival. Matthis Abline est&hellip;\n","protected":false},"author":2,"featured_media":592047,"comment_status":"","ping_status":"","sticky":false,"template":"","format":"standard","meta":{"footnotes":""},"categories":[2818],"tags":[1111,11,1777,674,1011,27,766,12,2636,25],"class_list":{"0":"post-592046","1":"post","2":"type-post","3":"status-publish","4":"format-standard","5":"has-post-thumbnail","7":"category-nantes","8":"tag-actu","9":"tag-actualites","10":"tag-eu","11":"tag-europe","12":"tag-fr","13":"tag-france","14":"tag-nantes","15":"tag-news","16":"tag-pays-de-la-loire","17":"tag-republique-francaise"},"share_on_mastodon":{"url":"https:\/\/pubeurope.com\/@fr\/115699058170113922","error":""},"_links":{"self":[{"href":"https:\/\/www.europesays.com\/fr\/wp-json\/wp\/v2\/posts\/592046","targetHints":{"allow":["GET"]}}],"collection":[{"href":"https:\/\/www.europesays.com\/fr\/wp-json\/wp\/v2\/posts"}],"about":[{"href":"https:\/\/www.europesays.com\/fr\/wp-json\/wp\/v2\/types\/post"}],"author":[{"embeddable":true,"href":"https:\/\/www.europesays.com\/fr\/wp-json\/wp\/v2\/users\/2"}],"replies":[{"embeddable":true,"href":"https:\/\/www.europesays.com\/fr\/wp-json\/wp\/v2\/comments?post=592046"}],"version-history":[{"count":0,"href":"https:\/\/www.europesays.com\/fr\/wp-json\/wp\/v2\/posts\/592046\/revisions"}],"wp:featuredmedia":[{"embeddable":true,"href":"https:\/\/www.europesays.com\/fr\/wp-json\/wp\/v2\/media\/592047"}],"wp:attachment":[{"href":"https:\/\/www.europesays.com\/fr\/wp-json\/wp\/v2\/media?parent=592046"}],"wp:term":[{"taxonomy":"category","embeddable":true,"href":"https:\/\/www.europesays.com\/fr\/wp-json\/wp\/v2\/categories?post=592046"},{"taxonomy":"post_tag","embeddable":true,"href":"https:\/\/www.europesays.com\/fr\/wp-json\/wp\/v2\/tags?post=592046"}],"curies":[{"name":"wp","href":"https:\/\/api.w.org\/{rel}","templated":true}]}}