{"id":592050,"date":"2025-12-11T04:33:17","date_gmt":"2025-12-11T04:33:17","guid":{"rendered":"https:\/\/www.europesays.com\/fr\/592050\/"},"modified":"2025-12-11T04:33:17","modified_gmt":"2025-12-11T04:33:17","slug":"malgre-la-contestation-la-nuit-du-bien-commun-engrange-393-600-e-de-dons-a-bordeaux","status":"publish","type":"post","link":"https:\/\/www.europesays.com\/fr\/592050\/","title":{"rendered":"Malgr\u00e9 la contestation, la Nuit du Bien Commun engrange 393 600 \u20ac de dons \u00e0 Bordeaux"},"content":{"rendered":"<p class=\"wp-block-post-excerpt__excerpt\">Une centaine de manifestants s\u2019est mobilis\u00e9e devant le Palais de la Bourse, o\u00f9 \u00e9tait organis\u00e9e, ce mercredi 10 d\u00e9cembre, la soir\u00e9e caritative au cours de laquelle 393 600\u20ac de dons ont \u00e9t\u00e9 lev\u00e9s. <\/p>\n<p>Margaux B\u00e9gards<\/p>\n<p>Publi\u00e9 le 11 d\u00e9cembre 2025\u00a0\u00a0\u00b7\u00a0\u00a0<\/p>\n<p>Imprim\u00e9 le 11 d\u00e9cembre 2025 \u00e0 05h33\u00a0\u00a0\u00b7\u00a0\u00a0<\/p>\n<p>\t\t\t\t\t4\u00a0minutes\n<\/p>\n<p>Ce mercredi 10 d\u00e9cembre soir, une foule en apparence tr\u00e8s calme s\u2019avance vers l\u2019entr\u00e9e du Palais de la Bourse. \u00c0 peine une centaine de militants ont r\u00e9pondu \u00e0 l\u2019appel de la \u00ab\u00a0Section carr\u00e9ment anti-St\u00e9rin\u00a0\u00bb pour tenter de bloquer la nouvelle Nuit du Bien Commun bordelaise. En face, le dispositif de s\u00e9curit\u00e9 reste pourtant cons\u00e9quent, quatre fourgons avec une vingtaine de policiers.<\/p>\n<p>Initi\u00e9e en 2017 par le milliardaire ultraconservateur Pierre-Edouard St\u00e9rin, exil\u00e9 fiscal en Belgique ayant mis sa fortune au service de l\u2019extr\u00eame droite avec le <a href=\"https:\/\/www.humanite.fr\/politique\/bien-commun\/exclusif-pericles-le-projet-secret-de-pierre-edouard-sterin-pour-installer-le-rn-au-pouvoir\" target=\"_blank\" rel=\"noreferrer noopener\">projet P\u00e9ricl\u00e8s<\/a> \u2013 Patriotes Enracin\u00e9s R\u00e9sistants Identitaires Chr\u00e9tiens Lib\u00e9raux Europ\u00e9ens Souverainistes \u2013 r\u00e9v\u00e9l\u00e9 par le journal l\u2019Humanit\u00e9 en 2024. En juillet dernier, celui-ci encourageait la mise en place d\u2019une <a href=\"https:\/\/www.mediapart.fr\/journal\/france\/300725\/avoir-plus-de-bebes-de-souche-europeenne-le-projet-nataliste-d-extreme-droite-du-milliardaire-sterin\" target=\"_blank\" rel=\"noreferrer noopener\">politique nataliste chr\u00e9tienne<\/a> pour \u00ab\u00a0avoir plus de b\u00e9b\u00e9s de souche europ\u00e9enne\u00a0\u00bb. <\/p>\n<p>\t\tUn nom encombrant<\/p>\n<p>Depuis quelques semaines, Thomas Tixier, le responsable de la communication d\u2019Obole, la soci\u00e9t\u00e9 organisatrice, s\u2019en d\u00e9fend affirmant que l\u2019\u00e9v\u00e9nement est \u00ab\u00a0apolitique et aconfessionnelle\u00a0\u00bb. Car si ces \u00e9v\u00e9nements caritatifs doivent beaucoup \u00e0 Pierre-Edouard St\u00e9rin, <a href=\"https:\/\/rue89bordeaux.com\/2025\/11\/ambiance-orageuse-a-bordeaux-autour-de-la-nuit-du-bien-commun-dans-lombre-de-sterin\/\" target=\"_blank\" rel=\"noreferrer noopener\">Thomas Tixier assurait \u00e0 Rue89 Bordeaux<\/a> que le milliardaire n\u2019y avait plus de r\u00f4le \u00ab\u00a0depuis des ann\u00e9es\u00a0\u00bb.<\/p>\n<p><img loading=\"lazy\" decoding=\"async\" width=\"480\" height=\"480\" src=\"https:\/\/www.europesays.com\/fr\/wp-content\/uploads\/2025\/04\/23-paywall.png\" alt=\"Abonnez-vous\" class=\"wp-image-128439\" style=\"aspect-ratio:1;width:210px;height:auto\"  \/><\/p>\n<p>Cet article fait partie de l\u2019\u00e9dition abonn\u00e9s. Pour lire la suite, profitez d\u2019une offre d\u00e9couverte \u00e0 1\u20ac.<\/p>\n<p class=\"has-gray-700-color has-text-color has-medium-font-size\">Contribuez \u00e0 consolider un m\u00e9dia ind\u00e9pendant \u00e0 Bordeaux, en capacit\u00e9 d\u2019enqu\u00eater sur les enjeux locaux.<\/p>\n<p>\t\t\t<a href=\"https:\/\/rue89bordeaux.com\/\" class=\"custom-logo-link\" rel=\"home noopener\" target=\"_blank\"><img loading=\"lazy\" decoding=\"async\" width=\"290\" height=\"49\" src=\"https:\/\/www.europesays.com\/fr\/wp-content\/uploads\/2025\/04\/logo.png\" class=\"custom-logo\" alt=\"Rue89Bordeaux Enqu\u00eates et informations de proximit\u00e9\"  \/><\/a><\/p>\n<p>\n\t\t\t\tAbonnez-vous maintenant pour suivre l\u2019actualit\u00e9 locale.\t\t\t<\/p>\n<p class=\"font-bold font-serif-heading mb-2 text-4xl\">\n\t\t\t\t\t\tL\u2019investigation locale \u00e0 port\u00e9e de main.\n\t\t\t\t\t<\/p>\n<p>\n\t\t\t\t\t\tAbonnez-vous et profitez d\u2019un acc\u00e8s illimit\u00e9 \u00e0 Rue89Bordeaux. Annulez quand vous voulez.\n\t\t\t\t\t<\/p>\n<p class=\"xl:text-sm\">\n\t\t\t\t\tD\u00e9j\u00e0 abonn\u00e9\u00a0?<br \/>\n\t\t\t\t\t<a class=\"border border-transparent text-center transition-colors duration-instant focus:border-info focus:rounded focus:shadow-focus cursor-pointer text-black hover:text-gray-700 active:bg-black-700 font-semibold inline-block\" href=\"https:\/\/rue89bordeaux.com\/user\/login\/?redirect=\/2025\/12\/malgre-la-contestation-la-nuit-du-bien-commun-engrange-393-600-e-de-dons-a-bordeaux\/\" target=\"_blank\" rel=\"noopener\">Connectez-vous<\/a>\t\t\t\t<\/p>\n<p>\n\t\t\t\tChoisissez votre formule\u00a0:\n\t\t\t<\/p>\n<p>\t\t\t\tFermer<\/p>\n","protected":false},"excerpt":{"rendered":"Une centaine de manifestants s\u2019est mobilis\u00e9e devant le Palais de la Bourse, o\u00f9 \u00e9tait organis\u00e9e, ce mercredi 10&hellip;\n","protected":false},"author":2,"featured_media":592051,"comment_status":"","ping_status":"","sticky":false,"template":"","format":"standard","meta":{"footnotes":""},"categories":[2817],"tags":[1111,11,4733,1997,1777,674,1076,1011,27,12,2219,24249,25],"class_list":{"0":"post-592050","1":"post","2":"type-post","3":"status-publish","4":"format-standard","5":"has-post-thumbnail","7":"category-bordeaux","8":"tag-actu","9":"tag-actualites","10":"tag-associations","11":"tag-bordeaux","12":"tag-eu","13":"tag-europe","14":"tag-extreme-droite","15":"tag-fr","16":"tag-france","17":"tag-news","18":"tag-nouvelle-aquitaine","19":"tag-pierre-edouard-sterin","20":"tag-republique-francaise"},"share_on_mastodon":{"url":"https:\/\/pubeurope.com\/@fr\/115699070922289061","error":""},"_links":{"self":[{"href":"https:\/\/www.europesays.com\/fr\/wp-json\/wp\/v2\/posts\/592050","targetHints":{"allow":["GET"]}}],"collection":[{"href":"https:\/\/www.europesays.com\/fr\/wp-json\/wp\/v2\/posts"}],"about":[{"href":"https:\/\/www.europesays.com\/fr\/wp-json\/wp\/v2\/types\/post"}],"author":[{"embeddable":true,"href":"https:\/\/www.europesays.com\/fr\/wp-json\/wp\/v2\/users\/2"}],"replies":[{"embeddable":true,"href":"https:\/\/www.europesays.com\/fr\/wp-json\/wp\/v2\/comments?post=592050"}],"version-history":[{"count":0,"href":"https:\/\/www.europesays.com\/fr\/wp-json\/wp\/v2\/posts\/592050\/revisions"}],"wp:featuredmedia":[{"embeddable":true,"href":"https:\/\/www.europesays.com\/fr\/wp-json\/wp\/v2\/media\/592051"}],"wp:attachment":[{"href":"https:\/\/www.europesays.com\/fr\/wp-json\/wp\/v2\/media?parent=592050"}],"wp:term":[{"taxonomy":"category","embeddable":true,"href":"https:\/\/www.europesays.com\/fr\/wp-json\/wp\/v2\/categories?post=592050"},{"taxonomy":"post_tag","embeddable":true,"href":"https:\/\/www.europesays.com\/fr\/wp-json\/wp\/v2\/tags?post=592050"}],"curies":[{"name":"wp","href":"https:\/\/api.w.org\/{rel}","templated":true}]}}