{"id":592052,"date":"2025-12-11T04:34:17","date_gmt":"2025-12-11T04:34:17","guid":{"rendered":"https:\/\/www.europesays.com\/fr\/592052\/"},"modified":"2025-12-11T04:34:17","modified_gmt":"2025-12-11T04:34:17","slug":"le-cinquieme-magasin-zara-de-lagglomeration-toulousaine-sera-le-plus-grand-doccitanie","status":"publish","type":"post","link":"https:\/\/www.europesays.com\/fr\/592052\/","title":{"rendered":"Le cinqui\u00e8me magasin Zara de l\u2019agglom\u00e9ration toulousaine sera le plus grand d\u2019Occitanie"},"content":{"rendered":"<p>\n                                                                    l&rsquo;essentiel<br \/>\n                                                                Deux ouvertures concernant des marques espagnoles se succ\u00e8dent dans la galerie commerciale du Carrefour de Lab\u00e8ge (31) en cette fin d\u2019ann\u00e9e\u00a0: apr\u00e8s le bijoutier Miramira il y a quelques semaines, ce jeudi 11\u00a0d\u00e9cembre c\u2019est Zara qui y ouvre son plus grand magasin d\u2019Occitanie (plus de 2\u00a0000 m\u00b2).\n                            <\/p>\n<p>Apr\u00e8s l\u2019ouverture, fin novembre, d\u2019un magasin de l\u2019enseigne de bijouterie espagnole Miramira, ce jeudi\u00a011 c\u2019est un poids lourd de la mode ib\u00e9rique qui rouvre ses portes dans le centre commercial Lab\u00e8ge 2, aux portes de Toulouse. En passant de 850 \u00e0 2\u00a0200 m\u00b2, Zara en fait son plus important point de vente d\u2019Occitanie.<\/p>\n<p>        <img decoding=\"async\" class=\"std-img__img responsive-img\" src=\"https:\/\/www.europesays.com\/fr\/wp-content\/uploads\/2025\/12\/1765427657_666_image.jpg\" alt=\"L\u2019enseigne espagnole dispose d\u00e9j\u00e0 de quatre autres magasins dans l\u2019agglom\u00e9ration, dont deux dans Toulouse.\"\/><\/p>\n<p>                L\u2019enseigne espagnole dispose d\u00e9j\u00e0 de quatre autres magasins dans l\u2019agglom\u00e9ration, dont deux dans Toulouse.<br \/>\n                                    DDM &#8211; XAVIER DE FENOYL<\/p>\n<p>Carmila, propri\u00e9taire depuis 2014 de la galerie (et de 250 autres centres commerciaux en France, Espagne et Italie), souligne que le nouveau magasin de l\u2019enseigne bas\u00e9e \u00e0 La Corogne, \u00ab\u00a0transf\u00e9r\u00e9, agrandi et enti\u00e8rement repens\u00e9\u00a0\u00bb, proposera d\u00e8s jeudi \u00ab\u00a0les collections Femme, Homme et Enfant dans un cadre moderne et lumineux. Avec ce nouveau concept, <a href=\"https:\/\/www.zara.com\/fr\/\" target=\"_self\" rel=\"noopener\">Zara <\/a>offre aux visiteurs un parcours plus fluide et un univers plus complet, pour d\u00e9couvrir toutes les tendances du moment en un seul lieu.\u00a0\u00bb<\/p>\n<p>Zara, qui se pr\u00e9sente comme \u00ab\u00a0l\u2019une des principales entreprises internationales de mode\u00a0\u00bb, appartient au groupe Inditex, qui a cr\u00e9\u00e9 la marque et son premier magasin en 1975. Le groupe poss\u00e8de \u00e9galement les marques Pull\u00a0&amp; Bear, Massimo Dutti, Bershka, Stradivarius ou Oysho, et s\u2019est lanc\u00e9 dans la d\u00e9coration int\u00e9rieure en 2003 en cr\u00e9ant Zara Home.<\/p>\n<p>Neuf magasins dans la r\u00e9gion<\/p>\n<p>L\u2019enseigne de mode, pr\u00e9sente dans plus de trente pays, fait travailler plus de 170\u00a0000 personnes dans le monde, et compte plus d\u2019une centaine de magasins en France, dont neuf en Occitanie (et d\u00e9j\u00e0 cinq, dans et autour de Toulouse). Celui de Lab\u00e8ge, avec ses 2\u00a0200 m\u00b2, illustre la d\u00e9marche de Zara qui ouvre moins de magasins (laissant une part grandissante \u00e0 la vente en ligne) mais s\u2019oriente vers de grandes surfaces, \u00ab\u00a0porte-\u00e9tendard\u00a0\u00bb de la marque.<\/p>\n<p>Le 27\u00a0novembre dernier, c\u2019\u00e9tait d\u00e9j\u00e0 une marque espagnole qui s\u2019installait \u00e0 Lab\u00e8ge 2, le bijoutier <a href=\"https:\/\/miramirajewelry.com\/fr\" target=\"_self\" rel=\"noopener\">Miramira <\/a>y ouvrant sa quatri\u00e8me vitrine de l\u2019agglom\u00e9ration toulousaine. Le groupe Carmila rappelle que \u00ab\u00a0d\u00e9j\u00e0 pr\u00e9sente dans plus de 20 pays et une quinzaine de villes en France, la marque s\u00e9duit par ses cr\u00e9ations tendance et durables. Chaque bijou, con\u00e7u en acier inoxydable finition dor\u00e9e, r\u00e9siste \u00e0 l\u2019eau tout en conservant son \u00e9clat. Miramira propose bagues, colliers, bracelets et boucles d\u2019oreilles, permettant \u00e0 chacun de trouver le cadeau id\u00e9al pour les f\u00eates.\u00a0\u00bb<\/p>\n<p>Miramira, une marque en plein essor<\/p>\n<p>Pour Arnaud Turbe, responsable du d\u00e9veloppement de la marque en France, cette ouverture illustre le fort dynamisme de Miramira, qui comptait \u00ab\u00a04 magasins en France au 1er\u00a0janvier dernier, et qui en proposera 21 \u00e0 la fin d\u00e9cembre. Et nous sommes sur des pr\u00e9visions similaires pour l\u2019ann\u00e9e prochaine\u00a0!\u00a0\u00bb Miramira dispose d\u00e9j\u00e0 de \u00ab\u00a0deux magasins en centre-ville de Toulouse, en a ouvert un \u00e0 Blagnac cet \u00e9t\u00e9, et apr\u00e8s Lab\u00e8ge une ouverture suivra \u00e0 Montauban courant d\u00e9cembre.\u00a0\u00bb Et d\u2019autres sont attendues plus tard \u00e0 Montpellier, N\u00eemes\u2026 La boutique de Lab\u00e8ge comptera trois employ\u00e9s \u00e0 temps plein (plus des extras) pour une surface de 50 m\u00b2.<\/p>\n<p>\u00ab\u00a0Avec ces deux ouvertures, conclut le groupe Carmila, le centre commercial Lab\u00e8ge 2 confirme son dynamisme et offre une exp\u00e9rience shopping riche et inspirante, id\u00e9ale pour pr\u00e9parer les f\u00eates de fin d\u2019ann\u00e9e.\u00a0\u00bb Quelque 400 personnes travaillent chaque jour dans la galerie du centre commercial Lab\u00e8ge 2.<\/p>\n<p>Les deux nouveaux magasins sont situ\u00e9s \u00e0 proximit\u00e9 de l\u2019entr\u00e9e 2 du centre commercial, la plus proche de la future station de m\u00e9tro.<\/p>\n","protected":false},"excerpt":{"rendered":"l&rsquo;essentiel Deux ouvertures concernant des marques espagnoles se succ\u00e8dent dans la galerie commerciale du Carrefour de Lab\u00e8ge (31)&hellip;\n","protected":false},"author":2,"featured_media":592053,"comment_status":"","ping_status":"","sticky":false,"template":"","format":"standard","meta":{"footnotes":""},"categories":[2816],"tags":[1111,11,7227,33,1777,674,1011,27,2722,70511,12,2680,25,2312],"class_list":{"0":"post-592052","1":"post","2":"type-post","3":"status-publish","4":"format-standard","5":"has-post-thumbnail","7":"category-toulouse","8":"tag-actu","9":"tag-actualites","10":"tag-commerces","11":"tag-economie","12":"tag-eu","13":"tag-europe","14":"tag-fr","15":"tag-france","16":"tag-haute-garonne","17":"tag-labege","18":"tag-news","19":"tag-occitanie","20":"tag-republique-francaise","21":"tag-toulouse"},"share_on_mastodon":{"url":"https:\/\/pubeurope.com\/@fr\/115699074210789510","error":""},"_links":{"self":[{"href":"https:\/\/www.europesays.com\/fr\/wp-json\/wp\/v2\/posts\/592052","targetHints":{"allow":["GET"]}}],"collection":[{"href":"https:\/\/www.europesays.com\/fr\/wp-json\/wp\/v2\/posts"}],"about":[{"href":"https:\/\/www.europesays.com\/fr\/wp-json\/wp\/v2\/types\/post"}],"author":[{"embeddable":true,"href":"https:\/\/www.europesays.com\/fr\/wp-json\/wp\/v2\/users\/2"}],"replies":[{"embeddable":true,"href":"https:\/\/www.europesays.com\/fr\/wp-json\/wp\/v2\/comments?post=592052"}],"version-history":[{"count":0,"href":"https:\/\/www.europesays.com\/fr\/wp-json\/wp\/v2\/posts\/592052\/revisions"}],"wp:featuredmedia":[{"embeddable":true,"href":"https:\/\/www.europesays.com\/fr\/wp-json\/wp\/v2\/media\/592053"}],"wp:attachment":[{"href":"https:\/\/www.europesays.com\/fr\/wp-json\/wp\/v2\/media?parent=592052"}],"wp:term":[{"taxonomy":"category","embeddable":true,"href":"https:\/\/www.europesays.com\/fr\/wp-json\/wp\/v2\/categories?post=592052"},{"taxonomy":"post_tag","embeddable":true,"href":"https:\/\/www.europesays.com\/fr\/wp-json\/wp\/v2\/tags?post=592052"}],"curies":[{"name":"wp","href":"https:\/\/api.w.org\/{rel}","templated":true}]}}