{"id":592061,"date":"2025-12-11T04:42:19","date_gmt":"2025-12-11T04:42:19","guid":{"rendered":"https:\/\/www.europesays.com\/fr\/592061\/"},"modified":"2025-12-11T04:42:19","modified_gmt":"2025-12-11T04:42:19","slug":"plus-de-2-millions-de-visiteurs-pour-la-fete-des-lumieres-2025","status":"publish","type":"post","link":"https:\/\/www.europesays.com\/fr\/592061\/","title":{"rendered":"Plus de 2 millions de visiteurs pour la F\u00eate des Lumi\u00e8res 2025 :"},"content":{"rendered":"<p itemprop=\"description\"><strong>Deux jours apr\u00e8s la fin de la F\u00eate des Lumi\u00e8res \u00e0 Lyon, un premier bilan a \u00e9t\u00e9 dress\u00e9 ce mercredi.<\/strong><\/p>\n<p>Plus de 2 millions de visiteurs ont fr\u00e9quent\u00e9 les rues de la Capitale des Gaules pour d\u00e9couvrir les 23 \u0153uvres pr\u00e9sent\u00e9es dans vingt lieux embl\u00e9matiques. \u00ab\u00a0L&rsquo;\u00e9dition 2025 a su s\u2019inscrire comme un rendez-vous incontournable\u00a0\u00bb, peut-on lire dans un communiqu\u00e9.<\/p>\n<p>Cette fr\u00e9quentation soutenue se traduit par un taux d\u2019occupation h\u00f4telier en hausse. \u00ab\u00a0La semaine du 1er au 8 d\u00e9cembre enregistre \u00e0 ce jour un taux d\u2019occupation h\u00f4telier de 83,3%, soit une hausse de 5% par rapport \u00e0 2024. Le week-end affiche \u00e9galement de belles performances, avec un samedi \u00e0 93% et un dimanche \u00e0 62%\u00a0\u00bb, indique le bilan communiqu\u00e9 ce mercredi.<\/p>\n<p>La F\u00eate des Lumi\u00e8res a \u00e9galement confirm\u00e9 son rayonnement num\u00e9rique avec une forte progression sur les r\u00e9seaux sociaux : 12 millions de vues via les r\u00e9seaux sociaux de la Ville de Lyon et de la F\u00eate des Lumi\u00e8res contre 8,6 millions en 2024.<\/p>\n<p>A noter que cette ann\u00e9e, les Lumignons du C\u0153ur ont permis de collecter 53 500 \u20ac au profit de l\u2019association SINGA Lyon, engag\u00e9e pour favoriser l\u2019inclusion sociale des personnes nouvellement arriv\u00e9es sur le territoire.<\/p>\n","protected":false},"excerpt":{"rendered":"Deux jours apr\u00e8s la fin de la F\u00eate des Lumi\u00e8res \u00e0 Lyon, un premier bilan a \u00e9t\u00e9 dress\u00e9&hellip;\n","protected":false},"author":2,"featured_media":592062,"comment_status":"","ping_status":"","sticky":false,"template":"","format":"standard","meta":{"footnotes":""},"categories":[1889],"tags":[1111,11,2813,2190,2430,1109,251,1112,2811,1777,674,118,1011,27,1922,1110,1114,2428,2810,12,241,316,25,2812,517,800],"class_list":{"0":"post-592061","1":"post","2":"type-post","3":"status-publish","4":"format-standard","5":"has-post-thumbnail","7":"category-lyon","8":"tag-actu","9":"tag-actualites","10":"tag-article","11":"tag-asvel","12":"tag-auvergne-rhone-alpes","13":"tag-breves","14":"tag-culture","15":"tag-depeches","16":"tag-economique","17":"tag-eu","18":"tag-europe","19":"tag-faits-divers","20":"tag-fr","21":"tag-france","22":"tag-info","23":"tag-informations","24":"tag-infos","25":"tag-lyon","26":"tag-lyonmag","27":"tag-news","28":"tag-ol","29":"tag-politique","30":"tag-republique-francaise","31":"tag-sociale","32":"tag-sport","33":"tag-transports"},"share_on_mastodon":{"url":"https:\/\/pubeurope.com\/@fr\/115699105402488919","error":""},"_links":{"self":[{"href":"https:\/\/www.europesays.com\/fr\/wp-json\/wp\/v2\/posts\/592061","targetHints":{"allow":["GET"]}}],"collection":[{"href":"https:\/\/www.europesays.com\/fr\/wp-json\/wp\/v2\/posts"}],"about":[{"href":"https:\/\/www.europesays.com\/fr\/wp-json\/wp\/v2\/types\/post"}],"author":[{"embeddable":true,"href":"https:\/\/www.europesays.com\/fr\/wp-json\/wp\/v2\/users\/2"}],"replies":[{"embeddable":true,"href":"https:\/\/www.europesays.com\/fr\/wp-json\/wp\/v2\/comments?post=592061"}],"version-history":[{"count":0,"href":"https:\/\/www.europesays.com\/fr\/wp-json\/wp\/v2\/posts\/592061\/revisions"}],"wp:featuredmedia":[{"embeddable":true,"href":"https:\/\/www.europesays.com\/fr\/wp-json\/wp\/v2\/media\/592062"}],"wp:attachment":[{"href":"https:\/\/www.europesays.com\/fr\/wp-json\/wp\/v2\/media?parent=592061"}],"wp:term":[{"taxonomy":"category","embeddable":true,"href":"https:\/\/www.europesays.com\/fr\/wp-json\/wp\/v2\/categories?post=592061"},{"taxonomy":"post_tag","embeddable":true,"href":"https:\/\/www.europesays.com\/fr\/wp-json\/wp\/v2\/tags?post=592061"}],"curies":[{"name":"wp","href":"https:\/\/api.w.org\/{rel}","templated":true}]}}