{"id":592063,"date":"2025-12-11T04:44:16","date_gmt":"2025-12-11T04:44:16","guid":{"rendered":"https:\/\/www.europesays.com\/fr\/592063\/"},"modified":"2025-12-11T04:44:16","modified_gmt":"2025-12-11T04:44:16","slug":"ligue-des-champions-feminine-lyon-vainqueur-de-manchester-united-proche-de-la-qualification","status":"publish","type":"post","link":"https:\/\/www.europesays.com\/fr\/592063\/","title":{"rendered":"Ligue des champions f\u00e9minine: Lyon vainqueur de Manchester United, proche de la qualification"},"content":{"rendered":"<p class=\"mb-4 text-lg md:leading-8 break-words\">Lyon, avec un doubl\u00e9 de Melchie Dumornay, s&rsquo;est rapproch\u00e9 de la qualification directe pour les quarts de finale de la Ligue des champions f\u00e9minine apr\u00e8s sa victoire mercredi sur le terrain de Manchester United (3-0) lors de la 5e journ\u00e9e de la phase de ligue.<\/p>\n<p class=\"mb-4 text-lg md:leading-8 break-words\">Les Lyonnaises, toujours invaincues, sont deuxi\u00e8mes derri\u00e8re le FC Barcelone \u00e0 la diff\u00e9rence de buts (+15 contre +9). Elles ont trois longueurs d&rsquo;avance sur un trio compos\u00e9 par le Bayern Munich, le Real Madrid et la Juventus qui se disputent le quatri\u00e8me rang.<\/p>\n<p class=\"mb-4 text-lg md:leading-8 break-words\">Apr\u00e8s quatre victoires et un nul, elles recevront l&rsquo;Atletico Madrid (11e) le 17 d\u00e9cembre pour valider d\u00e9finitivement leur place parmi les quatre premi\u00e8res du classement.<\/p>\n<p class=\"mb-4 text-lg md:leading-8 break-words\">Tabitha Chawinga a ouvert la marque d\u00e8s la 12e minute. Elle a repris de la t\u00eate un centre d\u00e9livr\u00e9 par Selma Bacha pour donner l&rsquo;avantage \u00e0 son \u00e9quipe.<\/p>\n<p class=\"mb-4 text-lg md:leading-8 break-words\">En fin de partie, Melchie Dumornay a d\u00e9finitivement lib\u00e9r\u00e9 Lyon d&rsquo;un magnifique tir du droit dans la lucarne pour porter le score \u00e0 2-0 (81) avant de r\u00e9aliser un doubl\u00e9 en reprenant un centre de Diani pour placer le ballon, l\u00e0 encore dans la lucarne (90).<\/p>\n<p class=\"mb-4 text-lg md:leading-8 break-words\">Dans l&rsquo;ensemble, les Lyonnaises ont eu le contr\u00f4le du match sans \u00eatre vraiment inqui\u00e9t\u00e9es mais n&rsquo;ont pu se d\u00e9tacher au score que tardivement en raison de nombreuses approximations dans la phase de d\u00e9cision offensive.<\/p>\n<p class=\"mb-4 text-lg md:leading-8 break-words\">fjt\/cpb\/<\/p>\n","protected":false},"excerpt":{"rendered":"Lyon, avec un doubl\u00e9 de Melchie Dumornay, s&rsquo;est rapproch\u00e9 de la qualification directe pour les quarts de finale&hellip;\n","protected":false},"author":2,"featured_media":592064,"comment_status":"","ping_status":"","sticky":false,"template":"","format":"standard","meta":{"footnotes":""},"categories":[1889],"tags":[1111,11,2430,4782,70513,1777,674,4669,1011,27,7153,2428,70512,3225,15364,12,4790,25,15372],"class_list":{"0":"post-592063","1":"post","2":"type-post","3":"status-publish","4":"format-standard","5":"has-post-thumbnail","7":"category-lyon","8":"tag-actu","9":"tag-actualites","10":"tag-auvergne-rhone-alpes","11":"tag-bayern-munich","12":"tag-diani","13":"tag-eu","14":"tag-europe","15":"tag-fin-de-partie","16":"tag-fr","17":"tag-france","18":"tag-juventus","19":"tag-lyon","20":"tag-lyonnaises","21":"tag-manchester-united","22":"tag-melchie-dumornay","23":"tag-news","24":"tag-real-madrid","25":"tag-republique-francaise","26":"tag-selma-bacha"},"share_on_mastodon":{"url":"https:\/\/pubeurope.com\/@fr\/115699113207237969","error":""},"_links":{"self":[{"href":"https:\/\/www.europesays.com\/fr\/wp-json\/wp\/v2\/posts\/592063","targetHints":{"allow":["GET"]}}],"collection":[{"href":"https:\/\/www.europesays.com\/fr\/wp-json\/wp\/v2\/posts"}],"about":[{"href":"https:\/\/www.europesays.com\/fr\/wp-json\/wp\/v2\/types\/post"}],"author":[{"embeddable":true,"href":"https:\/\/www.europesays.com\/fr\/wp-json\/wp\/v2\/users\/2"}],"replies":[{"embeddable":true,"href":"https:\/\/www.europesays.com\/fr\/wp-json\/wp\/v2\/comments?post=592063"}],"version-history":[{"count":0,"href":"https:\/\/www.europesays.com\/fr\/wp-json\/wp\/v2\/posts\/592063\/revisions"}],"wp:featuredmedia":[{"embeddable":true,"href":"https:\/\/www.europesays.com\/fr\/wp-json\/wp\/v2\/media\/592064"}],"wp:attachment":[{"href":"https:\/\/www.europesays.com\/fr\/wp-json\/wp\/v2\/media?parent=592063"}],"wp:term":[{"taxonomy":"category","embeddable":true,"href":"https:\/\/www.europesays.com\/fr\/wp-json\/wp\/v2\/categories?post=592063"},{"taxonomy":"post_tag","embeddable":true,"href":"https:\/\/www.europesays.com\/fr\/wp-json\/wp\/v2\/tags?post=592063"}],"curies":[{"name":"wp","href":"https:\/\/api.w.org\/{rel}","templated":true}]}}