{"id":592065,"date":"2025-12-11T04:46:35","date_gmt":"2025-12-11T04:46:35","guid":{"rendered":"https:\/\/www.europesays.com\/fr\/592065\/"},"modified":"2025-12-11T04:46:35","modified_gmt":"2025-12-11T04:46:35","slug":"lile-de-france-deploie-120-structures-labellisees-dici-fin-2025","status":"publish","type":"post","link":"https:\/\/www.europesays.com\/fr\/592065\/","title":{"rendered":"l\u2019\u00cele de France d\u00e9ploie 120 structures labellis\u00e9es d\u2019ici fin 2025"},"content":{"rendered":"<p>Denis Robin, directeur g\u00e9n\u00e9ral de l\u2019Agence r\u00e9gionale de Sant\u00e9 (ARS) \u00cele de France, a lanc\u00e9 ce 10 d\u00e9cembre \u00e0 Juvisy-sur-Orge la premi\u00e8re vague francilienne de cr\u00e9ation de\u00a0<a href=\"https:\/\/www.lemoniteurdespharmacies.fr\/profession\/socio-professionnel\/osys-change-dechelle-en-sappuyant-sur-les-maisons-france-sante\" target=\"_blank\" rel=\"noopener\">Maisons France Sant\u00e9.<\/a> Pr\u00e8s de 120 structures dont des maisons et centres de sant\u00e9, cabinets m\u00e9dicaux regroup\u00e9s et h\u00f4pitaux de proximit\u00e9\u00a0seront labellis\u00e9es dans les prochains jours, en lien avec les pr\u00e9fectures et les conseils d\u00e9partementaux.<\/p>\n<p>Une mont\u00e9e en puissance rapide qui r\u00e9pond \u00e0 une n\u00e9cessit\u00e9. En effet, l\u2019Ile-de-France est l\u2019une des r\u00e9gions o\u00f9 la d\u00e9mographie m\u00e9dicale demeure le plus tendue.<\/p>\n<p>Un label pour rendre l\u2019offre de soins plus lisible<\/p>\n<p><a href=\"https:\/\/www.lemoniteurdespharmacies.fr\/profession\/interpro\/sebastien-lecornu-promet-5-000-maisons-france-sante-dici-2027\" target=\"_blank\" rel=\"noopener\">Con\u00e7u sur le mod\u00e8le des maisons France Service, <\/a>France Sant\u00e9 veut permettre \u00e0 chaque patient d\u2019obtenir un rendez-vous m\u00e9dical sous 48 heures si la situation l\u2019exige. Le label repose sur un socle clair : pr\u00e9sence d\u2019un g\u00e9n\u00e9raliste, pr\u00e9sence ou proximit\u00e9 d\u2019un infirmier, ouverture cinq jours par semaine, tarifs opposables et possibilit\u00e9 d\u2019accueillir des soins non programm\u00e9s.<\/p>\n<p>En \u00cele-de-France, la majorit\u00e9 des structures labellis\u00e9es existent d\u00e9j\u00e0. Le dispositif peut toutefois int\u00e9grer d\u2019autres lieux de recours : consultations solidaires, consultations avanc\u00e9es hospitali\u00e8res, officines \u00e9quip\u00e9es d\u2019une t\u00e9l\u00e9cabine, m\u00e9dibus. L\u2019id\u00e9e est d\u2019englober toutes les solutions d\u00e9j\u00e0 pr\u00e9sentes sur le terrain et capables d\u2019assurer un acc\u00e8s minimal aux soins.<\/p>\n<p>Un r\u00e9seau appel\u00e9 \u00e0 s\u2019\u00e9tendre rapidement<\/p>\n<p>L<a href=\"https:\/\/www.lemoniteurdespharmacies.fr\/profession\/socio-professionnel\/inspections-en-pharmacie-les-ars-appliqueront-elles-des-sanctions-plus-lourdes\" target=\"_blank\" rel=\"noopener\">e pilotage conjoint des ARS, pr\u00e9fets, conseils d\u00e9partementaux et Caisse primaire de l\u2019Assurance maladie (CPAM) <\/a>doit permettre \u00e0 chaque d\u00e9partement de compter une quinzaine de structures d\u2019ici fin 2025. En 2026, 130 millions d\u2019euros seront mobilis\u00e9s pour faire fonctionner le r\u00e9seau, avec l\u2019objectif de 2 000 structures labellis\u00e9es \u00e0 la mi 2026.<\/p>\n<p>Les premi\u00e8res structures franciliennes acc\u00e9deront en priorit\u00e9 au conventionnement \u00ab France Sant\u00e9 \u00bb pr\u00e9vu en 2026, assorti d\u2019un financement moyen de 50 000 euros pour renforcer les \u00e9quipes, moderniser les \u00e9quipements ou soutenir des innovations organisationnelles.<\/p>\n<p>Une inauguration charg\u00e9e de symboles<\/p>\n<p>La maison de sant\u00e9 pluriprofessionnelle de Juvisy-sur-Orge a accueilli le lancement francilien du dyspositif France Sant\u00e9, en pr\u00e9sence de la pr\u00e9f\u00e8te de l\u2019Essonne Fabienne Balussou, de Cendrine Chaumont, du maire Lamia Bensarda Reda et d\u2019Albert Lautman, directeur g\u00e9n\u00e9ral de la CPAM de l\u2019Essonne.<br \/>Les conventions de labellisation sign\u00e9es dans la foul\u00e9e ouvriront la voie \u00e0 un d\u00e9ploiement acc\u00e9l\u00e9r\u00e9 sur l\u2019ensemble de la r\u00e9gion.<\/p>\n","protected":false},"excerpt":{"rendered":"Denis Robin, directeur g\u00e9n\u00e9ral de l\u2019Agence r\u00e9gionale de Sant\u00e9 (ARS) \u00cele de France, a lanc\u00e9 ce 10 d\u00e9cembre&hellip;\n","protected":false},"author":2,"featured_media":592066,"comment_status":"","ping_status":"","sticky":false,"template":"","format":"standard","meta":{"footnotes":""},"categories":[1592],"tags":[1111,11,1777,674,1011,27,662,70514,12,626,5794,25,5699],"class_list":{"0":"post-592065","1":"post","2":"type-post","3":"status-publish","4":"format-standard","5":"has-post-thumbnail","7":"category-ile-de-france","8":"tag-actu","9":"tag-actualites","10":"tag-eu","11":"tag-europe","12":"tag-fr","13":"tag-france","14":"tag-ile-de-france","15":"tag-loi-de-financement-de-la-securite-sociale-lfss-plfss","16":"tag-news","17":"tag-paris","18":"tag-politiques-de-sante","19":"tag-republique-francaise","20":"tag-sante-publique"},"share_on_mastodon":{"url":"https:\/\/pubeurope.com\/@fr\/115699121106299319","error":""},"_links":{"self":[{"href":"https:\/\/www.europesays.com\/fr\/wp-json\/wp\/v2\/posts\/592065","targetHints":{"allow":["GET"]}}],"collection":[{"href":"https:\/\/www.europesays.com\/fr\/wp-json\/wp\/v2\/posts"}],"about":[{"href":"https:\/\/www.europesays.com\/fr\/wp-json\/wp\/v2\/types\/post"}],"author":[{"embeddable":true,"href":"https:\/\/www.europesays.com\/fr\/wp-json\/wp\/v2\/users\/2"}],"replies":[{"embeddable":true,"href":"https:\/\/www.europesays.com\/fr\/wp-json\/wp\/v2\/comments?post=592065"}],"version-history":[{"count":0,"href":"https:\/\/www.europesays.com\/fr\/wp-json\/wp\/v2\/posts\/592065\/revisions"}],"wp:featuredmedia":[{"embeddable":true,"href":"https:\/\/www.europesays.com\/fr\/wp-json\/wp\/v2\/media\/592066"}],"wp:attachment":[{"href":"https:\/\/www.europesays.com\/fr\/wp-json\/wp\/v2\/media?parent=592065"}],"wp:term":[{"taxonomy":"category","embeddable":true,"href":"https:\/\/www.europesays.com\/fr\/wp-json\/wp\/v2\/categories?post=592065"},{"taxonomy":"post_tag","embeddable":true,"href":"https:\/\/www.europesays.com\/fr\/wp-json\/wp\/v2\/tags?post=592065"}],"curies":[{"name":"wp","href":"https:\/\/api.w.org\/{rel}","templated":true}]}}