{"id":592069,"date":"2025-12-11T04:49:20","date_gmt":"2025-12-11T04:49:20","guid":{"rendered":"https:\/\/www.europesays.com\/fr\/592069\/"},"modified":"2025-12-11T04:49:20","modified_gmt":"2025-12-11T04:49:20","slug":"aeroports-de-paris-plus-de-8-milliards-deuros-dinvestissements-pour-accueillir-encore-plus-de-voyageurs","status":"publish","type":"post","link":"https:\/\/www.europesays.com\/fr\/592069\/","title":{"rendered":"A\u00e9roports de Paris : Plus de 8 milliards d\u2019euros d\u2019investissements pour accueillir encore plus de voyageurs"},"content":{"rendered":"<p class=\"mb-4 text-lg md:leading-8 break-words\"><strong>aviation &#8211; Les a\u00e9roports parisiens souhaitent s\u2019adapter \u00e0 la croissance pr\u00e9vue du trafic a\u00e9rien avec un plan massif d\u2019investissements<\/strong><\/p>\n<p class=\"mb-4 text-lg md:leading-8 break-words\">De grands travaux en perspective. D\u00e9molition de terminaux, construction ou transformation d\u2019autres b\u00e2timents, gare agrandie\u2026 Les <a href=\"https:\/\/www.20minutes.fr\/dossier\/aeroports_de_paris?at_medium=RSS%20feed&amp;at_campaign=ynews&amp;utm_source=yahoo&amp;utm_medium=rss&amp;utm_campaign=news_feed&amp;utm_content=in_article_link\" rel=\"nofollow noopener\" target=\"_blank\" data-ylk=\"slk:a\u00e9roports;elm:context_link;itc:0;sec:content-canvas\" class=\"link \">a\u00e9roports <\/a>parisiens souhaitent s\u2019adapter \u00e0 la croissance pr\u00e9vue du trafic a\u00e9rien, avec un plan pr\u00e9vu \u00e0 8,4\u00a0milliards d\u2019euros divulgu\u00e9 mercredi. Le gestionnaire de ces installations, le Groupe ADP (ex-A\u00e9roports de Paris) d\u00e9fend des \u00ab\u00a0investissements historiques\u00a0\u00bb, n\u00e9cessaires afin de pr\u00e9server la comp\u00e9titivit\u00e9 de <a href=\"https:\/\/www.20minutes.fr\/dossier\/aeroport_roissy_charles_de_gaulle?at_medium=RSS%20feed&amp;at_campaign=ynews&amp;utm_source=yahoo&amp;utm_medium=rss&amp;utm_campaign=news_feed&amp;utm_content=in_article_link\" rel=\"nofollow noopener\" target=\"_blank\" data-ylk=\"slk:Paris-Charles-de-Gaulle;elm:context_link;itc:0;sec:content-canvas\" class=\"link \">Paris-Charles-de-Gaulle<\/a> (CDG) et <a href=\"https:\/\/www.20minutes.fr\/dossier\/orly?at_medium=RSS%20feed&amp;at_campaign=ynews&amp;utm_source=yahoo&amp;utm_medium=rss&amp;utm_campaign=news_feed&amp;utm_content=in_article_link\" rel=\"nofollow noopener\" target=\"_blank\" data-ylk=\"slk:Orly;elm:context_link;itc:0;sec:content-canvas\" class=\"link \">Orly <\/a>face \u00e0 la concurrence \u00e9trang\u00e8re et la qualit\u00e9 des services rendus aux compagnies a\u00e9riennes et \u00e0 leurs clients.<\/p>\n<p>Augmentation des tarifs<\/p>\n<p class=\"mb-4 text-lg md:leading-8 break-words\">La proposition de contrat de r\u00e9gulation \u00e9conomique (CRE) avec l\u2019Etat pour la p\u00e9riode 2027-2034 est un document qui fixe la trajectoire budg\u00e9taire des a\u00e9roports pour le fonctionnement des activit\u00e9s a\u00e9ronautiques, et donc le niveau des redevances acquitt\u00e9es par les compagnies. ADP \u00e9voque une augmentation moyenne des tarifs de 2,6 points de plus que l\u2019inflation chaque ann\u00e9e sur huit ans, assurant qu\u2019ils resteraient ainsi dans la fourchette \u00ab\u00a0basse\u00a0\u00bb de ceux des a\u00e9roports europ\u00e9ens comparables.<\/p>\n<p class=\"mb-4 text-lg md:leading-8 break-words\">Sollicit\u00e9e par l\u2019AFP, la F\u00e9d\u00e9ration nationale de l\u2019aviation et de ses m\u00e9tiers (Fnam), porte-voix des compagnies pr\u00e9sentes en France, a affirm\u00e9 que celles-ci \u00e9taient d\u2019accord sur \u00ab\u00a0la n\u00e9cessit\u00e9 de proc\u00e9der \u00e0 des investissements de nature \u00e0 garantir une bonne qualit\u00e9 de service aux compagnies a\u00e9riennes et leurs passagers\u00a0\u00bb. La n\u00e9gociation du CRE \u00ab\u00a0devra \u00eatre l\u2019occasion de s\u2019assurer que(&#8230;)<\/p>\n<p class=\"mb-4 text-lg md:leading-8 break-words\"><a href=\"https:\/\/www.20minutes.fr\/societe\/4190894-20251210-aeroports-paris-plus-8-milliards-euros-investissements-accueillir-encore-plus-voyageurs?at_medium=RSS%20feed&amp;at_campaign=ynews&amp;utm_source=yahoo&amp;utm_medium=rss&amp;utm_campaign=news_feed&amp;utm_content=read_more_link&quot;\" rel=\"nofollow noopener\" target=\"_blank\" data-ylk=\"slk:Lire la suite sur 20minutes;elm:context_link;itc:0;sec:content-canvas\" class=\"link \">Lire la suite sur 20minutes<\/a><\/p>\n<p>\u00c0 lire aussi :<br \/><a href=\"https:\/\/www.20minutes.fr\/societe\/4190330-20251208-paris-fini-voyageurs-paumes-terminaux-roissy-vont-etre-rebaptises-chiffres?at_medium=RSS%20feed&amp;at_campaign=ynews&amp;utm_source=yahoo&amp;utm_medium=rss&amp;utm_campaign=news_feed&amp;utm_content=related_content_link\" rel=\"nofollow noopener\" target=\"_blank\" data-ylk=\"slk:Paris\u00a0: Les terminaux de Roissy vont \u00eatre rebaptis\u00e9s uniquement par des chiffres pour faciliter l\u2019orientation;elm:context_link;itc:0;sec:content-canvas\" class=\"link \">Paris\u00a0: Les terminaux de Roissy vont \u00eatre rebaptis\u00e9s uniquement par des chiffres pour faciliter l\u2019orientation<\/a><br \/><a href=\"https:\/\/www.20minutes.fr\/societe\/4180014-20251018-comment-fait-aeroport-orly-battre-records-frequentation?at_medium=RSS%20feed&amp;at_campaign=ynews&amp;utm_source=yahoo&amp;utm_medium=rss&amp;utm_campaign=news_feed&amp;utm_content=related_content_link\" rel=\"nofollow noopener\" target=\"_blank\" data-ylk=\"slk:Comment fait l\u2019a\u00e9roport d\u2019Orly pour battre des records de fr\u00e9quentation;elm:context_link;itc:0;sec:content-canvas\" class=\"link \">Comment fait l\u2019a\u00e9roport d\u2019Orly pour battre des records de fr\u00e9quentation<\/a><\/p>\n","protected":false},"excerpt":{"rendered":"aviation &#8211; Les a\u00e9roports parisiens souhaitent s\u2019adapter \u00e0 la croissance pr\u00e9vue du trafic a\u00e9rien avec un plan massif&hellip;\n","protected":false},"author":2,"featured_media":592070,"comment_status":"","ping_status":"","sticky":false,"template":"","format":"standard","meta":{"footnotes":""},"categories":[1888],"tags":[1111,1928,11,1927,17318,1777,674,1011,27,2554,12,1926,626,1925,59665,70515,25,36161],"class_list":{"0":"post-592069","1":"post","2":"type-post","3":"status-publish","4":"format-standard","5":"has-post-thumbnail","7":"category-paris","8":"tag-actu","9":"tag-actu-paris","10":"tag-actualites","11":"tag-actualites-paris","12":"tag-compagnies-aeriennes","13":"tag-eu","14":"tag-europe","15":"tag-fr","16":"tag-france","17":"tag-investissements","18":"tag-news","19":"tag-news-paris","20":"tag-paris","21":"tag-paris-news","22":"tag-qualite-de-service","23":"tag-qualite-des-services","24":"tag-republique-francaise","25":"tag-trafic-aerien"},"share_on_mastodon":{"url":"https:\/\/pubeurope.com\/@fr\/115699133596795158","error":""},"_links":{"self":[{"href":"https:\/\/www.europesays.com\/fr\/wp-json\/wp\/v2\/posts\/592069","targetHints":{"allow":["GET"]}}],"collection":[{"href":"https:\/\/www.europesays.com\/fr\/wp-json\/wp\/v2\/posts"}],"about":[{"href":"https:\/\/www.europesays.com\/fr\/wp-json\/wp\/v2\/types\/post"}],"author":[{"embeddable":true,"href":"https:\/\/www.europesays.com\/fr\/wp-json\/wp\/v2\/users\/2"}],"replies":[{"embeddable":true,"href":"https:\/\/www.europesays.com\/fr\/wp-json\/wp\/v2\/comments?post=592069"}],"version-history":[{"count":0,"href":"https:\/\/www.europesays.com\/fr\/wp-json\/wp\/v2\/posts\/592069\/revisions"}],"wp:featuredmedia":[{"embeddable":true,"href":"https:\/\/www.europesays.com\/fr\/wp-json\/wp\/v2\/media\/592070"}],"wp:attachment":[{"href":"https:\/\/www.europesays.com\/fr\/wp-json\/wp\/v2\/media?parent=592069"}],"wp:term":[{"taxonomy":"category","embeddable":true,"href":"https:\/\/www.europesays.com\/fr\/wp-json\/wp\/v2\/categories?post=592069"},{"taxonomy":"post_tag","embeddable":true,"href":"https:\/\/www.europesays.com\/fr\/wp-json\/wp\/v2\/tags?post=592069"}],"curies":[{"name":"wp","href":"https:\/\/api.w.org\/{rel}","templated":true}]}}