{"id":592077,"date":"2025-12-11T04:53:14","date_gmt":"2025-12-11T04:53:14","guid":{"rendered":"https:\/\/www.europesays.com\/fr\/592077\/"},"modified":"2025-12-11T04:53:14","modified_gmt":"2025-12-11T04:53:14","slug":"kiev-a-remis-a-washington-sa-derniere-version-du-plan-pour-mettre-fin-a-la-guerre","status":"publish","type":"post","link":"https:\/\/www.europesays.com\/fr\/592077\/","title":{"rendered":"Kiev a remis \u00e0 Washington sa derni\u00e8re version du plan pour mettre fin \u00e0 la guerre"},"content":{"rendered":"\n<p>Une r\u00e9ponse \u201cpoint par point\u201d. L\u2019Ukraine a remis mercredi 10\u00a0d\u00e9cembre sa version mise \u00e0 jour du plan de paix am\u00e9ricain, <a class=\"ithalc\" data-ithal=\"lien_externe\" data-ithalc=\"[nav_article]\" target=\"_blank\" href=\"https:\/\/www.axios.com\/2025\/12\/10\/ukraine-response-peace-plan-trump-kushner\" rel=\"noopener\">rapporte <strong>Axios<\/strong><\/a>. Selon le site, c\u2019est Jared Kushner, le gendre de Donald Trump qui a r\u00e9ceptionn\u00e9 la r\u00e9ponse ukrainienne envoy\u00e9e par le conseiller \u00e0 la s\u00e9curit\u00e9 nationale et principal n\u00e9gociateur de Zelensky, Rustem Umerov.<\/p>\n<p>Un responsable ukrainien a indiqu\u00e9 \u00e0 Axios que le plan \u2013 r\u00e9vis\u00e9 apr\u00e8s plusieurs jours de consultations avec les alli\u00e9s europ\u00e9ens de Kiev \u2013, \u201ccomportait des observations et des propositions d\u2019amendements \u2019afin de rendre l\u2019ensemble r\u00e9alisable\u2019\u201d. Il a pr\u00e9cis\u00e9 que la r\u00e9ponse ukrainienne contenait de \u201cnouvelles id\u00e9es pour r\u00e9soudre des points de blocage tels que les questions territoriales et la centrale nucl\u00e9aire de Zaporijjia\u201d.<\/p>\n<p>La proposition am\u00e9ricaine initiale pr\u00e9voyait notamment de c\u00e9der \u00e0 la Russie des territoires ukrainiens qu\u2019elle n\u2019a pas encore conquis, et a \u00e9t\u00e9 jug\u00e9e par Kiev et ses alli\u00e9s europ\u00e9ens comme particuli\u00e8rement favorable \u00e0 Moscou.<\/p>\n<p>                             Trump invit\u00e9 en Europe       <\/p>\n<p>L\u2019annonce de l\u2019envoi du document r\u00e9vis\u00e9 est intervenue peu apr\u00e8s un entretien t\u00e9l\u00e9phonique mercredi entre Donald Trump et les trois principaux soutiens europ\u00e9ens de Kiev, Emmanuel Macron, le Premier ministre britannique Keir Starmer et le chancelier allemand Friedrich Merz.<\/p>\n<p>Le pr\u00e9sident am\u00e9ricain a dit avoir eu des \u201cmots assez forts\u201d pendant cet entretien. Il a aussi affirm\u00e9 que les dirigeants europ\u00e9ens l\u2019avaient convi\u00e9 \u00e0 une r\u00e9union sur l\u2019Ukraine qui doit se tenir ce week-end en Europe. Le locataire de la Maison-Blanche a toutefois affirm\u00e9 que la participation am\u00e9ricaine n\u2019\u00e9tait pas acquise. \u201cAvant d\u2019aller \u00e0 une r\u00e9union, il y a des choses que nous voulons savoir\u201d, a-t-il d\u00e9clar\u00e9. \u201cNous allons prendre une d\u00e9cision\u201d \u00e0 propos de cette r\u00e9union, \u201cnous ne voulons pas perdre notre temps\u201d.<\/p>\n<p><a class=\"ithalc\" data-ithal=\"lien_externe\" data-ithalc=\"[nav_article]\" target=\"_blank\" href=\"https:\/\/www.cnn.com\/2025\/12\/10\/politics\/ukraine-response-peace-plan\" rel=\"noopener\">Un diplomate europ\u00e9en au fait des discussions a confi\u00e9 mercredi \u00e0 <strong>CNN<\/strong><\/a> que celles-ci \u201cprogressaient rapidement\u201d malgr\u00e9 la pression et l\u2019impatience persistantes du pr\u00e9sident am\u00e9ricain.<\/p>\n<p><a class=\"ithalc\" data-ithal=\"lien_externe\" data-ithalc=\"[nav_article]\" target=\"_blank\" href=\"https:\/\/www.politico.eu\/article\/donald-trump-still-asset-ukraine-peace-talks-says-uk-top-diplomat\/\" rel=\"noopener\">Dans un entretien accord\u00e9 \u00e0 <strong>Politico<\/strong><\/a>, la ministre des Affaires \u00e9trang\u00e8res britannique Yvette Cooper a affirm\u00e9 que Washington \u00e9tait \u201ctr\u00e8s s\u00e9rieux\u201d quant \u00e0 sa volont\u00e9 de faire progresser les pourparlers de paix. La diplomate a laiss\u00e9 entendre que les \u00c9tats-Unis offriraient des garanties de s\u00e9curit\u00e9 en cas de cessez-le-feu, \u201cun \u00e9l\u00e9ment cl\u00e9 des n\u00e9gociations qui reste jusqu\u2019ici difficile \u00e0 \u00e9tablir\u201d, souligne le magazine. \u201cL\u2019accord ne peut pas simplement permettre \u00e0 Poutine de faire une pause avant de revenir, et je pense que les \u00c9tats-Unis sont tr\u00e8s clairs \u00e0 ce sujet\u201d, a assur\u00e9 la ministre du gouvernement de Keir Starmer.<\/p>\n<p>               La chambre des repr\u00e9sentants s\u2019oppose \u00e0 Trump       <\/p>\n<p>\u00c0 Washington, la Chambre am\u00e9ricaine des repr\u00e9sentants a, de son c\u00f4t\u00e9, adopt\u00e9 mercredi un texte sur la strat\u00e9gie de d\u00e9fense des \u00c9tats-Unis pour 2026\u00a0qui \u201cremet en cause certaines mesures de l\u2019agenda de M. Trump\u201d concernant la s\u00e9curit\u00e9 de l\u2019Europe et de l\u2019Ukraine, <a class=\"ithalc\" data-ithal=\"lien_externe\" data-ithalc=\"[nav_article]\" target=\"_blank\" href=\"https:\/\/www.nytimes.com\/2025\/12\/10\/us\/politics\/house-approves-defense-bill.html\" rel=\"noopener\">note le <strong>New York Times<\/strong>.<\/a> Le projet de loi emp\u00eache notamment le Pentagone de r\u00e9duire le nombre de troupes \u201cstationn\u00e9es en permanence ou d\u00e9ploy\u00e9es\u201d en Europe en dessous de 76\u00a0000 pendant plus de 45 jours, \u201csauf si M. Hegseth et le responsable militaire en chef supervisant le Commandement europ\u00e9en des \u00c9tats-Unis certifient au Congr\u00e8s que cette r\u00e9duction est conforme aux int\u00e9r\u00eats de s\u00e9curit\u00e9 nationale [\u2026] et que les alli\u00e9s de l\u2019Otan ont \u00e9t\u00e9 consult\u00e9s\u201d.<\/p>\n<p>Le texte pr\u00e9voit aussi l\u2019envoi de 400\u00a0millions de dollars d\u2019aide annuelle \u00e0 Kiev pour garantir sa s\u00e9curit\u00e9 pendant deux ans, malgr\u00e9 les pressions de Trump pour y mettre fin.<\/p>\n","protected":false},"excerpt":{"rendered":"Une r\u00e9ponse \u201cpoint par point\u201d. L\u2019Ukraine a remis mercredi 10\u00a0d\u00e9cembre sa version mise \u00e0 jour du plan de&hellip;\n","protected":false},"author":2,"featured_media":592078,"comment_status":"","ping_status":"","sticky":false,"template":"","format":"standard","meta":{"footnotes":""},"categories":[1590],"tags":[11,3822,75,1777,674,1892,131,12,4409,770,220,2475,134],"class_list":{"0":"post-592077","1":"post","2":"type-post","3":"status-publish","4":"format-standard","5":"has-post-thumbnail","7":"category-ukraine","8":"tag-actualites","9":"tag-amu00e9riques","10":"tag-donald-trump","11":"tag-eu","12":"tag-europe","13":"tag-gu00e9opolitique","14":"tag-guerre-en-ukraine","15":"tag-news","16":"tag-ru00e9veil","17":"tag-u00e9tats-unis","18":"tag-ukraine","19":"tag-union-europu00e9enne","20":"tag-volodymyr-zelensky"},"share_on_mastodon":{"url":"https:\/\/pubeurope.com\/@fr\/115699148965381933","error":""},"_links":{"self":[{"href":"https:\/\/www.europesays.com\/fr\/wp-json\/wp\/v2\/posts\/592077","targetHints":{"allow":["GET"]}}],"collection":[{"href":"https:\/\/www.europesays.com\/fr\/wp-json\/wp\/v2\/posts"}],"about":[{"href":"https:\/\/www.europesays.com\/fr\/wp-json\/wp\/v2\/types\/post"}],"author":[{"embeddable":true,"href":"https:\/\/www.europesays.com\/fr\/wp-json\/wp\/v2\/users\/2"}],"replies":[{"embeddable":true,"href":"https:\/\/www.europesays.com\/fr\/wp-json\/wp\/v2\/comments?post=592077"}],"version-history":[{"count":0,"href":"https:\/\/www.europesays.com\/fr\/wp-json\/wp\/v2\/posts\/592077\/revisions"}],"wp:featuredmedia":[{"embeddable":true,"href":"https:\/\/www.europesays.com\/fr\/wp-json\/wp\/v2\/media\/592078"}],"wp:attachment":[{"href":"https:\/\/www.europesays.com\/fr\/wp-json\/wp\/v2\/media?parent=592077"}],"wp:term":[{"taxonomy":"category","embeddable":true,"href":"https:\/\/www.europesays.com\/fr\/wp-json\/wp\/v2\/categories?post=592077"},{"taxonomy":"post_tag","embeddable":true,"href":"https:\/\/www.europesays.com\/fr\/wp-json\/wp\/v2\/tags?post=592077"}],"curies":[{"name":"wp","href":"https:\/\/api.w.org\/{rel}","templated":true}]}}