{"id":592079,"date":"2025-12-11T04:54:19","date_gmt":"2025-12-11T04:54:19","guid":{"rendered":"https:\/\/www.europesays.com\/fr\/592079\/"},"modified":"2025-12-11T04:54:19","modified_gmt":"2025-12-11T04:54:19","slug":"les-etats-unis-saisissent-un-petrolier-au-large-du-venezuela","status":"publish","type":"post","link":"https:\/\/www.europesays.com\/fr\/592079\/","title":{"rendered":"Les Etats-Unis saisissent un p\u00e9trolier au large du Venezuela"},"content":{"rendered":"<p>Donald Trump a annonc\u00e9 mercredi que les Etats-Unis avaient saisi un p\u00e9trolier au large du Venezuela, une mani\u00e8re de faire grimper encore la tension avec Caracas, qui d\u00e9nonce un \u00ab\u00a0acte de piraterie internationale\u00a0\u00bb. Le p\u00e9trole v\u00e9n\u00e9zu\u00e9lien est soumis \u00e0 un embargo depuis 2019.<\/p>\n<p>\u00ab\u00a0Nous venons tout juste de saisir un p\u00e9trolier au large du Venezuela, un grand p\u00e9trolier, tr\u00e8s grand, le plus grand jamais saisi\u00a0\u00bb, a affirm\u00e9 le pr\u00e9sident am\u00e9ricain \u00e0 des journalistes \u00e0 la Maison Blanche.<\/p>\n<p>Il n&rsquo;a pas donn\u00e9 de d\u00e9tails sur le navire, son propri\u00e9taire ou sa destination. \u00ab\u00a0Il a \u00e9t\u00e9 saisi pour de tr\u00e8s bonnes raisons\u00a0\u00bb, a-t-il seulement ajout\u00e9, en pr\u00e9cisant que les Etats-Unis comptaient garder la cargaison.<\/p>\n<p>La pression am\u00e9ricaine<\/p>\n<p>Le gouvernement am\u00e9ricain multiplie les mesures, \u00e9conomiques et militaires, pour accro\u00eetre encore plus la pression sur le dirigeant socialiste v\u00e9n\u00e9zu\u00e9lien Nicolas Maduro. Donald Trump a estim\u00e9 que les jours de ce dernier \u00e9taient \u00ab\u00a0compt\u00e9s\u00a0\u00bb dans un r\u00e9cent entretien avec le site Politico.<\/p>\n<p><strong class=\"inline-title\">&gt;&gt; A \u00e9couter \u00e9galement\u00a0: <\/strong><a href=\"https:\/\/www.rts.ch\/audio-podcast\/2025\/audio\/pourquoi-les-etats-unis-font-ils-des-etincelles-au-large-du-venezuela-28988299.html\" data-item-id=\"richtext_link\" target=\"_blank\" rel=\"noopener\">Pourquoi les Etats-Unis font-ils des \u00e9tincelles au large du Venezuela?<\/a><\/p>\n<p>Washington a d\u00e9ploy\u00e9 un important dispositif militaire dans les Cara\u00efbes depuis cet \u00e9t\u00e9. Mais la saisie du p\u00e9trolier constitue une premi\u00e8re dans cette crise, alors que les hydrocarbures constituent la principale source de revenus du Venezuela.<\/p>\n<p>Le minist\u00e8re des Affaires \u00e9trang\u00e8res v\u00e9n\u00e9zu\u00e9lien a d\u00e9nonc\u00e9 \u00ab\u00a0avec force ce qui constitue un vol \u00e9hont\u00e9 et un acte de piraterie internationale, annonc\u00e9 publiquement par le pr\u00e9sident des Etats-Unis\u00a0\u00bb, dans un communiqu\u00e9.<\/p>\n<blockquote class=\"rts-quote quote with-image\">\n<p class=\"q-text\">Ce sont des assassins, des pirates, des criminels des mers<\/p>\n<p><img decoding=\"async\" class=\"q-img\" src=\"https:\/\/www.europesays.com\/fr\/wp-content\/uploads\/2025\/12\/2e3oo8-29087278.image\" data-ratio=\"square\"\/>  Diosdado Cabello, ministre v\u00e9n\u00e9zu\u00e9lien de l&rsquo;Int\u00e9rieur <\/p><\/blockquote>\n<p>\u00ab\u00a0Ce sont des assassins, des voleurs, des pirates. Comment s&rsquo;appelle ce film, &lsquo;Pirates des Cara\u00efbes&rsquo;? Eh bien, Jack Sparrow est un h\u00e9ros, ceux-l\u00e0 sont des criminels des mers, des flibustiers, ils ont toujours agi ainsi\u00a0\u00bb, a rench\u00e9ri Diosdado Cabello, le ministre v\u00e9n\u00e9zu\u00e9lien de l&rsquo;Int\u00e9rieur, lors de son passage t\u00e9l\u00e9vis\u00e9 hebdomadaire.<\/p>\n<p>La ministre de la Justice des Etats-Unis, Pam Bondi, a pr\u00e9cis\u00e9 que l&rsquo;op\u00e9ration avait notamment \u00e9t\u00e9 men\u00e9e par le FBI avec le soutien du minist\u00e8re de la D\u00e9fense, diffusant une vid\u00e9o o\u00f9 l&rsquo;on voit des soldats arm\u00e9s d\u00e9barquer d&rsquo;un h\u00e9licopt\u00e8re sur le pont d&rsquo;un navire.<\/p>\n<p>Contenu externe<\/p>\n<p> Ce contenu externe ne peut pas \u00eatre affich\u00e9 car il est susceptible de collecter des donn\u00e9es personnelles. Pour voir ce contenu vous devez autoriser la cat\u00e9gorie <strong>R\u00e9seaux sociaux<\/strong>. <\/p>\n<p> Accepter Plus d&rsquo;info <\/p>\n<p>Cette op\u00e9ration a eu lieu le jour m\u00eame de la c\u00e9r\u00e9monie de remise du Nobel de la paix \u00e0 l&rsquo;opposante v\u00e9n\u00e9zu\u00e9lienne Maria Corina Machado, qui a d\u00e9di\u00e9 son prix \u00e0 Donald Trump.<\/p>\n<p>Lors d&rsquo;un rassemblement mercredi \u00e0 Caracas, Nicolas Maduro a exig\u00e9 la fin de \u00ab\u00a0l&rsquo;interventionnisme ill\u00e9gal et brutal du gouvernement am\u00e9ricain au Venezuela et en Am\u00e9rique latine\u00a0\u00bb, sans faire r\u00e9f\u00e9rence explicitement \u00e0 la confiscation du p\u00e9trolier.<\/p>\n<p class=\"sources\">afp\/lbl<\/p>\n","protected":false},"excerpt":{"rendered":"Donald Trump a annonc\u00e9 mercredi que les Etats-Unis avaient saisi un p\u00e9trolier au large du Venezuela, une mani\u00e8re&hellip;\n","protected":false},"author":2,"featured_media":592080,"comment_status":"","ping_status":"","sticky":false,"template":"","format":"standard","meta":{"footnotes":""},"categories":[1589],"tags":[11,65945,70516,75,6359,44327,62219,73,1866,418,70517,3784,74,12,338,844,316,1864,1865,1863,308,337],"class_list":{"0":"post-592079","1":"post","2":"type-post","3":"status-publish","4":"format-standard","5":"has-post-thumbnail","7":"category-etats-unis","8":"tag-actualites","9":"tag-caracas","10":"tag-diosdado-cabello","11":"tag-donald-trump","12":"tag-economie-et-finances","13":"tag-embargo","14":"tag-energie-et-ressources","15":"tag-etats-unis","16":"tag-etats-unis-damerique","17":"tag-gouvernement","18":"tag-industrie-du-gaz-et-du-petrole","19":"tag-ministre","20":"tag-monde","21":"tag-news","22":"tag-nicolas-maduro","23":"tag-petrole","24":"tag-politique","25":"tag-united-states","26":"tag-united-states-of-america","27":"tag-us","28":"tag-usa","29":"tag-venezuela"},"share_on_mastodon":{"url":"https:\/\/pubeurope.com\/@fr\/115699153498145422","error":""},"_links":{"self":[{"href":"https:\/\/www.europesays.com\/fr\/wp-json\/wp\/v2\/posts\/592079","targetHints":{"allow":["GET"]}}],"collection":[{"href":"https:\/\/www.europesays.com\/fr\/wp-json\/wp\/v2\/posts"}],"about":[{"href":"https:\/\/www.europesays.com\/fr\/wp-json\/wp\/v2\/types\/post"}],"author":[{"embeddable":true,"href":"https:\/\/www.europesays.com\/fr\/wp-json\/wp\/v2\/users\/2"}],"replies":[{"embeddable":true,"href":"https:\/\/www.europesays.com\/fr\/wp-json\/wp\/v2\/comments?post=592079"}],"version-history":[{"count":0,"href":"https:\/\/www.europesays.com\/fr\/wp-json\/wp\/v2\/posts\/592079\/revisions"}],"wp:featuredmedia":[{"embeddable":true,"href":"https:\/\/www.europesays.com\/fr\/wp-json\/wp\/v2\/media\/592080"}],"wp:attachment":[{"href":"https:\/\/www.europesays.com\/fr\/wp-json\/wp\/v2\/media?parent=592079"}],"wp:term":[{"taxonomy":"category","embeddable":true,"href":"https:\/\/www.europesays.com\/fr\/wp-json\/wp\/v2\/categories?post=592079"},{"taxonomy":"post_tag","embeddable":true,"href":"https:\/\/www.europesays.com\/fr\/wp-json\/wp\/v2\/tags?post=592079"}],"curies":[{"name":"wp","href":"https:\/\/api.w.org\/{rel}","templated":true}]}}