{"id":592081,"date":"2025-12-11T04:55:24","date_gmt":"2025-12-11T04:55:24","guid":{"rendered":"https:\/\/www.europesays.com\/fr\/592081\/"},"modified":"2025-12-11T04:55:24","modified_gmt":"2025-12-11T04:55:24","slug":"partout-en-europe-les-capitales-paralysees-par-des-choix-budgetaires-douloureux","status":"publish","type":"post","link":"https:\/\/www.europesays.com\/fr\/592081\/","title":{"rendered":"Partout en Europe, les capitales paralys\u00e9es par des choix budg\u00e9taires douloureux"},"content":{"rendered":"\n<p>Dans un discours prononc\u00e9 au lendemain de la victoire \u00e9crasante du Parti travailliste en juillet 2024, la ministre des Finances britannique Rachel Reeves promettait d\u2019en finir avec la \u201cpr\u00e9varication\u201d et le \u201cchaos\u201d. Mieux, elle s\u2019engageait \u00e0 remettre sur pied les finances publiques d\u2019une \u00e9conomie qui, disait-elle, n\u2019avait pas \u00e9t\u00e9 en si piteux \u00e9tat depuis la fin de la Seconde Guerre mondiale.<\/p>\n<p>\u00c0 la Chambre des communes, le 26\u00a0novembre, <a href=\"https:\/\/www.courrierinternational.com\/article\/politique-au-royaume-uni-un-budget-travailliste-de-la-derniere-chance-rempli-de-hausses-d-impots_237824\" target=\"_blank\" rel=\"noopener\">la chanceli\u00e8re de l\u2019\u00c9chiquier a donn\u00e9 \u00e0 voir l\u2019ab\u00eeme entre ses promesses de mesures \u00e9nergiques<\/a> et la r\u00e9alit\u00e9. Et elle a d\u00fb faire avaler aux m\u00eames \u00e9lecteurs une pilule bien am\u00e8re\u00a0: des hausses d\u2019imp\u00f4t qui ne r\u00e9soudront pas le manque de financement des services publics, dans un contexte \u00e9conomique ralenti o\u00f9 la productivit\u00e9 n\u2019augmente pas.<\/p>\n<p>Petite consolation, le Royaume-Uni n\u2019est pas une exception. Un peu partout en Europe et dans les pays riches, les gouvernements font face \u00e0 des trous d\u2019air brutaux dus \u00e0 des d\u00e9penses qui s\u2019alourdissent, entre <a href=\"https:\/\/www.courrierinternational.com\/grand-format\/infographie-ou-sont-les-territoires-ou-la-population-est-la-plus-agee_228325\" target=\"_blank\" rel=\"noopener\">vieillissement de la population<\/a>, nouvelles <a href=\"https:\/\/www.courrierinternational.com\/article\/opinion-l-europe-se-rearme-et-cela-peut-se-reveler-dangereux_220413\" target=\"_blank\" rel=\"noopener\">menaces pour la s\u00e9curit\u00e9<\/a>, <a href=\"https:\/\/www.courrierinternational.com\/grand-format\/la-crise-climatique-en-europe-inondations-a-l-ouest-chaleur-intense-a-l-est_229933\" target=\"_blank\" rel=\"noopener\">d\u00e9r\u00e8glement climatique<\/a> et hausse des taux d\u2019int\u00e9r\u00eat.<\/p>\n<p> \u201cUn d\u00e9fi \u00e9norme\u201d <\/p>\n<p>Or les \u00e9lectorats l\u2019ont bien montr\u00e9\u00a0: ils ne sont pas pr\u00eats \u00e0 faire ces sacrifices. L\u2019avenir politique de Rachel Reeves est d\u2019ailleurs en suspens, apr\u00e8s le rejet de deux des <\/p>\n<p>  Offres sp\u00e9ciales  Pour lire la suite de cet article, abonnez-vous <\/p>\n<p class=\"paywall-text\">Acc\u00e9dez \u00e0\u00a0l\u2019int\u00e9gralit\u00e9 de\u00a0nos contenus sur le\u00a0site et\u00a0l\u2019application en\u00a0vous abonnant \u00e0\u00a0<strong>l\u2019offre sp\u00e9ciale.<\/strong><\/p>\n<p class=\"price\">D\u00e8s <strong>2,99\u00a0\u20ac<\/strong>\/mois<\/p>\n<p> Sans engagement \u2022 R\u00e9siliable en ligne                             Offres sp\u00e9ciales  <\/p>\n<p class=\"popin-title\"> <strong>Profitez d\u2019un acc\u00e8s illimit\u00e9 (-57%)<\/strong> <\/p>\n<p>    <img loading=\"lazy\" decoding=\"async\" class=\"popin-img\" src=\"https:\/\/www.europesays.com\/fr\/wp-content\/uploads\/2025\/12\/1765428924_319_fe6cca3_upload-1-y50fm5af5abj-pop-in.png\"  alt=\"Image d'illustration pour l'abonnement\" width=\"300\" height=\"250\"\/>    <\/p>\n<p class=\"price\"> 2,99 \u20ac par mois <\/p>\n<p class=\"popin-engagement\">au lieu de 6,99 \u20ac, r\u00e9siliable \u00e0 tout moment<\/p>\n<p>  <a class=\"ithal-element\" href=\"https:\/\/macommande.courrierinternational.com\/account\/create\/CWADIMENS299PRIO\/CW365N3600ADD1FPRIO?marketing=RCWSITEDISPLAY01\" data-model=\"button\" data-ithal=\"popin_offre_speciale\" data-ithalc=\"[cta_abo]\" id=\"click_popin_offre_speciale\" target=\"_blank\" rel=\"noopener\">J\u2019en profite<\/a>             <\/p>\n<p class=\"article-authors\">                         <a href=\"https:\/\/www.courrierinternational.com\/auteur\/delphine-strauss-et-sam-fleming\" target=\"_blank\" rel=\"noopener\">Delphine Strauss et Sam Fleming<\/a>    <\/p>\n<p class=\"article-vo\"><a href=\"https:\/\/www.ft.com\/content\/df74fe61-60c1-447c-bf47-a14c50da0896\" rel=\"noopener\" target=\"_blank\">Lire l\u2019article original<\/a><\/p>\n<p>Source de l\u2019article<\/p>\n<p>   <img decoding=\"async\" class=\"source-logo\" src=\"https:\/\/www.europesays.com\/fr\/wp-content\/uploads\/2025\/10\/deb01c4_1643653574142-financial-times.jpg\"  alt=\"Logo\" loading=\"lazy\" width=\"32\" height=\"32\"\/>  Financial Times  (Londres)       <\/p>\n<p>Fond\u00e9 en\u00a01888 sous le nom de\u00a0London Financial Guide,\u00a0un journal de quatre pages destin\u00e9\u00a0\u201caux investisseurs honn\u00eates et aux courtiers respectables\u201d,\u00a0le\u00a0Financial Times\u00a0est aujourd\u2019hui\u00a0le quotidien financier et \u00e9conomique de r\u00e9f\u00e9rence en Europe. Il n\u2019y a pas une institution financi\u00e8re ou banque digne de ce nom qui ne re\u00e7oive un exemplaire de ce journal britannique imm\u00e9diatement reconnaissable \u00e0 son papier rose saumon.<\/p>\n<p>Rachet\u00e9 par le groupe japonais Nikkei en\u00a02015, le \u201cjournal de la City\u201d voit son nombre d\u2019abonn\u00e9s \u00e0 l\u2019\u00e9dition papier s\u2019\u00e9roder peu \u00e0 peu, mais a\u00a0d\u00e9pass\u00e9 1\u00a0million d\u2019abonn\u00e9s num\u00e9riques en 2022. Plus de la moiti\u00e9 de l\u2019ensemble de ses abonn\u00e9s r\u00e9sident hors du Royaume-Uni.<\/p>\n<p>Plus de 600\u00a0journalistes r\u00e9partis dans plus de 40\u00a0pays collaborent au\u00a0titre.<\/p>\n<p>      <a href=\"https:\/\/www.courrierinternational.com\/notule-source\/financial-times\" class=\"source-link\" target=\"_blank\" rel=\"noopener\">Lire la suite<\/a>                 <\/p>\n<p>Nos services<\/p>\n","protected":false},"excerpt":{"rendered":"Dans un discours prononc\u00e9 au lendemain de la victoire \u00e9crasante du Parti travailliste en juillet 2024, la ministre&hellip;\n","protected":false},"author":2,"featured_media":592082,"comment_status":"","ping_status":"","sticky":false,"template":"","format":"standard","meta":{"footnotes":""},"categories":[1588],"tags":[11,672,1777,674,27,12,316,9910,473,1853,8755,2542,1851,2475,1850,1852],"class_list":{"0":"post-592081","1":"post","2":"type-post","3":"status-publish","4":"format-standard","5":"has-post-thumbnail","7":"category-royaume-uni","8":"tag-actualites","9":"tag-allemagne","10":"tag-eu","11":"tag-europe","12":"tag-france","13":"tag-news","14":"tag-politique","15":"tag-retraites","16":"tag-royaume-uni","17":"tag-royaume-uni-de-grande-bretagne-et-dirlande-du-nord","18":"tag-santu00e9","19":"tag-u00e9conomie","20":"tag-uk","21":"tag-union-europu00e9enne","22":"tag-united-kingdom","23":"tag-united-kingdom-of-great-britain-and-northern-ireland"},"share_on_mastodon":{"url":"https:\/\/pubeurope.com\/@fr\/115699157201708888","error":""},"_links":{"self":[{"href":"https:\/\/www.europesays.com\/fr\/wp-json\/wp\/v2\/posts\/592081","targetHints":{"allow":["GET"]}}],"collection":[{"href":"https:\/\/www.europesays.com\/fr\/wp-json\/wp\/v2\/posts"}],"about":[{"href":"https:\/\/www.europesays.com\/fr\/wp-json\/wp\/v2\/types\/post"}],"author":[{"embeddable":true,"href":"https:\/\/www.europesays.com\/fr\/wp-json\/wp\/v2\/users\/2"}],"replies":[{"embeddable":true,"href":"https:\/\/www.europesays.com\/fr\/wp-json\/wp\/v2\/comments?post=592081"}],"version-history":[{"count":0,"href":"https:\/\/www.europesays.com\/fr\/wp-json\/wp\/v2\/posts\/592081\/revisions"}],"wp:featuredmedia":[{"embeddable":true,"href":"https:\/\/www.europesays.com\/fr\/wp-json\/wp\/v2\/media\/592082"}],"wp:attachment":[{"href":"https:\/\/www.europesays.com\/fr\/wp-json\/wp\/v2\/media?parent=592081"}],"wp:term":[{"taxonomy":"category","embeddable":true,"href":"https:\/\/www.europesays.com\/fr\/wp-json\/wp\/v2\/categories?post=592081"},{"taxonomy":"post_tag","embeddable":true,"href":"https:\/\/www.europesays.com\/fr\/wp-json\/wp\/v2\/tags?post=592081"}],"curies":[{"name":"wp","href":"https:\/\/api.w.org\/{rel}","templated":true}]}}