{"id":592083,"date":"2025-12-11T04:56:30","date_gmt":"2025-12-11T04:56:30","guid":{"rendered":"https:\/\/www.europesays.com\/fr\/592083\/"},"modified":"2025-12-11T04:56:30","modified_gmt":"2025-12-11T04:56:30","slug":"allemagne-un-incident-sur-un-oleoduc-entraine-un-important-deversement-de-petrole","status":"publish","type":"post","link":"https:\/\/www.europesays.com\/fr\/592083\/","title":{"rendered":"Allemagne : un incident sur un ol\u00e9oduc entra\u00eene un \u00ab\u00a0important d\u00e9versement de p\u00e9trole\u00a0\u00bb"},"content":{"rendered":"<ul class=\"jsx-862013697 ArticleChapo__List\">\n<li class=\"jsx-862013697 ArticleChapo__List_Item flex\">Les autorit\u00e9s r\u00e9gionales allemandes font \u00e9tat d&rsquo;un incident sur un ol\u00e9oduc dans le nord-est du pays.<\/li>\n<li class=\"jsx-862013697 ArticleChapo__List_Item flex\">Il a caus\u00e9 un \u00ab\u00a0important d\u00e9versement de p\u00e9trole\u00a0\u00bb, n\u00e9cessitant le d\u00e9ploiement d&rsquo;\u00e9quipes d&rsquo;intervention sp\u00e9cialis\u00e9es.<\/li>\n<li class=\"jsx-862013697 ArticleChapo__List_Item flex\">La th\u00e8se d&rsquo;un sabotage est pour l&rsquo;heure exclue.<\/li>\n<\/ul>\n<p data-module=\"article-paragraph\" class=\"jsx-3046738180 Paragraph Paragraph__End\">Un \u00ab\u00a0incident\u00a0\u00bb sur un ol\u00e9oduc est survenu ce mercredi soir dans la r\u00e9gion du Brandebourg, dans le nord-est de l&rsquo;Allemagne, rapportent les autorit\u00e9s r\u00e9gionales. Elles indiquent qu&rsquo;un \u00ab\u00a0important d\u00e9versement de p\u00e9trole\u00a0\u00bb est constat\u00e9 sur place. \u00ab\u00a0Les \u00e9quipes d&rsquo;intervention sont sur place\u00a0\u00bb pour r\u00e9soudre l&rsquo;incident survenu \u00ab\u00a0au niveau d&rsquo;une vanne\u00a0\u00bb de cette canalisation appartenant \u00e0 la raffinerie PCK, a fait savoir le porte-parole du minist\u00e8re de l&rsquo;Environnement du Brandebourg.<\/p>\n<p>Des travaux seraient \u00e0 l&rsquo;origine de l&rsquo;incident<\/p>\n<p data-module=\"article-paragraph\" class=\"jsx-3046738180 Paragraph\">D\u00e9tenue par une filiale allemande du g\u00e9ant p\u00e9trolier russe Rosneft, la raffinerie touch\u00e9e se trouve sous tutelle du gouvernement allemand depuis septembre 2022. On apprend que l&rsquo;incident a eu lieu sur le pipeline reliant le port allemand de Rostock (nord) sur la c\u00f4te de la mer Baltique, \u00e0 Schwedt, le site de la raffinerie \u00e0 la fronti\u00e8re avec la Pologne. Le gouvernement r\u00e9gional n&rsquo;a pour l&rsquo;heure fourni aucune information sur la cause, ni sur l&rsquo;\u00e9tendue des d\u00e9g\u00e2ts.<\/p>\n<p data-module=\"article-paragraph\" class=\"jsx-3046738180 Paragraph Paragraph__End\">Une porte-parole de la raffinerie a de son c\u00f4t\u00e9 expliqu\u00e9 que \u00ab\u00a0les premi\u00e8res conclusions\u00a0\u00bb laissent \u00e0 penser que \u00ab\u00a0l&rsquo;incident aurait \u00e9t\u00e9 caus\u00e9 par des travaux pr\u00e9paratoires en vue d&rsquo;un test de s\u00e9curit\u00e9 pr\u00e9vu demain jeudi sur le pipeline\u00a0\u00bb. Dans ce contexte, \u00ab\u00a0une intervention ext\u00e9rieure intentionnelle peut \u00eatre exclue \u00e0 ce stade\u00a0\u00bb, a-t-elle ajout\u00e9. Selon les m\u00e9dias r\u00e9gionaux qui se sont rendus sur les lieux, le p\u00e9trole jaillit de la conduite \u00e0 au moins une dizaine de m\u00e8tres de hauteur.<\/p>\n<p><a href=\"https:\/\/www.tf1info.fr\/environnement-ecologie\/climat-les-emissions-mondiales-de-co2-toujours-en-hausse-2406313.html\" rel=\"noopener\" class=\"jsx-3308031228 Link flex\" target=\"_blank\"><img decoding=\"async\" src=\"https:\/\/www.europesays.com\/fr\/wp-content\/uploads\/2025\/12\/pollution-centrale-a-charbon-allemagne-17-janvier-2023-a74813-0@1x.jpeg\" alt=\"Pollution Centrale \u00e0 charbon Allemagne 17 janvier 2023\" loading=\"lazy\" importance=\"low\" fetchpriority=\"low\" class=\"\" aria-hidden=\"true\"\/><\/p>\n<p class=\"jsx-3657663356 ReadMoreArticle__Title\">Lire aussi<\/p>\n<p class=\"jsx-3657663356\">Climat : les \u00e9missions mondiales de CO2 li\u00e9es aux \u00e9nergies\u00a0fossiles toujours en hausse<\/p>\n<p><\/a><\/p>\n<p data-module=\"article-paragraph\" class=\"jsx-3046738180 Paragraph Paragraph__End\">Depuis janvier 2023, dans le sillage de l&#8217;embargo d\u00e9cid\u00e9 au niveau europ\u00e9en apr\u00e8s l&rsquo;invasion de l&rsquo;Ukraine, la raffinerie a cess\u00e9 de s&rsquo;approvisionner en p\u00e9trole russe.\u00a0Elle fonctionne actuellement avec des solutions alternatives au brut russe, se faisant livrer via le port de Rostock et celui de Gdansk en Pologne voisine.\u00a0<\/p>\n<p>TD avec AFP<\/p>\n","protected":false},"excerpt":{"rendered":"Les autorit\u00e9s r\u00e9gionales allemandes font \u00e9tat d&rsquo;un incident sur un ol\u00e9oduc dans le nord-est du pays. Il a&hellip;\n","protected":false},"author":2,"featured_media":592084,"comment_status":"","ping_status":"","sticky":false,"template":"","format":"standard","meta":{"footnotes":""},"categories":[1587],"tags":[45783,1111,11,672,1921,1804,1805,1803,4427,1777,674,1801,1922,12,1802,133,1920],"class_list":{"0":"post-592083","1":"post","2":"type-post","3":"status-publish","4":"format-standard","5":"has-post-thumbnail","7":"category-allemagne","8":"tag-accidents-et-incidents-etrangers","9":"tag-actu","10":"tag-actualites","11":"tag-allemagne","12":"tag-article-video","13":"tag-bundesrepublik-deutschland","14":"tag-de","15":"tag-deutschland","16":"tag-energies","17":"tag-eu","18":"tag-europe","19":"tag-germany","20":"tag-info","21":"tag-news","22":"tag-republique-federale-dallemagne","23":"tag-video","24":"tag-video-international"},"share_on_mastodon":{"url":"https:\/\/pubeurope.com\/@fr\/115699160639229972","error":""},"_links":{"self":[{"href":"https:\/\/www.europesays.com\/fr\/wp-json\/wp\/v2\/posts\/592083","targetHints":{"allow":["GET"]}}],"collection":[{"href":"https:\/\/www.europesays.com\/fr\/wp-json\/wp\/v2\/posts"}],"about":[{"href":"https:\/\/www.europesays.com\/fr\/wp-json\/wp\/v2\/types\/post"}],"author":[{"embeddable":true,"href":"https:\/\/www.europesays.com\/fr\/wp-json\/wp\/v2\/users\/2"}],"replies":[{"embeddable":true,"href":"https:\/\/www.europesays.com\/fr\/wp-json\/wp\/v2\/comments?post=592083"}],"version-history":[{"count":0,"href":"https:\/\/www.europesays.com\/fr\/wp-json\/wp\/v2\/posts\/592083\/revisions"}],"wp:featuredmedia":[{"embeddable":true,"href":"https:\/\/www.europesays.com\/fr\/wp-json\/wp\/v2\/media\/592084"}],"wp:attachment":[{"href":"https:\/\/www.europesays.com\/fr\/wp-json\/wp\/v2\/media?parent=592083"}],"wp:term":[{"taxonomy":"category","embeddable":true,"href":"https:\/\/www.europesays.com\/fr\/wp-json\/wp\/v2\/categories?post=592083"},{"taxonomy":"post_tag","embeddable":true,"href":"https:\/\/www.europesays.com\/fr\/wp-json\/wp\/v2\/tags?post=592083"}],"curies":[{"name":"wp","href":"https:\/\/api.w.org\/{rel}","templated":true}]}}