{"id":592087,"date":"2025-12-11T04:58:14","date_gmt":"2025-12-11T04:58:14","guid":{"rendered":"https:\/\/www.europesays.com\/fr\/592087\/"},"modified":"2025-12-11T04:58:14","modified_gmt":"2025-12-11T04:58:14","slug":"pour-musk-la-commission-doge-a-eu-un-peu-de-succes-mais-il-ne-le-referait-pas","status":"publish","type":"post","link":"https:\/\/www.europesays.com\/fr\/592087\/","title":{"rendered":"Pour Musk, la commission Doge a eu un \u00ab\u00a0peu de succ\u00e8s\u00a0\u00bb mais il ne le referait pas"},"content":{"rendered":"<p><a href=\"https:\/\/www.20minutes.fr\/dossier\/elon_musk\" target=\"_blank\" class=\"c-link c-link--is-underlined\" rel=\"noopener\">Elon Musk<\/a> a reconnu, mercredi, qu\u2019il ne serait pas entr\u00e9 dans la Commission pour l\u2019efficacit\u00e9 gouvernementale (Doge) s\u2019il devait revivre le d\u00e9but d\u2019ann\u00e9e. Interrog\u00e9 dans \u00ab\u00a0The Katie Miller Podcast\u00a0\u00bb sur un \u00e9ventuel retour au sein de cet organe cr\u00e9\u00e9 par <a href=\"https:\/\/www.20minutes.fr\/dossier\/donald_trump\" target=\"_blank\" class=\"c-link c-link--is-underlined\" rel=\"noopener\">Donald Trump<\/a> pour r\u00e9duire les d\u00e9penses f\u00e9d\u00e9rales, le patron de Tesla et <a href=\"https:\/\/www.20minutes.fr\/dossier\/spacex\" target=\"_blank\" class=\"c-link c-link--is-underlined\" rel=\"noopener\">SpaceX<\/a> a r\u00e9pondu sans d\u00e9tour\u00a0: \u00ab\u00a0Non, je ne pense pas\u00a0\u00bb. Il affirme qu\u2019il aurait pr\u00e9f\u00e9r\u00e9 \u00ab\u00a0travailler \u00e0 [ses] entreprises\u00a0\u00bb plut\u00f4t que s\u2019impliquer dans cette initiative politique.<\/p>\n<p>Cette participation a eu un co\u00fbt \u00e9conomique et symbolique pour <a href=\"https:\/\/www.20minutes.fr\/dossier\/tesla\" target=\"_blank\" class=\"c-link c-link--is-underlined\" rel=\"noopener\">Tesla<\/a>. Depuis son r\u00f4le au sein de l\u2019administration Trump, des appels au boycott ont circul\u00e9, des boutiques ont \u00e9t\u00e9 vis\u00e9es par des d\u00e9gradations, des stations de recharge incendi\u00e9es et plusieurs v\u00e9hicules endommag\u00e9s. \u00ab\u00a0Ils n\u2019auraient pas br\u00fbl\u00e9 les voitures\u00a0\u00bb, a-t-il r\u00e9sum\u00e9, estimant que cette implication avait nui directement \u00e0 l\u2019entreprise et \u00e0 ses ventes dans le monde.<\/p>\n<\/p>\n<p>Quels r\u00e9els r\u00e9sultats pour le Doge\u00a0?<\/p>\n<p>La commission Doge, mise en place d\u00e8s l\u2019investiture de Donald Trump, devait s\u2019attaquer \u00e0 la bureaucratie f\u00e9d\u00e9rale et aux d\u00e9penses publiques. Musk avait \u00e9voqu\u00e9 durant la campagne jusqu\u2019\u00e0 2.000\u00a0milliards de dollars d\u2019\u00e9conomies potentielles, avant de revoir ses projections \u00e0 1.000\u00a0milliards. La r\u00e9alit\u00e9 est bien plus modeste\u00a0: la derni\u00e8re mise \u00e0 jour interne de la commission, dat\u00e9e du 4\u00a0octobre, ne recense que 214\u00a0milliards de dollars de coupes.<\/p>\n<p><a href=\"https:\/\/www.20minutes.fr\/dossier\/elon_musk\" target=\"_blank\" class=\"c-link c-btn c-btn--primary\" rel=\"noopener\">Notre dossier sur Elon Musk<\/a><\/p>\n<p>Malgr\u00e9 son retrait, l\u2019entrepreneur d\u00e9fend certains r\u00e9sultats. \u00ab\u00a0Nous avons mis un terme \u00e0 beaucoup de financements qui n\u2019avaient tout simplement aucun sens, qui \u00e9taient enti\u00e8rement du gaspillage\u00a0\u00bb. L\u2019administration avait alors opt\u00e9 pour des mesures radicales\u00a0: incitations au d\u00e9part et licenciements de fonctionnaires, suppressions d\u2019agences publiques, r\u00e9ductions massives de l\u2019aide internationale.<\/p>\n","protected":false},"excerpt":{"rendered":"Elon Musk a reconnu, mercredi, qu\u2019il ne serait pas entr\u00e9 dans la Commission pour l\u2019efficacit\u00e9 gouvernementale (Doge) s\u2019il&hellip;\n","protected":false},"author":2,"featured_media":592088,"comment_status":"","ping_status":"","sticky":false,"template":"","format":"standard","meta":{"footnotes":""},"categories":[1586],"tags":[47,11,75,46,73,1777,674,1779,1011,27,74,12,25,45,320,1778,364],"class_list":{"0":"post-592087","1":"post","2":"type-post","3":"status-publish","4":"format-standard","5":"has-post-thumbnail","7":"category-europe","8":"tag-actualite","9":"tag-actualites","10":"tag-donald-trump","11":"tag-elon-musk","12":"tag-etats-unis","13":"tag-eu","14":"tag-europe","15":"tag-european-union","16":"tag-fr","17":"tag-france","18":"tag-monde","19":"tag-news","20":"tag-republique-francaise","21":"tag-spacex","22":"tag-tesla","23":"tag-ue","24":"tag-union-europeenne"},"share_on_mastodon":{"url":"https:\/\/pubeurope.com\/@fr\/115699168369119601","error":""},"_links":{"self":[{"href":"https:\/\/www.europesays.com\/fr\/wp-json\/wp\/v2\/posts\/592087","targetHints":{"allow":["GET"]}}],"collection":[{"href":"https:\/\/www.europesays.com\/fr\/wp-json\/wp\/v2\/posts"}],"about":[{"href":"https:\/\/www.europesays.com\/fr\/wp-json\/wp\/v2\/types\/post"}],"author":[{"embeddable":true,"href":"https:\/\/www.europesays.com\/fr\/wp-json\/wp\/v2\/users\/2"}],"replies":[{"embeddable":true,"href":"https:\/\/www.europesays.com\/fr\/wp-json\/wp\/v2\/comments?post=592087"}],"version-history":[{"count":0,"href":"https:\/\/www.europesays.com\/fr\/wp-json\/wp\/v2\/posts\/592087\/revisions"}],"wp:featuredmedia":[{"embeddable":true,"href":"https:\/\/www.europesays.com\/fr\/wp-json\/wp\/v2\/media\/592088"}],"wp:attachment":[{"href":"https:\/\/www.europesays.com\/fr\/wp-json\/wp\/v2\/media?parent=592087"}],"wp:term":[{"taxonomy":"category","embeddable":true,"href":"https:\/\/www.europesays.com\/fr\/wp-json\/wp\/v2\/categories?post=592087"},{"taxonomy":"post_tag","embeddable":true,"href":"https:\/\/www.europesays.com\/fr\/wp-json\/wp\/v2\/tags?post=592087"}],"curies":[{"name":"wp","href":"https:\/\/api.w.org\/{rel}","templated":true}]}}