{"id":592089,"date":"2025-12-11T04:59:14","date_gmt":"2025-12-11T04:59:14","guid":{"rendered":"https:\/\/www.europesays.com\/fr\/592089\/"},"modified":"2025-12-11T04:59:14","modified_gmt":"2025-12-11T04:59:14","slug":"lun-de-leurs-parents-a-ete-condamne-pour-vol","status":"publish","type":"post","link":"https:\/\/www.europesays.com\/fr\/592089\/","title":{"rendered":"l&rsquo;un de leurs parents a \u00e9t\u00e9 \u00ab\u00a0condamn\u00e9 pour vol\u00a0\u00bb"},"content":{"rendered":"<p>Le samedi 6 d\u00e9cembre dernier, <a href=\"https:\/\/www.melty.fr\/people\/hinaupoko-deveze-la-girafe-a-la-voix-grave-comment-miss-france-2026-a-fait-de-ses-complexes-un-atout-indeniable-2281772.html\" target=\"_blank\" rel=\"noopener\"><br \/>\nMiss France 2026 a \u00e9t\u00e9 \u00e9lue et il s\u00a0\u00bbagit de Hinaupoko Dev\u00e8ze, Miss<br \/>\nTahiti.<\/a> Juste apr\u00e8s son couronnement, la jeune femme a accord\u00e9<br \/>\nune interview \u00e0 nos confr\u00e8res de <a href=\"https:\/\/www.programme-tv.net\/news\/evenement\/miss-france-miss-france\/393609-exclu-hinaupoko-deveze-miss-france-2026-se-livre-pour-la-premiere-fois-depuis-son-election-j-ai-ose-montrer-mes-fragilites\/\" target=\"_blank\" rel=\"nofollow noopener\">T\u00e9l\u00e9-Loisirs<\/a><br \/>\no\u00f9 elle a d\u00e9clar\u00e9 : \u00ab\u00a0<strong>Je suis tr\u00e8s honor\u00e9e d&rsquo;avoir \u00e9t\u00e9<br \/>\nchoisie pour \u00eatre la repr\u00e9sentante des Fran\u00e7ais pendant une<br \/>\nann\u00e9e.\u00a0<\/strong>Je prends cette victoire comme une victoire<br \/>\ncollective, car j&rsquo;ai \u00e9t\u00e9 entour\u00e9e tout au long de cette belle<br \/>\naventure. Si je suis ici, c&rsquo;est gr\u00e2ce \u00e0 toutes ces personnes qui<br \/>\nm&rsquo;ont pouss\u00e9e \u00e0 donner le meilleur de moi-m\u00eame.\u00a0Pour parler<br \/>\navec mon c\u0153ur, j&rsquo;ai un petit peu de mal \u00e0 r\u00e9aliser ce qui se passe.<br \/>\nJe suis encore sur mon petit nuage&#8230; Je sens la couronne sur ma<br \/>\nt\u00eate, mais je n&rsquo;ai pas encore eu le temps de la regarder.\u00a0\u00bb<\/p>\n<p>Miss France 2026 pr\u00e9par\u00e9e aux critiques<\/p>\n<p>Une fois n&rsquo;est pas coutume, la nouvelle Miss France s&rsquo;est rendue<br \/>\nsur le plateau du JT de 13 heures de TF1 d\u00e8s le lendemain de son<br \/>\nsacre. La journaliste Anne-Claire Coudray lui a alors demand\u00e9 si<br \/>\nelle s&rsquo;\u00e9tait pr\u00e9par\u00e9e aux \u00e9ventuelles critiques \u00e0 venir sur les<br \/>\nr\u00e9seaux sociaux. <strong>\u00ab\u00a0C\u2019est vrai qu\u2019on est pr\u00e9par\u00e9 quand on<br \/>\nse lance dans cette aventure \u00e0 devenir une personnalit\u00e9 publique et<br \/>\nqu\u2019on soit expos\u00e9 justement aux critiques\u00a0\u00bb<\/strong>, a-t-elle<br \/>\nd\u00e9clar\u00e9.<\/p>\n<p>Dans la foul\u00e9e, <a href=\"https:\/\/www.melty.fr\/people\/premiere-boulette-pour-miss-france-2026-camille-cerf-intervient-et-rattrape-sa-gaffe-2280922.html\" target=\"_blank\" rel=\"noopener\"><br \/>\ncelle qui a \u00e9t\u00e9 reprise par Camille Cerf<\/a> a ajout\u00e9 : \u00ab\u00a0S\u2019il y<br \/>\na bien une le\u00e7on que j\u2019ai apprise dans cette aventure, c\u2019est qu\u2019on<br \/>\nne peut pas plaire \u00e0 tout le monde.\u00a0Malgr\u00e9 tout, <strong>j\u2019ai<br \/>\nr\u00e9ussi \u00e0 d\u00e9passer ma peur du regard des autres.<\/strong> J\u2019ai<br \/>\nr\u00e9ussi aussi \u00e0 d\u00e9passer mon manque de confiance en moi.<br \/>\nAujourd\u2019hui, je suis pr\u00e9sente devant vous.\u00a0\u00bb<\/p>\n<p>Quels sont les cousins d&rsquo;Hinaupoko Dev\u00e8ze ?<\/p>\n<p>Le site Geneanet a fait l&rsquo;arbre g\u00e9n\u00e9alogique de la nouvelle Miss<br \/>\nFrance. La lign\u00e9e maternelle d&rsquo;Hinaupoko Dev\u00e8ze trouve ses racines<br \/>\nau c\u0153ur de la Polyn\u00e9sie fran\u00e7aise et principalement aux \u00eeles<br \/>\nMarquises et \u00e0 Tahiti. Ses grands-parents sont originaires de l\u2019\u00eele<br \/>\nde Ua-Pou situ\u00e9e dans l\u2019archipel des Marquises. L&rsquo;ascendance<br \/>\npaternelle d&rsquo;Hinaupoko Dev\u00e8ze, elle, trouve ses racines dans le<br \/>\nGard, le Vaucluse et l\u2019Ard\u00e8che.<\/p>\n<p>Gr\u00e2ce \u00e0 l\u2019outil de d\u00e9tection automatique de cousinages c\u00e9l\u00e8bres,<br \/>\naccessible avec l\u2019abonnement Premium Geneanet, chaque personne peut<br \/>\nd\u00e9couvrir en quelques clics si elle a un lien avec des c\u00e9l\u00e9brit\u00e9s<br \/>\nr\u00e9pertori\u00e9es sur Geneastar. <strong>Il se trouve qu&rsquo;Hinaupoko<br \/>\nDev\u00e8ze partage des anc\u00eatres communs avec de nombreuses<br \/>\npersonnalit\u00e9s fran\u00e7aises.<\/strong><\/p>\n<ul>\n<li>Claude FRAN\u00c7OIS\u00a0(1939-1978), chanteur : 15e \u00e0 la 11e<br \/>\ng\u00e9n\u00e9ration (Ard\u00e8che)<\/li>\n<li>S\u00e9bastien CHABAL (1977), joueur de rugby \u00e0 XV : 9e g\u00e9n\u00e9ration<br \/>\n(Ard\u00e8che)<\/li>\n<li>Vincent CASSEL (1966), acteur : 12e \u00e0 la 10e g\u00e9n\u00e9ration<br \/>\n(Gard)<\/li>\n<li>Clovis CORNILLAC (1968), acteur, 12e \u00e0 la 11e g\u00e9n\u00e9ration<br \/>\n(Ard\u00e8che)<\/li>\n<li>L\u00e9a SEYDOUX (1985), actrice : 14e \u00e0 la 15e g\u00e9n\u00e9ration<br \/>\n(Gard)<\/li>\n<li>Fran\u00e7ois CHALAIS\u00a0(1919-1996), journaliste, grand reporter,<br \/>\npionnier dans le m\u00e9tier de chroniqueur de cin\u00e9ma fran\u00e7ais : 14e \u00e0<br \/>\nla 13e g\u00e9n\u00e9ration (Gard)<\/li>\n<li>Charles EXBRAYAT (1906-1989), sc\u00e9nariste et \u00e9crivain : 14e \u00e0 la<br \/>\n11e g\u00e9n\u00e9ration (Ard\u00e8che)<\/li>\n<\/ul>\n<p>L&rsquo;un des anc\u00eatres de Miss France envoy\u00e9<br \/>\nau bagne<\/p>\n<p>Parmi les autres anc\u00eatres d&rsquo;Hinaupoko Dev\u00e8ze, il y a notamment<br \/>\nImbert Gincourt, n\u00e9 vers 1775 en Hongrie. Il repr\u00e9sente l\u2019un des<br \/>\nrares apports \u00e9trangers rep\u00e9r\u00e9s dans cette ascendance. De son c\u00f4t\u00e9,<br \/>\nPaule Bernard, (1822-1865), est originaire de la Dr\u00f4me et en 1851,<br \/>\nil a d\u00fb s&rsquo;exiler apr\u00e8s un coup d&rsquo;\u00e9tat.<\/p>\n<p><strong>Pour terminer, C\u00e9lestin Mirabel (1828-1900), serrurier<br \/>\nde m\u00e9tier, a \u00e9t\u00e9 condamn\u00e9 pour vol et envoy\u00e9 en Nouvelle-Cal\u00e9donie<br \/>\nau bagne \u00e0 l&rsquo;\u00e2ge de 50 ans.<\/strong> Il est mort sur place apr\u00e8s<br \/>\navoir purg\u00e9 sa peine.<\/p>\n","protected":false},"excerpt":{"rendered":"Le samedi 6 d\u00e9cembre dernier, Miss France 2026 a \u00e9t\u00e9 \u00e9lue et il s\u00a0\u00bbagit de Hinaupoko Dev\u00e8ze, Miss&hellip;\n","protected":false},"author":2,"featured_media":592090,"comment_status":"","ping_status":"","sticky":false,"template":"","format":"standard","meta":{"footnotes":""},"categories":[2],"tags":[11,1011,27,70396,12,25,65861],"class_list":{"0":"post-592089","1":"post","2":"type-post","3":"status-publish","4":"format-standard","5":"has-post-thumbnail","7":"category-actualites","8":"tag-actualites","9":"tag-fr","10":"tag-france","11":"tag-hinaupoko-deveze","12":"tag-news","13":"tag-republique-francaise","14":"tag-trend"},"share_on_mastodon":{"url":"https:\/\/pubeurope.com\/@fr\/115699172389577957","error":""},"_links":{"self":[{"href":"https:\/\/www.europesays.com\/fr\/wp-json\/wp\/v2\/posts\/592089","targetHints":{"allow":["GET"]}}],"collection":[{"href":"https:\/\/www.europesays.com\/fr\/wp-json\/wp\/v2\/posts"}],"about":[{"href":"https:\/\/www.europesays.com\/fr\/wp-json\/wp\/v2\/types\/post"}],"author":[{"embeddable":true,"href":"https:\/\/www.europesays.com\/fr\/wp-json\/wp\/v2\/users\/2"}],"replies":[{"embeddable":true,"href":"https:\/\/www.europesays.com\/fr\/wp-json\/wp\/v2\/comments?post=592089"}],"version-history":[{"count":0,"href":"https:\/\/www.europesays.com\/fr\/wp-json\/wp\/v2\/posts\/592089\/revisions"}],"wp:featuredmedia":[{"embeddable":true,"href":"https:\/\/www.europesays.com\/fr\/wp-json\/wp\/v2\/media\/592090"}],"wp:attachment":[{"href":"https:\/\/www.europesays.com\/fr\/wp-json\/wp\/v2\/media?parent=592089"}],"wp:term":[{"taxonomy":"category","embeddable":true,"href":"https:\/\/www.europesays.com\/fr\/wp-json\/wp\/v2\/categories?post=592089"},{"taxonomy":"post_tag","embeddable":true,"href":"https:\/\/www.europesays.com\/fr\/wp-json\/wp\/v2\/tags?post=592089"}],"curies":[{"name":"wp","href":"https:\/\/api.w.org\/{rel}","templated":true}]}}