{"id":592104,"date":"2025-12-11T05:12:26","date_gmt":"2025-12-11T05:12:26","guid":{"rendered":"https:\/\/www.europesays.com\/fr\/592104\/"},"modified":"2025-12-11T05:12:26","modified_gmt":"2025-12-11T05:12:26","slug":"suri-cruise-na-plus-de-relation-avec-son-pere-tom-cruise-sa-vie-entre-pittsburgh-et-manhattan-de-son-penthouse-avec-vue-sur-lempire-state-building-au-ski-alpin-dans-lutah","status":"publish","type":"post","link":"https:\/\/www.europesays.com\/fr\/592104\/","title":{"rendered":"Suri Cruise n&rsquo;a plus de relation avec son p\u00e8re Tom Cruise : sa vie entre Pittsburgh et Manhattan, de son penthouse avec vue sur l\u2019Empire State Building au ski alpin dans l\u2019Utah"},"content":{"rendered":"<p>Suri Cruise f\u00eatera ses 20 ans l\u2019ann\u00e9e prochaine, s\u00fbrement avec la m\u00eame discr\u00e9tion qui caract\u00e9rise sa vie depuis le divorce de ses parents en 2012. Elle vit d\u00e9sormais entre Pittsburgh o\u00f9 elle \u00e9tudie et <a href=\"https:\/\/www.vanityfair.fr\/dossier\/new-york\" isautogenerated=\"true\" target=\"_blank\" rel=\"noopener\">New York<\/a> , o\u00f9 vit sa m\u00e8re Katie Holmes, apr\u00e8s avoir longtemps v\u00e9cu \u00e0 Los Angeles.<\/p>\n<p><img decoding=\"async\" alt=\"Suri Cruise aux c\u00f4ts de sa m\u00e8re Katie Holmes.\" loading=\"lazy\" class=\"ResponsiveImageContainer-eNxvmU cfBbTk responsive-image__image\"   src=\"https:\/\/www.europesays.com\/fr\/wp-content\/uploads\/2025\/12\/GettyImages-2228999873.jpg\"\/><\/p>\n<p>Suri Cruise aux c\u00f4t\u00e9s de sa m\u00e8re, Katie Holmes.<\/p>\n<p>Robert Kamau\/GC Images\/Getty Images<\/p>\n<p>Du lundi au vendredi, la benjamine de <a href=\"https:\/\/www.vanityfair.fr\/dossier\/tom-cruise\" isautogenerated=\"true\" target=\"_blank\" rel=\"noopener\">Tom Cruise<\/a> vit \u00e0 Pittsburgh. Elle r\u00e9side sur le campus de la Carnegie Mellon University, une des universit\u00e9s les plus prestigieuses des \u00c9tats Unis. Ses amphith\u00e9\u00e2tres ont vu passer aussi bien des prix Nobel comme John L. Hall ou Clifford Shull que des stars de Broadway comme Patina Miller ou Billy Porter. C\u2019est l\u00e0 qu\u2019elle s\u2019est install\u00e9e il y a quelques mois, apr\u00e8s avoir termin\u00e9 ses \u00e9tudes secondaires en mai, et c\u2019est sa m\u00e8re, sa grande complice de toujours, qui l\u2019a accompagn\u00e9e dans ses premiers jours de d\u00e9m\u00e9nagement, au milieu des autres \u00e9tudiants.<\/p>\n<p>Si l\u2019universit\u00e9 se trouve \u00e0 environ six heures de route de Manhattan, Suri Cruise revient souvent en ville pour rendre visite \u00e0 sa m\u00e8re, comme elle le fera tr\u00e8s probablement ce 18 d\u00e9cembre, date des 47 ans de Katie Holmes. La jeune femme a toujours v\u00e9cu avec sa m\u00e8re, celle-ci habite d\u00e9sormais un penthouse dans le quartier de Chelsea apr\u00e8s avoir quitt\u00e9 Los Angeles, o\u00f9 elle a v\u00e9cu aupr\u00e8s de son ancien conjoint Tom Cruise.<\/p>\n<p>L\u2019appartement new-yorkais offre plus de 200 m\u00e8tres carr\u00e9s, avec une vue imprenable sur l\u2019Empire State Building. L\u2019h\u00e9ro\u00efne de Dawson a obtenu la garde exclusive de sa fille apr\u00e8s de son divorce de Tom Cruise en 2012, apr\u00e8s pr\u00e8s de six ans de <a href=\"https:\/\/www.vanityfair.fr\/dossier\/mariage\" isautogenerated=\"true\" target=\"_blank\" rel=\"noopener\">mariage<\/a>. M\u00e8re et fille sont tr\u00e8s proches, et Suri a toujours soutenu sa m\u00e8re dans ses projets, comme en 2024, lorsque Holmes a pr\u00e9sent\u00e9 au th\u00e9\u00e2tre de Broadway le spectacle Our Town.<\/p>\n<p>\u00ab Mon objectif num\u00e9ro un a toujours \u00e9t\u00e9 de nourrir sa personnalit\u00e9, de m\u2019assurer qu\u2019elle soit elle-m\u00eame \u00e0 cent pour cent. Et qu\u2019elle le sache \u00bb, confiait Holmes dans une interview \u00e0 InStyle en 2020. La relation avec Tom Cruise avait \u00e9t\u00e9 rendue publique \u00e0 la mi 2005. L\u2019acteur et producteur avait demand\u00e9 Katie en mariage le matin du 17 juillet 2005 au sommet de la tour Eiffel, \u00e0 <a href=\"https:\/\/www.vanityfair.fr\/dossier\/paris\" isautogenerated=\"true\" target=\"_blank\" rel=\"noopener\">Paris<\/a>. Sept mois apr\u00e8s la naissance de Suri, le couple s\u2019est mari\u00e9 au ch\u00e2teau d\u2019Odescalchi, \u00e0 Bracciano, en Italie, lors d\u2019une c\u00e9r\u00e9monie \u00e0 laquelle assistaient de nombreuses stars de <a href=\"https:\/\/www.vanityfair.fr\/dossier\/hollywood\" isautogenerated=\"true\" target=\"_blank\" rel=\"noopener\">Hollywood<\/a>. Leur mariage avait \u00e9t\u00e9 officialis\u00e9 la veille, \u00e0 Los Angeles.<\/p>\n<p>Th\u00e9\u00e2tre scolaire et ski dans l\u2019Utah<\/p>\n<p>M\u00eame si elle appartient \u00e0 l\u2019une des familles les plus c\u00e9l\u00e8bres de la plan\u00e8te, Suri Cruise ne semble pas \u00e9prouver un grand int\u00e9r\u00eat pour le monde du spectacle. Elle a bien particip\u00e9 \u00e0 quelques pi\u00e8ces de th\u00e9\u00e2tre d\u2019\u00e9cole, o\u00f9 elle a par exemple interpr\u00e9t\u00e9 Morticia Addams dans la com\u00e9die musicale La famille Addams, et son nom appara\u00eet au g\u00e9n\u00e9rique de la musique du film de sa m\u00e8re, Alone Together, o\u00f9 elle chante quelques notes de Blue Moon. Elle semble dou\u00e9e pour le chant et la danse, mais pour l\u2019instant, elle reste concentr\u00e9e sur ses \u00e9tudes et n\u2019envisage pas de se lancer dans la com\u00e9die.<\/p>\n","protected":false},"excerpt":{"rendered":"Suri Cruise f\u00eatera ses 20 ans l\u2019ann\u00e9e prochaine, s\u00fbrement avec la m\u00eame discr\u00e9tion qui caract\u00e9rise sa vie depuis&hellip;\n","protected":false},"author":2,"featured_media":592105,"comment_status":"","ping_status":"","sticky":false,"template":"","format":"standard","meta":{"footnotes":""},"categories":[1359],"tags":[1000,8416,58,59,1011,27,973,6747],"class_list":{"0":"post-592104","1":"post","2":"type-post","3":"status-publish","4":"format-standard","5":"has-post-thumbnail","7":"category-people","8":"tag-celebrites","9":"tag-digital_syndication","10":"tag-divertissement","11":"tag-entertainment","12":"tag-fr","13":"tag-france","14":"tag-people","15":"tag-textabovecentergridwidth"},"share_on_mastodon":{"url":"https:\/\/pubeurope.com\/@fr\/115699223410435691","error":""},"_links":{"self":[{"href":"https:\/\/www.europesays.com\/fr\/wp-json\/wp\/v2\/posts\/592104","targetHints":{"allow":["GET"]}}],"collection":[{"href":"https:\/\/www.europesays.com\/fr\/wp-json\/wp\/v2\/posts"}],"about":[{"href":"https:\/\/www.europesays.com\/fr\/wp-json\/wp\/v2\/types\/post"}],"author":[{"embeddable":true,"href":"https:\/\/www.europesays.com\/fr\/wp-json\/wp\/v2\/users\/2"}],"replies":[{"embeddable":true,"href":"https:\/\/www.europesays.com\/fr\/wp-json\/wp\/v2\/comments?post=592104"}],"version-history":[{"count":0,"href":"https:\/\/www.europesays.com\/fr\/wp-json\/wp\/v2\/posts\/592104\/revisions"}],"wp:featuredmedia":[{"embeddable":true,"href":"https:\/\/www.europesays.com\/fr\/wp-json\/wp\/v2\/media\/592105"}],"wp:attachment":[{"href":"https:\/\/www.europesays.com\/fr\/wp-json\/wp\/v2\/media?parent=592104"}],"wp:term":[{"taxonomy":"category","embeddable":true,"href":"https:\/\/www.europesays.com\/fr\/wp-json\/wp\/v2\/categories?post=592104"},{"taxonomy":"post_tag","embeddable":true,"href":"https:\/\/www.europesays.com\/fr\/wp-json\/wp\/v2\/tags?post=592104"}],"curies":[{"name":"wp","href":"https:\/\/api.w.org\/{rel}","templated":true}]}}