{"id":592106,"date":"2025-12-11T05:13:17","date_gmt":"2025-12-11T05:13:17","guid":{"rendered":"https:\/\/www.europesays.com\/fr\/592106\/"},"modified":"2025-12-11T05:13:17","modified_gmt":"2025-12-11T05:13:17","slug":"je-pense-quil-meritait-cela-pourquoi-les-enfants-deugene-pujol-ont-offert-une-rare-collection-au-musee-de-cahors","status":"publish","type":"post","link":"https:\/\/www.europesays.com\/fr\/592106\/","title":{"rendered":"\u00ab\u00a0Je pense qu\u2019il m\u00e9ritait cela\u2026\u00a0\u00bb\u00a0: pourquoi les enfants d\u2019Eug\u00e8ne Pujol ont offert une rare collection au mus\u00e9e de Cahors\u00a0?"},"content":{"rendered":"<p>\n                                                                    l&rsquo;essentiel<br \/>\n                                                                \u00c0 Cahors, les enfants d\u2019Eug\u00e8ne Pujol ont fait don de quarante \u0153uvres du peintre. Une d\u00e9cision m\u00fbrie depuis plus de dix ans, destin\u00e9e \u00e0 pr\u00e9server son h\u00e9ritage et \u00e0 l\u2019ancrer d\u00e9finitivement dans la m\u00e9moire culturelle du Quercy.\n                            <\/p>\n<p>\u00c0 Cahors, on manquait presque de chaises pour assister \u00e0 l\u2019entr\u00e9e officielle de quarante \u0153uvres d\u2019Eug\u00e8ne Pujol dans les collections du mus\u00e9e Henri-Martin, mercredi 10\u00a0d\u00e9cembre. Plus qu\u2019un don, un geste familial m\u00fbri de longue date. Et une question en suspens\u00a0: pourquoi maintenant, et pourquoi si g\u00e9n\u00e9reusement\u00a0?<\/p>\n<p><a href=\"https:\/\/www.ladepeche.fr\/2025\/06\/12\/exposer-a-paris-est-une-opportunite-rare-que-je-devais-saisir-lirresistible-ascension-de-lex-architecte-devenu-sculpteur-12754530.php\" target=\"_self\" rel=\"noopener\">Dominique Pujol<\/a> et sa s\u0153ur Claudine Calvet, tr\u00e8s \u00e9mues, n\u2019ont pas laiss\u00e9 planer le doute. \u00ab\u00a0Pour que notre p\u00e8re continue \u00e0 vivre\u00a0\u00bb, souffle Dominique, la voix encore prise. Leur p\u00e8re, n\u00e9 \u00e0 Carbonne en 1899, install\u00e9 \u00e0 Cahors peu avant les ann\u00e9es 30, a peint pendant pr\u00e8s de soixante-dix ans. Une existence enti\u00e8re pass\u00e9e \u00e0 saisir les lumi\u00e8res du Lot, les arbres du Quercy, les paysages vus depuis Cabessut ou Lab\u00e9raudie. \u00ab\u00a0Je pense qu\u2019il m\u00e9ritait cela\u00a0\u00bb, ajoute-t-elle simplement.<\/p>\n<p>\u00ab\u00a0C\u2019\u00e9tait le moment\u00a0\u00bb<\/p>\n<p>Depuis son d\u00e9c\u00e8s en 1986, ses enfants ont conserv\u00e9 pr\u00e8s de 1\u00a0300 pi\u00e8ces qui constituent le fonds de son atelier. Les \u0153uvres, soigneusement pr\u00e9serv\u00e9es, racontent \u00e0 la fois la vie intime du peintre et son attachement profond \u00e0 Cahors. Mais avec l\u2019\u00e2ge \u2013 Claudine a 88 ans, Dominique 84 \u2013 la question de la transmission s\u2019est impos\u00e9e. \u00ab\u00a0C\u2019est une meilleure conservation. C\u2019\u00e9tait le moment\u00a0\u00bb, explique Claudine Calvet, convaincue que la p\u00e9rennit\u00e9 des toiles passe d\u00e9sormais par une institution.<\/p>\n<p>        <img decoding=\"async\" class=\"std-img__img responsive-img\" src=\"https:\/\/www.europesays.com\/fr\/wp-content\/uploads\/2025\/12\/1765429995_32_image.jpg\" alt=\"Les toiles se d\u00e9voilent devant les enfants du peintre.\"\/><\/p>\n<p>                Les toiles se d\u00e9voilent devant les enfants du peintre.<br \/>\n                                    DDM &#8211; A.M.<\/p>\n<p>Pour la Ville, l\u2019arriv\u00e9e de ces \u0153uvres constitue un tournant. Depuis la r\u00e9ouverture du mus\u00e9e en 2022, la collection Pujol manquait cruellement, malgr\u00e9 quatre pi\u00e8ces d\u00e9j\u00e0 inventori\u00e9es. Le maire, Jean-Luc Marx, l\u2019a rappel\u00e9. \u00ab\u00a0Merci \u00e0 Eug\u00e8ne Pujol, \u00e0 sa famille et \u00e0 ses descendants pour ce don exceptionnel.\u00a0\u00bb La donation \u00e9valu\u00e9e \u00e0 pr\u00e8s de 31\u00a0000\u00a0euros, repr\u00e9sente l\u2019\u00e9quivalent de cinq \u00e0 six ans d\u2019acquisition par la Ville.<\/p>\n<p>Une donation longuement m\u00fbrie<\/p>\n<p>La directrice du mus\u00e9e, Rachel Amalric, confirme que la donation n\u2019a pas \u00e9t\u00e9 improvis\u00e9e. Pr\u00e8s d\u2019une douzaine d\u2019ann\u00e9es de discussions, de rep\u00e9rages, d\u2019inventaires, suspendus par les travaux du mus\u00e9e puis par la crise sanitaire. Un travail patient pour s\u00e9lectionner un ensemble coh\u00e9rent\u00a0: paysages du Lot, portraits, bouquets, sc\u00e8nes familiales, vues de Cahors \u00e0 toutes les saisons. Une collection d\u00e9sormais reconnue d\u2019int\u00e9r\u00eat public par l\u2019\u00c9tat.<\/p>\n<p>        <img decoding=\"async\" class=\"std-img__img responsive-img\" src=\"https:\/\/www.europesays.com\/fr\/wp-content\/uploads\/2025\/12\/1765429997_762_image.jpg\" alt=\"Dominique Pujol et Claudine Calvet ne cachent pas leur \u00e9motion, aboutissement d\u2019un long chemin de pr\u00e8s de dix ans.\"\/><\/p>\n<p>                Dominique Pujol et Claudine Calvet ne cachent pas leur \u00e9motion, aboutissement d\u2019un long chemin de pr\u00e8s de dix ans.<br \/>\n                                    DDM &#8211; A.M.<\/p>\n<p>Quand Sabine Maggiani, responsable scientifique des collections, d\u00e9voile les \u0153uvres, les deux enfants murmurent, commentent, sourient. Un autoportrait inachev\u00e9, deux dessins pr\u00e9paratoires de Mademoiselle Tassart, des paysages de neige, le moulin de Lab\u00e9raudie, les rives du Lot qui d\u00e9filent encore, des arbres jaillissant au c\u0153ur des compositions. Tout ce que les critiques saluaient d\u00e9j\u00e0 en 1930\u00a0: un art sensible, pr\u00e9cis, habit\u00e9.<\/p>\n<p>Ce don, c\u2019est aussi une mani\u00e8re de revenir au territoire. Pujol peignait Cahors \u00ab\u00a0de jour comme de nuit\u00a0\u00bb, selon les mots de Sabine Maggiani, observant ses monuments depuis des points de vue rares\u00a0: Saint-Georges, le pont Valentr\u00e9, Cabazat. Offrir ces \u0153uvres au mus\u00e9e, c\u2019est rendre au Quercy ce regard patient qui l\u2019a tant c\u00e9l\u00e9br\u00e9.<\/p>\n<p>La Ville a choisi d\u2019accompagner la donation d\u2019un hommage symbolique\u00a0: un arbre plant\u00e9 la veille portera d\u00e9sormais le nom d\u2019Eug\u00e8ne Pujol, avec une plaque inaugur\u00e9e au printemps. Un second arbre sera implant\u00e9 \u00e0 Pradines, pr\u00e8s de la maison familiale. \u00c0 la sortie de la c\u00e9r\u00e9monie, Claudine Calvet r\u00e9sume l\u2019\u00e9motion du moment. \u00ab\u00a0Il en aurait \u00e9t\u00e9 fier.\u00a0\u00bb<\/p>\n","protected":false},"excerpt":{"rendered":"l&rsquo;essentiel \u00c0 Cahors, les enfants d\u2019Eug\u00e8ne Pujol ont fait don de quarante \u0153uvres du peintre. Une d\u00e9cision m\u00fbrie&hellip;\n","protected":false},"author":2,"featured_media":592107,"comment_status":"","ping_status":"","sticky":false,"template":"","format":"standard","meta":{"footnotes":""},"categories":[1358],"tags":[1348,1384,1385,70521,1386,58,59,1011,27,329,20064,1857],"class_list":{"0":"post-592106","1":"post","2":"type-post","3":"status-publish","4":"format-standard","5":"has-post-thumbnail","7":"category-arts-et-design","8":"tag-arts","9":"tag-arts-and-design","10":"tag-arts-et-design","11":"tag-cahors","12":"tag-design","13":"tag-divertissement","14":"tag-entertainment","15":"tag-fr","16":"tag-france","17":"tag-france-monde","18":"tag-lot","19":"tag-sociu00e9tu00e9"},"share_on_mastodon":{"url":"https:\/\/pubeurope.com\/@fr\/115699227623533385","error":""},"_links":{"self":[{"href":"https:\/\/www.europesays.com\/fr\/wp-json\/wp\/v2\/posts\/592106","targetHints":{"allow":["GET"]}}],"collection":[{"href":"https:\/\/www.europesays.com\/fr\/wp-json\/wp\/v2\/posts"}],"about":[{"href":"https:\/\/www.europesays.com\/fr\/wp-json\/wp\/v2\/types\/post"}],"author":[{"embeddable":true,"href":"https:\/\/www.europesays.com\/fr\/wp-json\/wp\/v2\/users\/2"}],"replies":[{"embeddable":true,"href":"https:\/\/www.europesays.com\/fr\/wp-json\/wp\/v2\/comments?post=592106"}],"version-history":[{"count":0,"href":"https:\/\/www.europesays.com\/fr\/wp-json\/wp\/v2\/posts\/592106\/revisions"}],"wp:featuredmedia":[{"embeddable":true,"href":"https:\/\/www.europesays.com\/fr\/wp-json\/wp\/v2\/media\/592107"}],"wp:attachment":[{"href":"https:\/\/www.europesays.com\/fr\/wp-json\/wp\/v2\/media?parent=592106"}],"wp:term":[{"taxonomy":"category","embeddable":true,"href":"https:\/\/www.europesays.com\/fr\/wp-json\/wp\/v2\/categories?post=592106"},{"taxonomy":"post_tag","embeddable":true,"href":"https:\/\/www.europesays.com\/fr\/wp-json\/wp\/v2\/tags?post=592106"}],"curies":[{"name":"wp","href":"https:\/\/api.w.org\/{rel}","templated":true}]}}