{"id":592118,"date":"2025-12-11T05:21:22","date_gmt":"2025-12-11T05:21:22","guid":{"rendered":"https:\/\/www.europesays.com\/fr\/592118\/"},"modified":"2025-12-11T05:21:22","modified_gmt":"2025-12-11T05:21:22","slug":"cetait-inattendu-twitter-celui-avec-loiseau-bleu-et-sans-elon-musk-pourrait-bientot-faire-son-retour","status":"publish","type":"post","link":"https:\/\/www.europesays.com\/fr\/592118\/","title":{"rendered":"C&rsquo;\u00e9tait inattendu, Twitter (celui avec l&rsquo;oiseau bleu et sans Elon Musk) pourrait bient\u00f4t faire son retour"},"content":{"rendered":"<p>Une start-up a engag\u00e9 l\u2019une des d\u00e9marches administratives les plus ambitieuses de l\u2019histoire r\u00e9cente de la tech. R\u00e9cup\u00e9rer le nom, la marque et l\u2019iconographie de l\u2019ancien Twitter pour lancer un nouveau r\u00e9seau social, assum\u00e9 comme une alternative \u00e0 X, d\u00e9sormais contr\u00f4l\u00e9 par Elon Musk.<\/p>\n<p>Tout commence en juillet 2023 avec un tweet d\u2019Elon Musk.<\/p>\n<p>\u00c0 ce moment\u2011l\u00e0, le milliardaire poss\u00e8de Twitter depuis plusieurs mois d\u00e9j\u00e0 et fanfaronne sur sa propre plateforme : \u00ab Bient\u00f4t, nous dirons adieu \u00e0 la marque Twitter et, peu \u00e0 peu, \u00e0 tous les oiseaux. \u00bb<a href=\"https:\/\/www.thebrandingjournal.com\/2023\/08\/twitter-rebrand-x\/\" target=\"_blank\" rel=\"noreferrer noopener\">\u200b<\/p>\n<p>Et alors que San Francisco <a href=\"https:\/\/www.numerama.com\/tech\/1456974-le-logo-de-x-le-nouveau-twitter-est-il-vraiment-illegal.html\" data-type=\"link\" data-id=\"https:\/\/www.numerama.com\/tech\/1456974-le-logo-de-x-le-nouveau-twitter-est-il-vraiment-illegal.html\" target=\"_blank\" rel=\"noopener\">voit s\u2019\u00e9riger un immense logo X <\/a>scintillant sur le toit du si\u00e8ge du r\u00e9seau social, l\u2019avocat de l\u2019Illinois Michael Peroff y voit une opportunit\u00e9 : r\u00e9cup\u00e9rer le nom et le logo embl\u00e9matiques de Twitter, et pas seulement pour les mettre sous verre.<\/p>\n<p>Derri\u00e8re la cr\u00e9ation de sa soci\u00e9t\u00e9, baptis\u00e9e \u00ab Operation Bluebird \u00bb, il ambitionne de relancer un site calqu\u00e9 sur l\u2019ancien mod\u00e8le de Twitter, avec son identit\u00e9 d\u2019origine.<a href=\"https:\/\/arstechnica.com\/information-technology\/2025\/12\/can-twitter-fly-again-startup-wants-to-pry-iconic-trademark-from-musks-x\/\" target=\"_blank\" rel=\"noreferrer noopener\">\u200b<\/p>\n<p>                <img decoding=\"async\" width=\"1024\" height=\"380\" loading=\"lazy\" alt=\"Anker Batterie Box Partenaire Num D\u00e9cembre\" title=\"Anker Batterie Box Partenaire Num D\u00e9cembre\" class=\"is-block placeholder-default wp-image\" src=\"https:\/\/www.europesays.com\/fr\/wp-content\/uploads\/2025\/12\/anker-batterie-box-partenaire-num-decembre-1024x380.jpg\" \/>            <\/p>\n<p>\n                    Le cadeau parfait est en promo !                 <\/p>\n<p>\n                    C\u2019est bient\u00f4t No\u00ebl ! Anker baisse le prix de sa batterie de 25 000 mAh. Avec ses 2 c\u00e2bles int\u00e9gr\u00e9s et sa puissance totale de 165 watts, elle peut recharger presque tous vos appareils, o\u00f9 que vous soyez.                <\/p>\n<p>Si le projet peut sembler audacieux, Michael Peroff, lui, est persuad\u00e9 d\u2019avoir une carte \u00e0 jouer. \u00c9paul\u00e9 notamment par un ancien conseiller juridique g\u00e9n\u00e9ral de Twitter, il a annonc\u00e9 ce mercredi 10 d\u00e9cembre au m\u00e9dia <a href=\"https:\/\/arstechnica.com\/information-technology\/2025\/12\/can-twitter-fly-again-startup-wants-to-pry-iconic-trademark-from-musks-x\/\" data-type=\"link\" data-id=\"https:\/\/arstechnica.com\/information-technology\/2025\/12\/can-twitter-fly-again-startup-wants-to-pry-iconic-trademark-from-musks-x\/\" target=\"_blank\" rel=\"noreferrer noopener\">Ars Technica<\/a> avoir d\u00e9pos\u00e9 <a href=\"https:\/\/www.documentcloud.org\/documents\/26364751-ttabvue-92090266-can-1\/\" data-type=\"link\" data-id=\"https:\/\/www.documentcloud.org\/documents\/26364751-ttabvue-92090266-can-1\/\" target=\"_blank\" rel=\"noreferrer noopener\">une requ\u00eate<\/a> aupr\u00e8s du Bureau am\u00e9ricain des brevets et des marques, demandant \u00e0 l\u2019agence f\u00e9d\u00e9rale d\u2019acter l\u2019abandon par X Corporation des termes \u00ab Twitter \u00bb et \u00ab tweet \u00bb.\u200b<\/p>\n<blockquote class=\"twitter-tweet\" data-width=\"500\" data-dnt=\"true\">\n<p lang=\"en\" dir=\"ltr\">And soon we shall bid adieu to the twitter brand and, gradually, all the birds<\/p>\n<p>\u2014 Elon Musk (@elonmusk) <a href=\"https:\/\/twitter.com\/elonmusk\/status\/1682964919325724673?ref_src=twsrc%5Etfw\" target=\"_blank\" rel=\"noopener\">July 23, 2023<\/a><\/p><\/blockquote>\n<p>            Ce contenu est bloqu\u00e9 car vous n\u2019avez pas accept\u00e9 les cookies et autres traceurs. Ce contenu est fourni par Twitter.<br \/>Pour pouvoir le visualiser, vous devez accepter l\u2019usage \u00e9tant op\u00e9r\u00e9 par Twitter avec vos donn\u00e9es qui pourront \u00eatre utilis\u00e9es pour les finalit\u00e9s suivantes : vous permettre de visualiser et de partager des contenus avec des m\u00e9dias sociaux, favoriser le d\u00e9veloppement et l\u2019am\u00e9lioration des produits d\u2019Humanoid et de ses partenaires, vous afficher des publicit\u00e9s personnalis\u00e9es par rapport \u00e0 votre profil et activit\u00e9, vous d\u00e9finir un profil publicitaire personnalis\u00e9, mesurer la performance des publicit\u00e9s et du contenu de ce site et mesurer l\u2019audience de ce site <a href=\"#\" class=\"js-privacy\" target=\"_blank\">(en savoir plus)<\/a>        <\/p>\n<p>            En cliquant sur \u00ab J\u2019accepte tout \u00bb, vous consentez aux finalit\u00e9s susmentionn\u00e9es pour l\u2019ensemble des cookies et autres traceurs d\u00e9pos\u00e9s par Humanoid et <a class=\"embed-consent-overlay-vendors-link\" href=\"#preferences-vendeurs\">ses partenaires<\/a>.        <\/p>\n<p>            Vous gardez la possibilit\u00e9 de retirer votre consentement \u00e0 tout moment. Pour plus d\u2019informations, nous vous invitons \u00e0 prendre connaissance de notre <a href=\"https:\/\/www.numerama.com\/politique-cookies\" target=\"_blank\" rel=\"noopener\">Politique cookies<\/a>.        <\/p>\n<p>        J\u2019accepte tout    <\/p>\n<p class=\"embed-consent-overlay-manage-choices\">        <a href=\"#preferences-publicitaires\">G\u00e9rer mes choix<\/a>    <\/p>\n<p>Un site d\u00e9j\u00e0 en ligne<\/p>\n<p>Les fondateurs d\u2019Operation Bluebird affirment que \u00ab les marques TWITTER et TWEET ont \u00e9t\u00e9 retir\u00e9es des produits, services et actions marketing de X Corp., abandonnant de fait cette marque embl\u00e9matique, sans intention de la r\u00e9utiliser \u00bb, lit-on dans la p\u00e9tition qu\u2019ils ont d\u00e9pos\u00e9e aupr\u00e8s des autorit\u00e9s am\u00e9ricaines.\u200b<\/p>\n<p>En attendant qu\u2019un juge tranche, la start\u2011up n\u2019a pas perdu de temps : un site <a href=\"https:\/\/www.twitter.new\/\" data-type=\"link\" data-id=\"https:\/\/www.twitter.new\/\" target=\"_blank\" rel=\"noreferrer noopener\">twitter.new est d\u00e9j\u00e0 en ligne<\/a>, o\u00f9 les internautes peuvent r\u00e9server leur futur identifiant. Une version approximative du c\u00e9l\u00e8bre oiseau bleu s\u2019affiche en favicon, tandis que le slogan \u00ab #backwithyourex \u00bb appara\u00eet en blanc sur fond bleu clair.<a href=\"https:\/\/arstechnica.com\/information-technology\/2025\/12\/can-twitter-fly-again-startup-wants-to-pry-iconic-trademark-from-musks-x\/\" target=\"_blank\" rel=\"noreferrer noopener\">\u200b<\/p>\n<p>Reste une question centrale : cette offensive a\u2011t\u2011elle r\u00e9ellement une chance d\u2019aboutir ? Interrog\u00e9s par Ars Technica, des sp\u00e9cialistes du droit des marques se montrent prudemment optimistes. Mark Lemley, professeur \u00e0 Stanford, juge conforme au droit l\u2019id\u00e9e que quelqu\u2019un d\u2019autre puisse r\u00e9cup\u00e9rer un nom pourtant encore associ\u00e9 \u00e0 l\u2019ancien r\u00e9seau social.<\/p>\n<p><a href=\"https:\/\/www.numerama.com\/wp-content\/uploads\/2023\/07\/logo-twitter.jpg\" target=\"_blank\" rel=\"noopener\"><img decoding=\"async\" width=\"1024\" height=\"576\" loading=\"lazy\" alt=\"logo twitter\" title=\"logo twitter\" class=\"wp-image-1456376 placeholder-default wp-image\" src=\"https:\/\/www.europesays.com\/fr\/wp-content\/uploads\/2025\/12\/logo-twitter-1024x576.jpg\" \/><\/a>Le retour de l\u2019oiseau bleu ? \/\/ Source : Twitter avec Canva<\/p>\n<p>Une analyse partag\u00e9e par l\u2019avocat californien Mark Jaffe, qui estime qu\u2019il sera difficile de contrer un argument solide d\u2019abandon de marque.<a href=\"https:\/\/arstechnica.com\/information-technology\/2025\/12\/can-twitter-fly-again-startup-wants-to-pry-iconic-trademark-from-musks-x\/\" target=\"_blank\" rel=\"noreferrer noopener\">\u200b<\/p>\n<p>Les deux experts temp\u00e8rent cependant les espoirs, rappelant que la soci\u00e9t\u00e9 X ne manquera pas de se d\u00e9fendre en soutenant, par exemple, qu\u2019elle entend r\u00e9utiliser \u00e0 terme la marque Twitter ou le vocabulaire qui l\u2019accompagne.<\/p>\n<p>Une opportunit\u00e9 pour les annonceurs ?<\/p>\n<p>Operation Bluebird se tient pr\u00eate : ses fondateurs assurent qu\u2019ils seraient capables de lancer un nouveau r\u00e9seau social d\u00e8s la fin de l\u2019ann\u00e9e 2026.<\/p>\n<p>Ils promettent une plateforme \u00ab plus responsable \u00bb et affirment avoir d\u00e9j\u00e0 imagin\u00e9 des outils de mod\u00e9ration en phase avec cet objectif.<a href=\"https:\/\/arstechnica.com\/information-technology\/2025\/12\/can-twitter-fly-again-startup-wants-to-pry-iconic-trademark-from-musks-x\/\" target=\"_blank\" rel=\"noreferrer noopener\">\u200b<\/p>\n<p>L\u2019ambition n\u2019est toutefois pas uniquement \u00e9thique. Michael Peroff explique vouloir s\u00e9duire les annonceurs en qu\u00eate d\u2019alternative cr\u00e9dible, alors que nombre de marques se montrent d\u00e9sormais r\u00e9ticentes \u00e0 investir sur la plateforme d\u00e9tenue par Elon Musk.<\/p>\n<p>            <img decoding=\"async\" src=\"https:\/\/www.europesays.com\/fr\/wp-content\/uploads\/2025\/04\/iPhone-16-pro.png\" alt=\"Toute l'actu tech en un clien d'oeil\"\/><\/p>\n<p class=\"card-install-pwa__title\">Toute l&rsquo;actu tech en un clin d&rsquo;\u0153il<\/p>\n<p class=\"card-install-pwa__description\">Ajoutez Numerama \u00e0 votre \u00e9cran d&rsquo;accueil et restez connect\u00e9s au futur !<\/p>\n<p>            <img decoding=\"async\" src=\"https:\/\/www.numerama.com\/wp-content\/themes\/numerama-next\/assets\/images\/premium\/logo-card-pwa-coupe.svg\" alt=\"Logo PWA\"\/><\/p>\n<p>       Installer Numerama<\/p>\n<p>        <script async src=\"https:\/\/platform.twitter.com\/widgets.js\" charset=\"utf-8\"><\/script><\/p>\n","protected":false},"excerpt":{"rendered":"Une start-up a engag\u00e9 l\u2019une des d\u00e9marches administratives les plus ambitieuses de l\u2019histoire r\u00e9cente de la tech. R\u00e9cup\u00e9rer&hellip;\n","protected":false},"author":2,"featured_media":592119,"comment_status":"","ping_status":"","sticky":false,"template":"","format":"standard","meta":{"footnotes":""},"categories":[7],"tags":[46,1011,27,43,40,41,39,42,44,6814,16427],"class_list":{"0":"post-592118","1":"post","2":"type-post","3":"status-publish","4":"format-standard","5":"has-post-thumbnail","7":"category-sciences-et-technologies","8":"tag-elon-musk","9":"tag-fr","10":"tag-france","11":"tag-science","12":"tag-science-and-technology","13":"tag-sciences","14":"tag-sciences-et-technologies","15":"tag-technologies","16":"tag-technology","17":"tag-twitter","18":"tag-x-twitter"},"share_on_mastodon":{"url":"https:\/\/pubeurope.com\/@fr\/115699259878868708","error":""},"_links":{"self":[{"href":"https:\/\/www.europesays.com\/fr\/wp-json\/wp\/v2\/posts\/592118","targetHints":{"allow":["GET"]}}],"collection":[{"href":"https:\/\/www.europesays.com\/fr\/wp-json\/wp\/v2\/posts"}],"about":[{"href":"https:\/\/www.europesays.com\/fr\/wp-json\/wp\/v2\/types\/post"}],"author":[{"embeddable":true,"href":"https:\/\/www.europesays.com\/fr\/wp-json\/wp\/v2\/users\/2"}],"replies":[{"embeddable":true,"href":"https:\/\/www.europesays.com\/fr\/wp-json\/wp\/v2\/comments?post=592118"}],"version-history":[{"count":0,"href":"https:\/\/www.europesays.com\/fr\/wp-json\/wp\/v2\/posts\/592118\/revisions"}],"wp:featuredmedia":[{"embeddable":true,"href":"https:\/\/www.europesays.com\/fr\/wp-json\/wp\/v2\/media\/592119"}],"wp:attachment":[{"href":"https:\/\/www.europesays.com\/fr\/wp-json\/wp\/v2\/media?parent=592118"}],"wp:term":[{"taxonomy":"category","embeddable":true,"href":"https:\/\/www.europesays.com\/fr\/wp-json\/wp\/v2\/categories?post=592118"},{"taxonomy":"post_tag","embeddable":true,"href":"https:\/\/www.europesays.com\/fr\/wp-json\/wp\/v2\/tags?post=592118"}],"curies":[{"name":"wp","href":"https:\/\/api.w.org\/{rel}","templated":true}]}}