{"id":592122,"date":"2025-12-11T05:23:13","date_gmt":"2025-12-11T05:23:13","guid":{"rendered":"https:\/\/www.europesays.com\/fr\/592122\/"},"modified":"2025-12-11T05:23:13","modified_gmt":"2025-12-11T05:23:13","slug":"apres-la-prise-duvira-jusquou-iront-les-rebelles-de-lafc-m23-liberation","status":"publish","type":"post","link":"https:\/\/www.europesays.com\/fr\/592122\/","title":{"rendered":"apr\u00e8s la prise d\u2019Uvira, jusqu\u2019o\u00f9 iront les rebelles de l\u2019AFC-M23\u00a0? \u2013 Lib\u00e9ration"},"content":{"rendered":"<p class=\"sc-cPiKLX AiZTS text-element\">En fond sonore, on per\u00e7oit distinctement le cr\u00e9pitement des balles. \u00abDehors, il y a des affrontements, \u00e7a tire\u00bb, confirme un p\u00e8re de famille, terr\u00e9 chez lui et contact\u00e9 ce mercredi 10 d\u00e9cembre \u00e0 Uvira, ville de plus d\u2019un million d\u2019habitants, situ\u00e9e \u00e0 l\u2019est de la r\u00e9publique d\u00e9mocratique du Congo (RDC). Dans la nuit de mardi \u00e0 mercredi, les rebelles de l\u2019AFC-M23 \u2013 qui depuis le d\u00e9but de l\u2019ann\u00e9e ont conquis une vaste partie des r\u00e9gions du Nord et Sud-Kivu \u2013 se sont \u00e9galement empar\u00e9s d\u2019Uvira, sur les bords du lac Tanganyika, \u00e0 la fronti\u00e8re avec le Burundi. Officiellement, la ville a \u00e9t\u00e9 conquise sans combat. Mais sur place, la situation est moins \u00e9vidente.<\/p>\n<p class=\"sc-cPiKLX AiZTS text-element\">Certes, depuis lundi, les forces gouvernementales, les Forces arm\u00e9es de la r\u00e9publique d\u00e9mocratique du Congo (FARDC), et leurs suppl\u00e9tifs civils, baptis\u00e9s wazalendo (\u00ables patriotes\u00bb en swahili) ont massivement quitt\u00e9 cette cit\u00e9 lacustre. Traversant en pagaille la fronti\u00e8re du Burundi voisin, dont la capitale, Bujumbura, se trouve juste en face sur l\u2019autre rive du lac. Ou bien embarquant dans des bateaux surcharg\u00e9s, pour rejoindre plus au sud la ville congolaise de Kalemie.<\/p>\n<p class=\"sc-cPiKLX AiZTS text-element\">Des milliers de civils ont emprunt\u00e9 la m\u00eame route, fuyant devant l\u2019avanc\u00e9e de ces rebelles, qui sont soutenus par \u00abau moins 6 000 \u00e0 7 000 militaires rwandais\u00bb, <a href=\"https:\/\/www.liberation.fr\/international\/afrique\/les-nations-unies-accusent-larmee-du-rwanda-davoir-pris-part-directement-a-des-exactions-dans-lest-de-la-rdc-20251207_D6PBUVKGLVBX5MM7YQO7DNWT3Q\/\" target=\"_blank\" rel=\"noopener\" title=\"https:\/\/www.liberation.fr\/international\/afrique\/les-nations-unies-accusent-larmee-du-rwanda-davoir-pris-part-directement-a-des-exactions-dans-lest-de-la-rdc-20251207_D6PBUVKGLVBX5MM7YQO7DNWT3Q\/\">selon un r\u00e9cent rapport de l\u2019ONU<\/a>, venus de l\u2019autre petit pays voisin. Lequel a d\u00fb lui aussi ouvrir ses fronti\u00e8res \u00e0 plus d\u2019un millier de r\u00e9fugi\u00e9s congolais, arriv\u00e9s d\u2019Uvira, depuis le d\u00e9but de la semaine. D\u00e8s mardi, les Etats-Unis et l\u2019Union europ\u00e9enne ont exhort\u00e9 le M23 et le Rwanda \u00e0 arr\u00eater cette offensive. Qui en est responsable ? Chaque camp se renvoie la responsabilit\u00e9 de la violation d\u2019un cessez-le-feu, depuis longtemps illusoire.<\/p>\n<p class=\"sc-cPiKLX AiZTS text-element\">Les combats avaient d\u2019ailleurs d\u00e9j\u00e0 redoubl\u00e9 d\u2019intensit\u00e9 ce 4 d\u00e9cembre lorsqu\u2019un accord de paix a \u00e9t\u00e9 sign\u00e9 \u00e0 Washington, entre le Rwanda et la RDC, sous l\u2019\u00e9gide de Donald Trump, sans visiblement troubler cette c\u00e9r\u00e9monie <a href=\"https:\/\/www.liberation.fr\/international\/afrique\/accord-de-paix-rdc-rwanda-la-peur-imposee-par-trump-finira-t-elle-par-mettre-un-terme-a-la-guerre-20251205_B6NE64U635GHRCRQED3NLL2PME\/\" target=\"_blank\" rel=\"noopener\" title=\"https:\/\/www.liberation.fr\/international\/afrique\/accord-de-paix-rdc-rwanda-la-peur-imposee-par-trump-finira-t-elle-par-mettre-un-terme-a-la-guerre-20251205_B6NE64U635GHRCRQED3NLL2PME\/\">au cours de laquelle les protagonistes, les pr\u00e9sidents rwandais et congolais, avaient du mal \u00e0 cacher leur animosit\u00e9 r\u00e9ciproque<\/a>.<\/p>\n<p class=\"sc-cPiKLX AiZTS text-element\">La guerre s\u2019impose donc \u00e0 nouveau, marqu\u00e9e en r\u00e9alit\u00e9, depuis au moins trois semaines, par des bombardements f\u00e9roces, pr\u00e9c\u00e9dant la prise d\u2019Uvira. Sans oublier cette \u00e9tonnante sc\u00e8ne d\u2019un h\u00e9licopt\u00e8re de combat des forces gouvernementales abattu samedi, qui s\u2019est \u00e9chou\u00e9 dans le lac Tanganyika avec \u00e0 son bord des mercenaires blancs, dont l\u2019un est d\u00e9c\u00e9d\u00e9, ramen\u00e9 en pirogue sur la rive. En r\u00e9alit\u00e9, aucun camp ne croyait \u00e0 la paix.<\/p>\n<p class=\"sc-cPiKLX AiZTS text-element\">D\u00e9sormais, cette r\u00e9gion tourment\u00e9e offre une fois de plus l\u2019image d\u00e9solante de d\u00e9placements massifs de familles affubl\u00e9es de sacs, de paniers ou de matelas, jet\u00e9es sur les routes, m\u00eal\u00e9es aux hommes en armes. Au moins 30 000 personnes auraient franchi la fronti\u00e8re avec le Burundi avant qu\u2019elle ne soit ferm\u00e9e ce mercredi \u00e0 la mi-journ\u00e9e. Parmi ceux qui fuient, il y avait aussi plusieurs milliers de militaires burundais, quittant subitement le th\u00e9\u00e2tre des op\u00e9rations. Ils auraient \u00e9t\u00e9 pr\u00e8s de 20 000 \u00e0 combattre aux c\u00f4t\u00e9s des forces gouvernementales, toujours selon les derniers rapports de l\u2019ONU. Uvira \u00e9tait le hub militaire de cette coalition, d\u00e9sormais en d\u00e9route, regroupant les FARDC, les wazalendos et l\u2019arm\u00e9e burundaise.<\/p>\n<p class=\"sc-cPiKLX AiZTS text-element\">Coinc\u00e9 dans un quartier populaire, notre p\u00e8re de famille, qui souhaite rester anonyme par crainte pour sa s\u00e9curit\u00e9, n\u2019a pas eu, lui, \u00ables moyens financiers\u00bb pour fuir. Il assistant impuissant depuis chez lui aux affrontements entre les rebelles et les derniers irr\u00e9ductibles wazalendos qui ont refus\u00e9 de fuir. Il n\u2019a pas vraiment d\u2019opinion sur ces rebelles, qu\u2019il ne conna\u00eet pas.<\/p>\n<p class=\"sc-cPiKLX AiZTS text-element\">\u00abOn verra bien. Mais est-ce que nous, la population d\u2019Uvira, nous avons le choix de toute fa\u00e7on ?\u00bb s\u2019interroge-t-il prudemment. En revanche, il est soulag\u00e9 de voir <a href=\"https:\/\/www.liberation.fr\/international\/afrique\/rdc-a-uvira-les-miliciens-font-la-loi-20250916_5UNKA3XF4ZGXJHS7IBYURTI2CM\/\" target=\"_blank\" rel=\"noopener\" title=\"https:\/\/www.liberation.fr\/international\/afrique\/rdc-a-uvira-les-miliciens-font-la-loi-20250916_5UNKA3XF4ZGXJHS7IBYURTI2CM\/\">la fin du r\u00e8gne des wazalendos en ville, qui avaient fini par prendre l\u2019ascendant sur les FARDC<\/a>. Ces derniers ont impos\u00e9 \u00abla terreur, \u00e0 travers le racket des habitants, des arrestations arbitraires, et m\u00eame des meurtres, toujours impunis\u00bb, \u00e9num\u00e8re cet homme. L\u2019un de ses fils a \u00e9t\u00e9 tu\u00e9 par les wazalendos en f\u00e9vrier. \u00abPour la simple raison que son physique ressemblait au st\u00e9r\u00e9otype du Tutsi\u00bb, murmure-t-il, en \u00e9voquant cette minorit\u00e9 ethnique souvent stigmatis\u00e9e en RDC, apr\u00e8s avoir \u00e9t\u00e9 victime d\u2019un g\u00e9nocide en 1994 au Rwanda.<\/p>\n<p class=\"sc-cPiKLX AiZTS text-element\">Mais malgr\u00e9 l\u2019exode des combattants, militaires comme civils, ces derniers jours, se d\u00e9barrasser des wazalendos d\u2019Uvira ne sera pas ais\u00e9. <a href=\"https:\/\/www.liberation.fr\/international\/afrique\/rdc-le-destin-suspendu-de-goma-mobilise-la-communaute-internationale-20250127_AUNX72VEL5F2PGS3JVSDXQOCHY\/\" target=\"_blank\" rel=\"noopener\" title=\"https:\/\/www.liberation.fr\/international\/afrique\/rdc-le-destin-suspendu-de-goma-mobilise-la-communaute-internationale-20250127_AUNX72VEL5F2PGS3JVSDXQOCHY\/\">Bien plus que Goma ou Bukavu, capitales du Nord et du Sud-Kivu conquises par le M23 en janvier et f\u00e9vrier<\/a>, Uvira est en effet une ville depuis longtemps militaris\u00e9e. Et mobilis\u00e9e.<\/p>\n<p class=\"sc-cPiKLX AiZTS text-element\">\u00abA Uvira, ce sont nos propres enfants qui ont rejoint massivement les rangs des wazalendos. S\u00e9duits par la perspective d\u2019avoir une arme, et donc le pouvoir. Ce n\u2019\u00e9tait pas le cas, aussi massivement, \u00e0 Goma ou Bukavu\u00bb, explique un autre r\u00e9sident. \u00abOn leur a lav\u00e9 le cerveau dans cette ville qui fut le fief de tous les politiciens extr\u00e9mistes. Depuis hier, ceux qui restent sur place ont repris leurs habits civils. Et qui va d\u00e9noncer un fr\u00e8re, un cousin, un fils ? M\u00eame s\u2019ils peuvent \u00eatre tent\u00e9s de s\u2019attaquer aux nouveaux ma\u00eetres de la ville, qui riposteront sans distinction sur ces pseudos civils, au risque de tuer aussi des innocents\u00bb, s\u2019inqui\u00e8te-t-il.<\/p>\n<p class=\"sc-cPiKLX AiZTS text-element\">La situation n\u2019est gu\u00e8re plus r\u00e9jouissante au Burundi voisin, soudain d\u00e9bord\u00e9 par l\u2019arriv\u00e9e de ces flux de r\u00e9fugi\u00e9s. Des civils, mais aussi des hommes en armes, parfois encore anim\u00e9s de d\u00e9sirs de revanche. Alors m\u00eame que la d\u00e9route des militaires burundais, dont plusieurs centaines ont \u00e9t\u00e9 faits prisonniers, constitue \u00abune humiliation nationale\u00bb, constate un avocat des droits de l\u2019homme burundais. Dans un pays qui a choisi de s\u2019allier \u00e0 Kinshasa, mais dont le r\u00e9gime autoritaire est en r\u00e9alit\u00e9 affaibli par des clivages internes et une crise \u00e9conomique asphyxiante. En principe, les wazalendos qui ont fui au Burundi ont \u00e9t\u00e9 d\u00e9sarm\u00e9s \u00e0 la fronti\u00e8re. \u00abMais que va-t-on faire de tous ces combattants qui ont d\u00e9barqu\u00e9 dans le pays ? Alors que trouver une nouvelle arme au Burundi est tr\u00e8s facile. C\u2019est explosif\u00bb, insiste notre interlocuteur.<\/p>\n<p class=\"sc-cPiKLX AiZTS text-element\">\u00abContrairement \u00e0 ce que proclament les autorit\u00e9s burundaises, nous n\u2019avons aucune intention d\u2019attaquer le Burundi\u00bb, affirme de son c\u00f4t\u00e9 Adam Chalwe Munkutu, cofondateur de l\u2019Alliance fleuve Congo (AFC). Cr\u00e9\u00e9e en d\u00e9cembre 2023 par des opposants au r\u00e9gime de Kinshasa, la coalition a aussit\u00f4t \u00e9t\u00e9 associ\u00e9e au M23, mouvement rebelle plus ancien, en guerre contre le m\u00eame r\u00e9gime depuis 2021. \u00abNotre seul objectif c\u2019est de chasser le pr\u00e9sident F\u00e9lix Tshisekedi du pouvoir\u00bb, ass\u00e8ne-t-il encore.<\/p>\n<p class=\"sc-cPiKLX AiZTS text-element\">Lui-m\u00eame longtemps affili\u00e9 au parti <a href=\"https:\/\/www.liberation.fr\/international\/afrique\/a-kinshasa-le-proces-tres-politique-de-lancien-president-joseph-kabila-20250807_Z7PVM4FFJBCR3B4KAKVQ6FYGEY\/\" target=\"_blank\" rel=\"noopener\" title=\"https:\/\/www.liberation.fr\/international\/afrique\/a-kinshasa-le-proces-tres-politique-de-lancien-president-joseph-kabila-20250807_Z7PVM4FFJBCR3B4KAKVQ6FYGEY\/\">de l\u2019ancien pr\u00e9sident Joseph Kabila<\/a>, il assure que de nombreux opposants congolais rejoignent cette coalition entre les d\u00e9fenseurs de la minorit\u00e9 tutsie stigmatis\u00e9e, fer de lance du M23, et l\u2019AFC, compos\u00e9e d\u2019opposants, mais aussi d\u2019anciens alli\u00e9s du pr\u00e9sident Tshisekedi. Le soutien du Rwanda ? \u00abEn quoi 7 000 militaires rwandais feraient-ils la diff\u00e9rence ? Face \u00e0 une coalition gouvernementale appuy\u00e9e par 20 000 militaires burundais ? Depuis janvier, nous avons par ailleurs recrut\u00e9 et form\u00e9 plus de 13 000 hommes, souvent issus des FARDC\u00bb, balaye Chalwe Munkutu.<\/p>\n<p class=\"sc-cPiKLX AiZTS text-element\">Lequel semble apparemment peu effray\u00e9 par les exhortations occidentales : \u00abNous ne sommes pas concern\u00e9s par l\u2019accord de paix, conclu \u00e0 Washington o\u00f9 nous n\u2019\u00e9tions pas invit\u00e9s. Nous discutons en revanche depuis des mois \u00e0 Doha au Qatar avec le gouvernement congolais sans obtenir aucune avanc\u00e9e. En avril, nous nous sommes retir\u00e9s de la r\u00e9gion de Walikale. Pour quel b\u00e9n\u00e9fice ? Rien ! On discute, mais moi, je reste condamn\u00e9 \u00e0 mort par contumace \u00e0 Kinshasa, de m\u00eame que notre coordinateur, Corneille Nangaa, dont 19 proches ont \u00e9t\u00e9 emprisonn\u00e9s\u00bb, rappelle-t-il.<\/p>\n<p class=\"sc-cPiKLX AiZTS text-element\">\u00abNous avons pris Uvira, apr\u00e8s avoir observ\u00e9 la pr\u00e9paration d\u2019une vaste offensive contre nous, \u00e0 partir de cette ville et de renforts arriv\u00e9s \u00e0 l\u2019a\u00e9roport de Bujumbura\u00bb, ajoute Chalwe Munkutu. Curieusement \u00e0 Kinshasa, plusieurs heures apr\u00e8s la chute d\u2019Uvira, les autorit\u00e9s niaient toujours et parlaient de propagande. Celle r\u00e9guli\u00e8rement d\u00e9sign\u00e9e sous le nom de \u00abpoison rwandais\u00bb. La reprise des n\u00e9gociations, pr\u00e9vue \u00e0 Doha ce jeudi, a \u00e9t\u00e9 annul\u00e9e.<\/p>\n","protected":false},"excerpt":{"rendered":"En fond sonore, on per\u00e7oit distinctement le cr\u00e9pitement des balles. \u00abDehors, il y a des affrontements, \u00e7a tire\u00bb,&hellip;\n","protected":false},"author":2,"featured_media":592123,"comment_status":"","ping_status":"","sticky":false,"template":"","format":"standard","meta":{"footnotes":""},"categories":[5],"tags":[11,879,70522,1011,27,14,12,4456,15568,28],"class_list":{"0":"post-592122","1":"post","2":"type-post","3":"status-publish","4":"format-standard","5":"has-post-thumbnail","7":"category-international","8":"tag-actualites","9":"tag-afrique","10":"tag-burundi","11":"tag-fr","12":"tag-france","13":"tag-international","14":"tag-news","15":"tag-republique-democratique-du-congo","16":"tag-rwanda","17":"tag-world"},"share_on_mastodon":{"url":"https:\/\/pubeurope.com\/@fr\/115699266792282204","error":""},"_links":{"self":[{"href":"https:\/\/www.europesays.com\/fr\/wp-json\/wp\/v2\/posts\/592122","targetHints":{"allow":["GET"]}}],"collection":[{"href":"https:\/\/www.europesays.com\/fr\/wp-json\/wp\/v2\/posts"}],"about":[{"href":"https:\/\/www.europesays.com\/fr\/wp-json\/wp\/v2\/types\/post"}],"author":[{"embeddable":true,"href":"https:\/\/www.europesays.com\/fr\/wp-json\/wp\/v2\/users\/2"}],"replies":[{"embeddable":true,"href":"https:\/\/www.europesays.com\/fr\/wp-json\/wp\/v2\/comments?post=592122"}],"version-history":[{"count":0,"href":"https:\/\/www.europesays.com\/fr\/wp-json\/wp\/v2\/posts\/592122\/revisions"}],"wp:featuredmedia":[{"embeddable":true,"href":"https:\/\/www.europesays.com\/fr\/wp-json\/wp\/v2\/media\/592123"}],"wp:attachment":[{"href":"https:\/\/www.europesays.com\/fr\/wp-json\/wp\/v2\/media?parent=592122"}],"wp:term":[{"taxonomy":"category","embeddable":true,"href":"https:\/\/www.europesays.com\/fr\/wp-json\/wp\/v2\/categories?post=592122"},{"taxonomy":"post_tag","embeddable":true,"href":"https:\/\/www.europesays.com\/fr\/wp-json\/wp\/v2\/tags?post=592122"}],"curies":[{"name":"wp","href":"https:\/\/api.w.org\/{rel}","templated":true}]}}