{"id":59213,"date":"2025-04-28T12:26:09","date_gmt":"2025-04-28T12:26:09","guid":{"rendered":"https:\/\/www.europesays.com\/fr\/59213\/"},"modified":"2025-04-28T12:26:09","modified_gmt":"2025-04-28T12:26:09","slug":"seichamps-salon-autour-du-livre-rencontres-et-ateliers-creatifs","status":"publish","type":"post","link":"https:\/\/www.europesays.com\/fr\/59213\/","title":{"rendered":"Seichamps. Salon \u00ab\u00a0Autour du Livre\u00a0\u00bb\u00a0: rencontres et ateliers cr\u00e9atifs"},"content":{"rendered":"<p>Le plaisir d\u2019\u00e9crire, c\u2019est aussi le plaisir d\u2019\u00eatre lu\u00a0\u00bb rappelait l\u2019affiche des \u00e9ditions Rebelyne.<\/p>\n<p>Bernard Colin, le fondateur il y a 21 ans de cette maison d\u2019\u00e9dition de Neuves-Maisons, \u00e9tait pr\u00e9sent au centre socioculturel, dimanche, pour la 13e \u00e9dition du salon Autour du Livre qui a rassembl\u00e9 une quarantaine d\u2019auteurs et illustrateurs et a attir\u00e9 250 visiteurs.<\/p>\n<p>Il \u00e9tait entour\u00e9 de John Bullit avec un recueil&#8230;<\/p>\n","protected":false},"excerpt":{"rendered":"Le plaisir d\u2019\u00e9crire, c\u2019est aussi le plaisir d\u2019\u00eatre lu\u00a0\u00bb rappelait l\u2019affiche des \u00e9ditions Rebelyne. Bernard Colin, le fondateur&hellip;\n","protected":false},"author":2,"featured_media":59214,"comment_status":"","ping_status":"","sticky":false,"template":"","format":"standard","meta":{"footnotes":""},"categories":[1357],"tags":[1379,1687,58,1704,59,1011,27,1380,2410,11362,13654],"class_list":{"0":"post-59213","1":"post","2":"type-post","3":"status-publish","4":"format-standard","5":"has-post-thumbnail","7":"category-livres","8":"tag-books","9":"tag-culture-loisirs","10":"tag-divertissement","11":"tag-edition-nancy-et-agglomeration","12":"tag-entertainment","13":"tag-fr","14":"tag-france","15":"tag-livres","16":"tag-livres-bd","17":"tag-metropole-du-grand-nancy-54b3","18":"tag-seichamps"},"share_on_mastodon":{"url":"https:\/\/pubeurope.com\/@fr\/114415585455033251","error":""},"_links":{"self":[{"href":"https:\/\/www.europesays.com\/fr\/wp-json\/wp\/v2\/posts\/59213","targetHints":{"allow":["GET"]}}],"collection":[{"href":"https:\/\/www.europesays.com\/fr\/wp-json\/wp\/v2\/posts"}],"about":[{"href":"https:\/\/www.europesays.com\/fr\/wp-json\/wp\/v2\/types\/post"}],"author":[{"embeddable":true,"href":"https:\/\/www.europesays.com\/fr\/wp-json\/wp\/v2\/users\/2"}],"replies":[{"embeddable":true,"href":"https:\/\/www.europesays.com\/fr\/wp-json\/wp\/v2\/comments?post=59213"}],"version-history":[{"count":0,"href":"https:\/\/www.europesays.com\/fr\/wp-json\/wp\/v2\/posts\/59213\/revisions"}],"wp:featuredmedia":[{"embeddable":true,"href":"https:\/\/www.europesays.com\/fr\/wp-json\/wp\/v2\/media\/59214"}],"wp:attachment":[{"href":"https:\/\/www.europesays.com\/fr\/wp-json\/wp\/v2\/media?parent=59213"}],"wp:term":[{"taxonomy":"category","embeddable":true,"href":"https:\/\/www.europesays.com\/fr\/wp-json\/wp\/v2\/categories?post=59213"},{"taxonomy":"post_tag","embeddable":true,"href":"https:\/\/www.europesays.com\/fr\/wp-json\/wp\/v2\/tags?post=59213"}],"curies":[{"name":"wp","href":"https:\/\/api.w.org\/{rel}","templated":true}]}}